{"id":23123,"date":"2025-04-10T16:54:32","date_gmt":"2025-04-10T19:54:32","guid":{"rendered":"https:\/\/radiobitacora.com.ar\/web\/?p=23123"},"modified":"2025-04-10T16:54:32","modified_gmt":"2025-04-10T19:54:32","slug":"el-nuevo-guino-de-alpine-a-colapinto-antes-del-gran-premio-de-bahrein","status":"publish","type":"post","link":"https:\/\/radiobitacora.com.ar\/web\/2025\/04\/10\/el-nuevo-guino-de-alpine-a-colapinto-antes-del-gran-premio-de-bahrein\/","title":{"rendered":"El nuevo gui\u00f1o de Alpine a Colapinto antes del Gran Premio de Bahr\u00e9in"},"content":{"rendered":"<p>Este fin de semana se disputar\u00e1 el Gran Premio de Bahr\u00e9in, cuarta carrera de la temporada de la F\u00f3rmula 1. Y aunque todo indica que Franco Colapinto no viajar\u00e1 como piloto de reserva, sino que reci\u00e9n regresar\u00e1 para el Gran Premio de Arabia Saudita, Alpine hizo un nuevo gui\u00f1o al argentino, que aspira a ocupar el lugar de Jack Doohan como piloto titular.<\/p>\n<p>En sus redes sociales, la escuder\u00eda francesa public\u00f3 un video donde muestra a sus seguidores, a trav\u00e9s de un simulador, c\u00f3mo es el circuito ubicado en Sakhir. Y el encargado de recorrerlo, igual que sucedi\u00f3 antes del GP de Australia, fue Colapinto.<\/p>\n<p>&#8220;Hola, chicos. Aqu\u00ed Franco. Ahora es tiempo de Bahr\u00e9in. Sol\u00eda ser la primera carrera del a\u00f1o, pero ya no. Es una pista realmente genial, pero tambi\u00e9n muy dif\u00edcil&#8221;, dice el argentino, en ingl\u00e9s, en el video.<\/p>\n<p>&#8220;La pista es muy buena, pero tambi\u00e9n muy dif\u00edcil con la degradaci\u00f3n, por lo que es muy importante gestionar bien los neum\u00e1ticos&#8221;, explic\u00f3 Colapinto, que en 2022 logr\u00f3 un quinto puesto en ese circuito en su debut en la F\u00f3rmula 3, y que en 2024 fue sexto en la F\u00f3rmula 2, sumando puntos por primera vez en la categor\u00eda.<\/p>\n<p><strong>La fuerte respuesta de un piloto de Alpine sobre su relaci\u00f3n con Colapinto: &#8220;No hay amistad&#8221;<\/strong><\/p>\n<p>Tras un mal arranque de temporada en la F\u00f3rmula 1, donde es hasta ahora el \u00fanico equipo que no pudo sumar puntos, en Alpine la competencia interna est\u00e1 al rojo vivo. Con Jack Doohan en la mira, Franco Colapinto aparece como el principal candidato a reemplazarlo, aunque el estonio Paul Aaron tambi\u00e9n quiere dar pelea. Y en las \u00faltimas horas, el europeo dio una sorpresiva declaraci\u00f3n sobre su relaci\u00f3n con sus compa\u00f1eros.<\/p>\n<p>Aaron, uno de los tres pilotos de reserva de la escuder\u00eda francesa junto a Colapinto y al indio Kush Maini, asegur\u00f3 que hay una competitividad constante con sus compa\u00f1eros, y descart\u00f3 cualquier tipo de relaci\u00f3n cercana.<br \/>\n&#8220;Por supuesto, interactuamos y nos comunicamos, pero no hay amistad. Est\u00e1 claro que los conductores principales saben que nosotros, como respaldo, queremos sus asientos. Entre los pilotos de reserva, todos sabemos que queremos ser el siguiente en ese asiento principal. No es ning\u00fan secreto que en el deporte del motor no tienes amigos&#8221;, lanz\u00f3 el estonio, que fue tercero en la temporada 2024 de la F\u00f3rmula 2.<br \/>\nAdem\u00e1s, Aaron hizo un balance positivo de su rendimiento en pruebas con el equipo, postul\u00e1ndose a una butaca en un futuro. &#8220;He cumplido bien mi papel como piloto reserva. El equipo est\u00e1 contento conmigo. He tenido varias oportunidades de demostrar mis habilidades y todas esas pruebas han ido bien&#8221;<\/p>\n<p>Semanas atr\u00e1s, el propio Colapinto hab\u00eda declarado algo similar a Aaron. &#8220;Al final con los otros termin\u00e1s compitiendo y la competencia genera llevarte como el or&#8230;. Est\u00e1s compitiendo, te choc\u00e1s en una carrera con alguno y ya te empez\u00e1s a llevar mal. Es complicado llevarte bien, yo en las categor\u00edas inferiores no me llevaba bien con nadie. B\u00e1sicamente, porque quer\u00e9s ganarles a todos y hay mucha competencia&#8221;, lanz\u00f3 el argentino.<\/p>\n","protected":false},"excerpt":{"rendered":"<p>Este fin de semana se disputar\u00e1 el Gran Premio de Bahr\u00e9in, cuarta carrera de la temporada de la F\u00f3rmula 1. Y aunque todo indica que Franco Colapinto no viajar\u00e1 como piloto de reserva, sino que reci\u00e9n regresar\u00e1 para el Gran Premio de Arabia Saudita, Alpine hizo un nuevo gui\u00f1o al argentino, que aspira a ocupar [&hellip;]<\/p>\n","protected":false},"author":2,"featured_media":23124,"comment_status":"closed","ping_status":"closed","sticky":false,"template":"","format":"standard","meta":{"footnotes":""},"categories":[78],"tags":[],"class_list":{"0":"post-23123","1":"post","2":"type-post","3":"status-publish","4":"format-standard","5":"has-post-thumbnail","7":"category-deportes"},"_links":{"self":[{"href":"https:\/\/radiobitacora.com.ar\/web\/wp-json\/wp\/v2\/posts\/23123","targetHints":{"allow":["GET"]}}],"collection":[{"href":"https:\/\/radiobitacora.com.ar\/web\/wp-json\/wp\/v2\/posts"}],"about":[{"href":"https:\/\/radiobitacora.com.ar\/web\/wp-json\/wp\/v2\/types\/post"}],"author":[{"embeddable":true,"href":"https:\/\/radiobitacora.com.ar\/web\/wp-json\/wp\/v2\/users\/2"}],"replies":[{"embeddable":true,"href":"https:\/\/radiobitacora.com.ar\/web\/wp-json\/wp\/v2\/comments?post=23123"}],"version-history":[{"count":0,"href":"https:\/\/radiobitacora.com.ar\/web\/wp-json\/wp\/v2\/posts\/23123\/revisions"}],"wp:featuredmedia":[{"embeddable":true,"href":"https:\/\/radiobitacora.com.ar\/web\/wp-json\/wp\/v2\/media\/23124"}],"wp:attachment":[{"href":"https:\/\/radiobitacora.com.ar\/web\/wp-json\/wp\/v2\/media?parent=23123"}],"wp:term":[{"taxonomy":"category","embeddable":true,"href":"https:\/\/radiobitacora.com.ar\/web\/wp-json\/wp\/v2\/categories?post=23123"},{"taxonomy":"post_tag","embeddable":true,"href":"https:\/\/radiobitacora.com.ar\/web\/wp-json\/wp\/v2\/tags?post=23123"}],"curies":[{"name":"wp","href":"https:\/\/api.w.org\/{rel}","templated":true}]}}