{"id":23139,"date":"2025-04-11T17:53:06","date_gmt":"2025-04-11T20:53:06","guid":{"rendered":"https:\/\/radiobitacora.com.ar\/web\/?p=23139"},"modified":"2025-04-11T17:53:06","modified_gmt":"2025-04-11T20:53:06","slug":"intendente-hormaechea-visito-la-guardia-de-la-direccion-de-transito","status":"publish","type":"post","link":"https:\/\/radiobitacora.com.ar\/web\/2025\/04\/11\/intendente-hormaechea-visito-la-guardia-de-la-direccion-de-transito\/","title":{"rendered":"Intendente Hormaechea visit\u00f3 la guardia de la Direcci\u00f3n de Tr\u00e1nsito"},"content":{"rendered":"<p class=\"rtejustify\"><strong>ENTREGA DE EQUIPAMIENTO Y ELEMENTOS PARA FORTALECER LA TAREA DE CONTROLES<\/strong><\/p>\n<p class=\"rtejustify\">\n<p class=\"rtejustify\">Este jueves el intendente municipal, Mariano Hormaechea, visit\u00f3 la guardia de la Direcci\u00f3n de Tr\u00e1nsito en Terminal de \u00d3mnibus e hizo entrega de elementos e indumentarias en un esfuerzo por fortalecer la labor de los inspectores.<\/p>\n<p class=\"rtejustify\">\n<p class=\"rtejustify\">\n<p class=\"rtejustify\">El jefe comunal estuvo acompa\u00f1ado por el secretario de Gobierno, Pablo Fern\u00e1ndez y el Director de Tr\u00e1nsito, Alejandro Stortti.<\/p>\n<p class=\"rtejustify\">\n<p class=\"rtejustify\">En el marco de la campa\u00f1a vial, prevenci\u00f3n, educaci\u00f3n y controles, implementada desde el Ejecutivo Municipal, se contin\u00faa con la gesti\u00f3n de brindar m\u00e1s recursos a la Direcci\u00f3n de Tr\u00e1nsito con el objetivo de implementar los cumplimientos de normativas vigentes relacionadas con el tr\u00e1nsito. Se busca de a poco lograr revertir conductas que van a contramano de disposiciones actuales, y que muchas veces ponen en riesgo vidas y\/o lesiones de gravedad, ante esta situaci\u00f3n existe una preocupaci\u00f3n desde la Municipalidad para lograr un tr\u00e1nsito seguro, a trav\u00e9s de la concientizaci\u00f3n, educaci\u00f3n, prevenci\u00f3n y controles efectuados desde la Direcci\u00f3n de Tr\u00e1nsito.<\/p>\n<p class=\"rtejustify\">\n<p class=\"rtejustify\">\n<p class=\"rtejustify\">La entrega se enmarca en poder brindar mayor visualizaci\u00f3n de los agentes municipales durante los controles y operativos de tr\u00e1nsito.<\/p>\n<p class=\"rtejustify\">\n<p class=\"rtejustify\">Estuvo presente parte del staff de Inspectores, alrededor de 50 agentes de las distintas guardias y 8 aspirantes a Inspector de Tr\u00e1nsito.<\/p>\n<p class=\"rtejustify\">\n<p class=\"rtejustify\">La entrega consisti\u00f3 en chombas, gorras, silbatos, adem\u00e1s de indumentaria para personal de la guardia. Se destac\u00f3 la compra de c\u00e1maras GoPro para cada uno de los turnos. Estos vendr\u00e1n a aportar mayor transparencia y como elementos de apoyo durante los controles y operativos.<\/p>\n<p class=\"rtejustify\">\n<p class=\"rtejustify\">En esta oportunidad una inversi\u00f3n de 5 millones de pesos, que se suman a otras efectuadas anteriormente en adquisici\u00f3n de veh\u00edculos, utilitarios y motos, alcohol\u00edmetros, elementos de seguridad y para realizar mayores y mejores controles.<\/p>\n<p class=\"rtejustify\">\n<p class=\"rtejustify\"><strong>ALEJANDRO STORTTI<\/strong><\/p>\n<p class=\"rtejustify\">\n<p class=\"rtejustify\">El titular de Tr\u00e1nsito, Alejandro Stortti, agradeci\u00f3 la visita del jefe comunal, destacando que es la primera vez que un intendente visita al personal municipal en su lugar de trabajo.<\/p>\n<p class=\"rtejustify\">\n<p class=\"rtejustify\">\u201cEstamos recuperando uno de los m\u00f3viles. Se trata de una camioneta Ford Ranger. Las instalaciones se est\u00e1n refaccionando con pintura, colocaci\u00f3n de luminarias en zona de dep\u00f3sito y la presencia de un sereno\u201d.<\/p>\n<p class=\"rtejustify\">\n<p class=\"rtejustify\"><strong>INTENDENTE HORMAECHEA<\/strong><\/p>\n<p class=\"rtejustify\">\n<p class=\"rtejustify\">Durante el evento, Hormaechea destac\u00f3 la importancia de la entrega y enfatiz\u00f3 el compromiso de la gesti\u00f3n por velar por la seguridad de sus ciudadanos con una inversi\u00f3n de m\u00e1s de 5 millones de pesos en la compra de dichos elementos.<\/p>\n<p class=\"rtejustify\">\n<p class=\"rtejustify\">\n<p class=\"rtejustify\">\u201cAgradezco el compromiso de continuar trabajando para que se cumplan las leyes de tr\u00e1nsito. Nosotros venimos tratando de acompa\u00f1ar esta decisi\u00f3n. Nos parec\u00eda que era necesario un recambio en la Direcci\u00f3n de Tr\u00e1nsito. Hab\u00eda que darle un poco m\u00e1s de visibilidad y fuerza con un trabajo que no es sencillo, no es f\u00e1cil, c\u00f3mo es estar en la calle, reconocemos esta labor, de all\u00ed la necesidad de visibilizar este accionar de Uds., los agentes de Tr\u00e1nsito\u201d Coment\u00f3<\/p>\n<p class=\"rtejustify\">\n<p class=\"rtejustify\"><strong>\u00a0DESAF\u00cdO DE TODOS LOS SECTORES<\/strong><\/p>\n<p class=\"rtejustify\">\n<p class=\"rtejustify\">\u201cEmpezar a interpretar esto que nosotros llevamos adelante, es un desaf\u00edo que muchas intendencias de diferentes colores pol\u00edticos y los anteriores que han estado han tenido la misma problem\u00e1tica, lo que buscamos es el cumplimiento de las Leyes, normativas de Transito, este es el desaf\u00edo revertir esta situaci\u00f3n, esta realidad, no ser\u00e1 un cambio inmediato, de un d\u00eda para otro, de all\u00ed los refuerzos de los controles, por eso desde el inicio de la gesti\u00f3n hemos convocado a todos los actores sociales, a los responsables pastores de las iglesias no solo cat\u00f3lica, la asociaci\u00f3n de comercio, la c\u00e1mara empresarial, el consejo de rectores, donde se han planteado la situaci\u00f3n para genrar entre todos estos cambios en las conductas, desde all\u00ed podemos decir que se han tomado varias decisiones como el caso de la inversi\u00f3n de la Municipalidad en el equipamiento con los recursos t\u00e9cnicos, m\u00f3viles, la selecci\u00f3n de los agentes con una capacitaci\u00f3n, una toma de examen para ingresar como inspector, buscar entre todos lograr el cumplimiento y control de las normas de tr\u00e1nsito, ahora nos hemos reunido con los propietarios de las estaciones de servicio, para dar cumplimiento a la Ordenanza que dispone el expendio del combustible al motociclista tenga puesto el casco, se intensifico la campa\u00f1a de comunicaci\u00f3n, damos pasos hacia adelante, est\u00e1 la inversi\u00f3n en estos elementos entregados, tenemos ganas, la predisposici\u00f3n, queremos revertir esta situaci\u00f3n.\u201d<\/p>\n<p class=\"rtejustify\">\n<p class=\"rtejustify\"><strong>TRATO CON EL TURISTA Y LOS VECINOS<\/strong><\/p>\n<p class=\"rtejustify\">\n<p class=\"rtejustify\">En la conversaci\u00f3n con los agentes de tr\u00e1nsito Mariano Hormaechea, comparti\u00f3 la siguiente inquietud: \u201cSe viene una fecha de gran convocatoria como es la Fiesta Nacional del Surub\u00ed, debemos recibir a los turistas, contener a nuestros vecinos, en los controles que debemos realizar, atendiendo a la situaci\u00f3n econ\u00f3mica, compartimos con Uds., porque son la cara visible de estas decisiones, requiere de all\u00ed esa capacitaci\u00f3n para atender al conductor, al vecino para se\u00f1alar la importancia del cumplimiento de las normas de tr\u00e1nsito, reconocemos esto que diariamente reciben los inspectores en su labor cotidiana, por eso nuestro objetivo es el cumplimiento, pero con una comunicaci\u00f3n clara, sencilla, amigable porque es el cuidado de la integridad de la vida de cada vecino.<\/p>\n<p class=\"rtejustify\">\n<p class=\"rtejustify\"><strong>REUNI\u00d3N CON LOS COMUNICADORES<\/strong><\/p>\n<p class=\"rtejustify\">\n<p class=\"rtejustify\">El Intendente, se\u00f1alo: \u201cTambi\u00e9n nosotros hemos convocado a un encuentro con los periodistas, comunicadores para que la informaci\u00f3n sea transmitida de una manera que no genere lo que muchas veces ocurre confusi\u00f3n, o un intencionalidad, de all\u00ed encontrar la mejor manera de comunicar, saber que el principal desaf\u00edo para revertir esta situaci\u00f3n es cumplir con las normas vigentes, para solucionar las consecuencias graves que suele producir los accidentes, requerimos ordenar el tr\u00e1nsito de la ciudad porque la ciudad ha crecido, en comparaci\u00f3n a otros a\u00f1os, requiero de Uds., paciencia, prudencia para hacer entender que el prop\u00f3sito es el mejoramiento de la circulaci\u00f3n en la ciudad.\u201d<\/p>\n<p class=\"rtejustify\">\n<p class=\"rtejustify\"><strong>ACCIONES DE GOBIERNO, OBRAS Y DECISIONES PARA EL FUTURO DE LA CIUDAD<\/strong><\/p>\n<p class=\"rtejustify\">\n<p class=\"rtejustify\">En la \u00faltima parte del di\u00e1logo mantenido por el Intendente Mariano Hormaechea con los funcionarios y agentes de la Direcci\u00f3n de Tr\u00e1nsito, detall\u00f3 las decisiones en materia de los ejes delineados en la administraci\u00f3n, de las acciones de gobierno, del tiempo de la pol\u00edtica, de las decisiones que los ciudadanos deben tomar, asimismo el Mandatario Local, coment\u00f3 sobre la selecci\u00f3n de la Municipalidad de Goya, junto a otras municipalidades para ser parte del Programa de Modernizaci\u00f3n hacia el camino de un Gobierno Participativo.<\/p>\n<p class=\"rtejustify\">En ese sentido, Mariano Hormaechea, detallo: \u201cBuscamos generar oportunidades, espacios para acompa\u00f1ar a las familias con elementos y recursos, como es el apoyo a los emprendedores, en Buenos Aires hemos recibido toda la informaci\u00f3n para lograr el desarrollo y modernizaci\u00f3n de las gestiones, con una capacitaci\u00f3n y la creaci\u00f3n de una plataforma que permitir\u00e1 a los vecinos conocer el movimiento de la administraci\u00f3n, involucrarse en el establecimiento de prioridades a partir de un presupuesto participativo, en concordancia con ello es la invitaci\u00f3n para ir conformando con la Provincia la Agenda 2030, esto quer\u00eda transmitirle, contar que este es el compromiso de trabajo, de contar con este gran equipo, proyectando las acciones hacia el futuro, hacia adelante, reitero el agradecimiento por su compromiso, sus acciones diarias, porque sabemos que no es f\u00e1cil el trabajo en la calle, pero aqu\u00ed estamos seguros de juntos trazarnos el desaf\u00edo de mejorar esta situaci\u00f3n y saber que es una tarea que debemos hacer entre todos. \u201c<\/p>\n<p class=\"rtejustify\">\n<p class=\"rtejustify\">El Director de Tr\u00e1nsito, los agentes de la repartici\u00f3n municipal, destacaron y agradecieron la visita del Intendente, por las inversiones en la adquisici\u00f3n de equipamiento, destacando el gesto de valorar su labor diaria.<\/p>\n","protected":false},"excerpt":{"rendered":"<p>ENTREGA DE EQUIPAMIENTO Y ELEMENTOS PARA FORTALECER LA TAREA DE CONTROLES Este jueves el intendente municipal, Mariano Hormaechea, visit\u00f3 la guardia de la Direcci\u00f3n de Tr\u00e1nsito en Terminal de \u00d3mnibus e hizo entrega de elementos e indumentarias en un esfuerzo por fortalecer la labor de los inspectores. El jefe comunal estuvo acompa\u00f1ado por el secretario [&hellip;]<\/p>\n","protected":false},"author":2,"featured_media":23140,"comment_status":"closed","ping_status":"closed","sticky":false,"template":"","format":"standard","meta":{"footnotes":""},"categories":[56],"tags":[],"class_list":{"0":"post-23139","1":"post","2":"type-post","3":"status-publish","4":"format-standard","5":"has-post-thumbnail","7":"category-locales"},"_links":{"self":[{"href":"https:\/\/radiobitacora.com.ar\/web\/wp-json\/wp\/v2\/posts\/23139","targetHints":{"allow":["GET"]}}],"collection":[{"href":"https:\/\/radiobitacora.com.ar\/web\/wp-json\/wp\/v2\/posts"}],"about":[{"href":"https:\/\/radiobitacora.com.ar\/web\/wp-json\/wp\/v2\/types\/post"}],"author":[{"embeddable":true,"href":"https:\/\/radiobitacora.com.ar\/web\/wp-json\/wp\/v2\/users\/2"}],"replies":[{"embeddable":true,"href":"https:\/\/radiobitacora.com.ar\/web\/wp-json\/wp\/v2\/comments?post=23139"}],"version-history":[{"count":0,"href":"https:\/\/radiobitacora.com.ar\/web\/wp-json\/wp\/v2\/posts\/23139\/revisions"}],"wp:featuredmedia":[{"embeddable":true,"href":"https:\/\/radiobitacora.com.ar\/web\/wp-json\/wp\/v2\/media\/23140"}],"wp:attachment":[{"href":"https:\/\/radiobitacora.com.ar\/web\/wp-json\/wp\/v2\/media?parent=23139"}],"wp:term":[{"taxonomy":"category","embeddable":true,"href":"https:\/\/radiobitacora.com.ar\/web\/wp-json\/wp\/v2\/categories?post=23139"},{"taxonomy":"post_tag","embeddable":true,"href":"https:\/\/radiobitacora.com.ar\/web\/wp-json\/wp\/v2\/tags?post=23139"}],"curies":[{"name":"wp","href":"https:\/\/api.w.org\/{rel}","templated":true}]}}