{"id":23143,"date":"2025-04-11T18:12:31","date_gmt":"2025-04-11T21:12:31","guid":{"rendered":"https:\/\/radiobitacora.com.ar\/web\/?p=23143"},"modified":"2025-04-11T18:12:31","modified_gmt":"2025-04-11T21:12:31","slug":"inflacion-de-marzo-37-y-sumo-86-en-el-ano","status":"publish","type":"post","link":"https:\/\/radiobitacora.com.ar\/web\/2025\/04\/11\/inflacion-de-marzo-37-y-sumo-86-en-el-ano\/","title":{"rendered":"Inflaci\u00f3n de marzo: 3,7% y sum\u00f3 8,6% en el a\u00f1o"},"content":{"rendered":"<p>El avance en los n\u00fameros oficiales del Indec se da en un mes, como es marzo, caracterizado por ser la temporada con los mayores aumentos del a\u00f1o gracias a los valores estacionales que suelen afectar las mediciones. Principalmente, se esperaban aumentos en el rubro de Educaci\u00f3n, pero tambi\u00e9n en Alimentos, ya que las fuertes lluvias hab\u00edan afectado \u2013seg\u00fan los analistas- los precios de las frutas y verduras. La carne, como en febrero, tambi\u00e9n hab\u00eda subido fuerte. El impacto en los servicios inclu\u00eda las alzas en el transporte.<\/p>\n<p>El registro del organismo estad\u00edstico que conduce Marco Lavagna se movi\u00f3 bastante por encima de lo que estimaban los especialistas privados. El Relevamiento de Expectativas del Mercado (REM) esperaba un alza de 2,6%. Incluso, luego de que el dato de la Ciudad de Buenos Aires mostrara un 3,2% para el mes, muchos aventuraron una variaci\u00f3n cercana a 2,8%. Finalmente, fue superior al 3%, lo que genera alguna zozobra.<\/p>\n<p>El REM que releva el Banco Central (BCRA) ya hab\u00eda recalculado la inflaci\u00f3n estimada para todo el a\u00f1o: era de entre el 22% y el 20% en la ante\u00faltima encuesta y pas\u00f3 a entre 26,4% y 27,5%, seg\u00fan la sensaci\u00f3n t\u00e9rmica medida entre los d\u00edas 27 y 31 de marzo.<\/p>\n<p>Luego de este rev\u00e9s, probablemente el mercado vuelva a recalcular hacia arriba la inflaci\u00f3n prevista para 2025, que en el proyecto de presupuesto que nunca fue aprobado en el Congreso Nacional era de 18%. Para los expertos consultados en la encuesta del BCRA, sin embargo, se estimaba que, pese al pico de marzo, la inflaci\u00f3n continuara su camino descendente. Incluso, antes del dato conocido hoy, iba a romper el techo del 2% desde mitad de a\u00f1o en la previa de las elecciones legislativas.<\/p>\n","protected":false},"excerpt":{"rendered":"<p>El avance en los n\u00fameros oficiales del Indec se da en un mes, como es marzo, caracterizado por ser la temporada con los mayores aumentos del a\u00f1o gracias a los valores estacionales que suelen afectar las mediciones. Principalmente, se esperaban aumentos en el rubro de Educaci\u00f3n, pero tambi\u00e9n en Alimentos, ya que las fuertes lluvias [&hellip;]<\/p>\n","protected":false},"author":2,"featured_media":23144,"comment_status":"closed","ping_status":"closed","sticky":false,"template":"","format":"standard","meta":{"footnotes":""},"categories":[65],"tags":[],"class_list":{"0":"post-23143","1":"post","2":"type-post","3":"status-publish","4":"format-standard","5":"has-post-thumbnail","7":"category-economia"},"_links":{"self":[{"href":"https:\/\/radiobitacora.com.ar\/web\/wp-json\/wp\/v2\/posts\/23143","targetHints":{"allow":["GET"]}}],"collection":[{"href":"https:\/\/radiobitacora.com.ar\/web\/wp-json\/wp\/v2\/posts"}],"about":[{"href":"https:\/\/radiobitacora.com.ar\/web\/wp-json\/wp\/v2\/types\/post"}],"author":[{"embeddable":true,"href":"https:\/\/radiobitacora.com.ar\/web\/wp-json\/wp\/v2\/users\/2"}],"replies":[{"embeddable":true,"href":"https:\/\/radiobitacora.com.ar\/web\/wp-json\/wp\/v2\/comments?post=23143"}],"version-history":[{"count":0,"href":"https:\/\/radiobitacora.com.ar\/web\/wp-json\/wp\/v2\/posts\/23143\/revisions"}],"wp:featuredmedia":[{"embeddable":true,"href":"https:\/\/radiobitacora.com.ar\/web\/wp-json\/wp\/v2\/media\/23144"}],"wp:attachment":[{"href":"https:\/\/radiobitacora.com.ar\/web\/wp-json\/wp\/v2\/media?parent=23143"}],"wp:term":[{"taxonomy":"category","embeddable":true,"href":"https:\/\/radiobitacora.com.ar\/web\/wp-json\/wp\/v2\/categories?post=23143"},{"taxonomy":"post_tag","embeddable":true,"href":"https:\/\/radiobitacora.com.ar\/web\/wp-json\/wp\/v2\/tags?post=23143"}],"curies":[{"name":"wp","href":"https:\/\/api.w.org\/{rel}","templated":true}]}}