{"id":23176,"date":"2025-04-11T19:06:06","date_gmt":"2025-04-11T22:06:06","guid":{"rendered":"https:\/\/radiobitacora.com.ar\/web\/?p=23176"},"modified":"2025-04-11T19:06:06","modified_gmt":"2025-04-11T22:06:06","slug":"fns-pamela-david-conducira-la-eleccion-de-reina","status":"publish","type":"post","link":"https:\/\/radiobitacora.com.ar\/web\/2025\/04\/11\/fns-pamela-david-conducira-la-eleccion-de-reina\/","title":{"rendered":"FNS: Pamela David conducir\u00e1 la elecci\u00f3n de Reina"},"content":{"rendered":"<p>La modelo y Periodista Pamela David, ser\u00e1 la conductora oficial de la noche Elecci\u00f3n de Reina de la Edici\u00f3n 48 de la Fiesta Nacional del Surub\u00ed. As\u00ed lo informaron desde la organizaci\u00f3n de la fiesta en Goya. El baile ser\u00e1 el viernes 2 de mayo en el predio Costa Surub\u00ed.<\/p>\n","protected":false},"excerpt":{"rendered":"<p>La modelo y Periodista Pamela David, ser\u00e1 la conductora oficial de la noche Elecci\u00f3n de Reina de la Edici\u00f3n 48 de la Fiesta Nacional del Surub\u00ed. As\u00ed lo informaron desde la organizaci\u00f3n de la fiesta en Goya. El baile ser\u00e1 el viernes 2 de mayo en el predio Costa Surub\u00ed.<\/p>\n","protected":false},"author":2,"featured_media":23177,"comment_status":"closed","ping_status":"closed","sticky":false,"template":"","format":"standard","meta":{"footnotes":""},"categories":[56],"tags":[],"class_list":{"0":"post-23176","1":"post","2":"type-post","3":"status-publish","4":"format-standard","5":"has-post-thumbnail","7":"category-locales"},"_links":{"self":[{"href":"https:\/\/radiobitacora.com.ar\/web\/wp-json\/wp\/v2\/posts\/23176","targetHints":{"allow":["GET"]}}],"collection":[{"href":"https:\/\/radiobitacora.com.ar\/web\/wp-json\/wp\/v2\/posts"}],"about":[{"href":"https:\/\/radiobitacora.com.ar\/web\/wp-json\/wp\/v2\/types\/post"}],"author":[{"embeddable":true,"href":"https:\/\/radiobitacora.com.ar\/web\/wp-json\/wp\/v2\/users\/2"}],"replies":[{"embeddable":true,"href":"https:\/\/radiobitacora.com.ar\/web\/wp-json\/wp\/v2\/comments?post=23176"}],"version-history":[{"count":0,"href":"https:\/\/radiobitacora.com.ar\/web\/wp-json\/wp\/v2\/posts\/23176\/revisions"}],"wp:featuredmedia":[{"embeddable":true,"href":"https:\/\/radiobitacora.com.ar\/web\/wp-json\/wp\/v2\/media\/23177"}],"wp:attachment":[{"href":"https:\/\/radiobitacora.com.ar\/web\/wp-json\/wp\/v2\/media?parent=23176"}],"wp:term":[{"taxonomy":"category","embeddable":true,"href":"https:\/\/radiobitacora.com.ar\/web\/wp-json\/wp\/v2\/categories?post=23176"},{"taxonomy":"post_tag","embeddable":true,"href":"https:\/\/radiobitacora.com.ar\/web\/wp-json\/wp\/v2\/tags?post=23176"}],"curies":[{"name":"wp","href":"https:\/\/api.w.org\/{rel}","templated":true}]}}