{"id":23182,"date":"2025-04-14T09:02:47","date_gmt":"2025-04-14T12:02:47","guid":{"rendered":"https:\/\/radiobitacora.com.ar\/web\/?p=23182"},"modified":"2025-04-14T09:02:47","modified_gmt":"2025-04-14T12:02:47","slug":"vera-itinerante-goya-calidad-en-la-formacion-actoral-iluminacion-y-danzas","status":"publish","type":"post","link":"https:\/\/radiobitacora.com.ar\/web\/2025\/04\/14\/vera-itinerante-goya-calidad-en-la-formacion-actoral-iluminacion-y-danzas\/","title":{"rendered":"Vera Itinerante Goya calidad en la formaci\u00f3n actoral, iluminaci\u00f3n y danzas"},"content":{"rendered":"<p class=\"rtejustify\">El Director de Cultura Manuel Zampar acompa\u00f1a la jornada final y entrega de Certificados a los participantes de los diferentes talleres de formaci\u00f3n.<\/p>\n<p class=\"rtejustify\">\n<p class=\"rtejustify\">En la Clausura de la Formaci\u00f3n Art\u00edstica Brindada por el Teatro Juan de Vera en Goya, se hizo entrega de las certificaciones correspondientes.<\/p>\n<p class=\"rtejustify\">En Casa de la Cultura, el domingo una vez concluido los talleres de formaci\u00f3n actoral ofrecido por el Licenciado Alejandro Barboza y de Iluminaci\u00f3n dictado por Gast\u00f3n Chanda, los formadores junto al Director de Cultura hicieron entrega a los participantes de los respectivos certificados otorgados por este programa cultural y art\u00edstico.<\/p>\n<p class=\"rtejustify\">De la misma manera se realiz\u00f3 en el Teatro Municipal con los Talleres de Danza Cl\u00e1sica a cargo de Marta Laclau y de Danza Contempor\u00e1nea a cargo de Antonella Ojeda.<\/p>\n<p class=\"rtejustify\">El Director de Cultura agradeci\u00f3 la oportunidad ofrecida con los profesionales del arte, provenientes del Teatro Oficial Vera de Corrientes, para crear un \u00e1mbito adecuado en la formaci\u00f3n y capacitaci\u00f3n de estas artes.<\/p>\n<p class=\"rtejustify\">Los participantes de cada uno de los talleres coincidieron en se\u00f1alar la calidad art\u00edstica, profesional y humana de los disertantes de cada curso.<\/p>\n","protected":false},"excerpt":{"rendered":"<p>El Director de Cultura Manuel Zampar acompa\u00f1a la jornada final y entrega de Certificados a los participantes de los diferentes talleres de formaci\u00f3n. En la Clausura de la Formaci\u00f3n Art\u00edstica Brindada por el Teatro Juan de Vera en Goya, se hizo entrega de las certificaciones correspondientes. En Casa de la Cultura, el domingo una vez [&hellip;]<\/p>\n","protected":false},"author":2,"featured_media":23183,"comment_status":"closed","ping_status":"closed","sticky":false,"template":"","format":"standard","meta":{"footnotes":""},"categories":[56],"tags":[],"class_list":{"0":"post-23182","1":"post","2":"type-post","3":"status-publish","4":"format-standard","5":"has-post-thumbnail","7":"category-locales"},"_links":{"self":[{"href":"https:\/\/radiobitacora.com.ar\/web\/wp-json\/wp\/v2\/posts\/23182","targetHints":{"allow":["GET"]}}],"collection":[{"href":"https:\/\/radiobitacora.com.ar\/web\/wp-json\/wp\/v2\/posts"}],"about":[{"href":"https:\/\/radiobitacora.com.ar\/web\/wp-json\/wp\/v2\/types\/post"}],"author":[{"embeddable":true,"href":"https:\/\/radiobitacora.com.ar\/web\/wp-json\/wp\/v2\/users\/2"}],"replies":[{"embeddable":true,"href":"https:\/\/radiobitacora.com.ar\/web\/wp-json\/wp\/v2\/comments?post=23182"}],"version-history":[{"count":0,"href":"https:\/\/radiobitacora.com.ar\/web\/wp-json\/wp\/v2\/posts\/23182\/revisions"}],"wp:featuredmedia":[{"embeddable":true,"href":"https:\/\/radiobitacora.com.ar\/web\/wp-json\/wp\/v2\/media\/23183"}],"wp:attachment":[{"href":"https:\/\/radiobitacora.com.ar\/web\/wp-json\/wp\/v2\/media?parent=23182"}],"wp:term":[{"taxonomy":"category","embeddable":true,"href":"https:\/\/radiobitacora.com.ar\/web\/wp-json\/wp\/v2\/categories?post=23182"},{"taxonomy":"post_tag","embeddable":true,"href":"https:\/\/radiobitacora.com.ar\/web\/wp-json\/wp\/v2\/tags?post=23182"}],"curies":[{"name":"wp","href":"https:\/\/api.w.org\/{rel}","templated":true}]}}