{"id":23188,"date":"2025-04-14T09:20:28","date_gmt":"2025-04-14T12:20:28","guid":{"rendered":"https:\/\/radiobitacora.com.ar\/web\/?p=23188"},"modified":"2025-04-14T09:20:28","modified_gmt":"2025-04-14T12:20:28","slug":"acreditaciones-de-la-prensa-para-la-48-fiesta-nacional-del-surubi-2024","status":"publish","type":"post","link":"https:\/\/radiobitacora.com.ar\/web\/2025\/04\/14\/acreditaciones-de-la-prensa-para-la-48-fiesta-nacional-del-surubi-2024\/","title":{"rendered":"Acreditaciones de la Prensa para la 48\u00b0 Fiesta NAcional del Surub\u00ed 2024"},"content":{"rendered":"<p class=\"rtejustify\">El periodo de acreditaci\u00f3n finaliza el 15 de abril, sin excepci\u00f3n<\/p>\n<p class=\"rtejustify\">\n<p class=\"rtejustify\">El \u00c1rea de Prensa de la Comisi\u00f3n Municipal de Pesca comunica que se encuentra abierto el periodo de acreditaci\u00f3n para los medios de comunicaci\u00f3n interesados en realizar la cobertura de la 48\u00ba \u00a0Fiesta Nacional del Surub\u00ed, y 37\u00aa Expo Goya. El \u201cMundial de Pesca\u201d se desarrollar\u00e1 desde el 28 de abril al 4 de mayo de 2025 en el Predio Ferial de Costa Surub\u00ed. Los interesados tendr\u00e1n tiempo de remitir la solicitud, sin excepci\u00f3n alguna hasta el martes 15 de ABRIL. Es obligatorio cumplir con los requisitos en tiempo y forma, caso contrario no se acreditar\u00e1 posterior a esa fecha.<\/p>\n<p class=\"rtejustify\">\n<p class=\"rtejustify\">\u00a0\u201cAcreditaciones- MUNDIAL DE PESCA 2025\u201d, deber\u00e1n ADJUNTAR UNA NOTA MEMBRETADA DEL MEDIO Y FIRMADA POR EL DIRECTOR DEL MEDIO. (archivo PDF en adjunto), al correspondiente MAIL:<\/p>\n<p class=\"rtejustify\">\n<p class=\"rtejustify\"><a href=\"mailto:prensasurubigoya@hotmail.com\" target=\"_blank\" rel=\"noopener\">prensasurubigoya@hotmail.com<\/a><\/p>\n<p class=\"rtejustify\">\n<p class=\"rtejustify\">En la nota precisar lo siguiente:<\/p>\n<p class=\"rtejustify\">\n<p class=\"rtejustify\">\u2022\u00a0\u00a0\u00a0\u00a0\u00a0\u00a0\u00a0\u00a0\u00a0\u00a0\u00a0\u00a0 Tipo de cobertura a realizar (notas, m\u00f3viles, transmisi\u00f3n en vivo)<\/p>\n<p class=\"rtejustify\">\n<p class=\"rtejustify\">\u2022\u00a0\u00a0\u00a0\u00a0\u00a0\u00a0\u00a0\u00a0\u00a0\u00a0\u00a0\u00a0 Datos de las personas a acreditar (Nombre y Apellido, DNI, N\u00famero de Celular y funci\u00f3n)<\/p>\n<p class=\"rtejustify\">\n<p class=\"rtejustify\">\u2022\u00a0\u00a0\u00a0\u00a0\u00a0\u00a0\u00a0\u00a0\u00a0\u00a0\u00a0\u00a0 SE AGREGA DICHO N\u00daMERO A LA COMUNIDAD SURUB\u00cd<\/p>\n<p class=\"rtejustify\">\n<p class=\"rtejustify\">\u2022 \u00a0\u00a0\u00a0\u00a0\u00a0\u00a0\u00a0\u00a0\u00a0\u00a0\u00a0\u00a0TRANSMISI\u00d3N EN VIVO<\/p>\n<p class=\"rtejustify\">\n<p class=\"rtejustify\">\u00a0Presentar nota de pedido con las necesidades t\u00e9cnicas y espacio f\u00edsico dirigida a la Secretar\u00eda de Prensa y Difusi\u00f3n de\u00a0<a href=\"http:\/\/co.mu.pe\/\" target=\"_blank\" rel=\"noopener\" data-saferedirecturl=\"https:\/\/www.google.com\/url?q=http:\/\/CO.MU.PE&amp;source=gmail&amp;ust=1744676956781000&amp;usg=AOvVaw2Ss97xu05ZH9ex1gWMiEd-\">CO.MU.PE<\/a>. Membretada con el listado de periodistas a desempe\u00f1ar el rol.<\/p>\n<p class=\"rtejustify\">\n<p class=\"rtejustify\">De no cumplir con estos requisitos b\u00e1sicos, las solicitudes no ser\u00e1n consideradas.<\/p>\n<p class=\"rtejustify\">\n<p class=\"rtejustify\">\n<p class=\"rtejustify\">EN ESTA OPORTUNIDAD, LAS ACREDITACIONES SE DISPONDR\u00c1N POR MEDIO:<\/p>\n<p class=\"rtejustify\">\n<p class=\"rtejustify\">\n<p class=\"rtejustify\">\n<p class=\"rtejustify\">\u2022\u00a0\u00a0\u00a0\u00a0\u00a0\u00a0\u00a0\u00a0\u00a0\u00a0\u00a0\u00a0 2 trabajadores de Prensa gr\u00e1fica<\/p>\n<p class=\"rtejustify\">\n<p class=\"rtejustify\">\u2022\u00a0\u00a0\u00a0\u00a0\u00a0\u00a0\u00a0\u00a0\u00a0\u00a0\u00a0\u00a0 2 trabajadores de Medios Web y Redes (Portales de noticias web, Redes)<\/p>\n<p class=\"rtejustify\">\n<p class=\"rtejustify\">\u2022\u00a0\u00a0\u00a0\u00a0\u00a0\u00a0\u00a0\u00a0\u00a0\u00a0\u00a0\u00a0 3 trabajadores por Radio \u2013(NO POR PROGRAMA)-<\/p>\n<p class=\"rtejustify\">\n<p class=\"rtejustify\">\u2022\u00a0\u00a0\u00a0\u00a0\u00a0\u00a0\u00a0\u00a0\u00a0\u00a0\u00a0\u00a0 3 trabajadores por canal de Televisi\u00f3n &#8211; (NO POR PROGRAMA)-<\/p>\n<p class=\"rtejustify\">\n<p class=\"rtejustify\">\n<p class=\"rtejustify\">\n<p class=\"rtejustify\">BASES Y CONDICIONES<\/p>\n<p class=\"rtejustify\">\n<p class=\"rtejustify\">\n<p class=\"rtejustify\">\n<p class=\"rtejustify\">\u2022\u00a0\u00a0\u00a0\u00a0\u00a0\u00a0\u00a0\u00a0\u00a0\u00a0\u00a0\u00a0 Se solicita respetar la cantidad establecida y fecha l\u00edmite para enviar la solicitud.<\/p>\n<p class=\"rtejustify\">\n<p class=\"rtejustify\">\u2022\u00a0\u00a0\u00a0\u00a0\u00a0\u00a0\u00a0\u00a0\u00a0\u00a0\u00a0\u00a0 El titular toma conocimiento de que podr\u00e1 recibir por WhatsApp, correo electr\u00f3nico, y dem\u00e1s canales digitales, informaci\u00f3n sobre el evento.<\/p>\n<p class=\"rtejustify\">\n<p class=\"rtejustify\">\u2022\u00a0\u00a0\u00a0\u00a0\u00a0\u00a0\u00a0\u00a0\u00a0\u00a0\u00a0\u00a0 Las solicitudes deben ser presentadas por un editor, productor, director y\/o responsable con el nombre del periodista, fot\u00f3grafo, camar\u00f3grafo asignado.<\/p>\n<p class=\"rtejustify\">\n<p class=\"rtejustify\">\u2022\u00a0\u00a0\u00a0\u00a0\u00a0\u00a0\u00a0\u00a0\u00a0\u00a0\u00a0\u00a0 Las credenciales ser\u00e1n otorgadas al personal autorizado solamente con el prop\u00f3sito de proveer cobertura oportuna del evento.<\/p>\n<p class=\"rtejustify\">\n<p class=\"rtejustify\">\u2022\u00a0\u00a0\u00a0\u00a0\u00a0\u00a0\u00a0\u00a0\u00a0\u00a0\u00a0\u00a0 Cada persona que reciba la confirmaci\u00f3n deber\u00e1 retirar su credencial en la Carpa de Prensa ubicada en Predio Ferial Costa Surub\u00ed. Deber\u00e1 completar y firmar nota de deslinde de responsabilidad.<\/p>\n<p class=\"rtejustify\">\n<p class=\"rtejustify\">\u2022\u00a0\u00a0\u00a0\u00a0\u00a0\u00a0\u00a0\u00a0\u00a0\u00a0\u00a0\u00a0 Las acreditaciones no son transferibles.<\/p>\n<p class=\"rtejustify\">\n<p class=\"rtejustify\">\u2022\u00a0\u00a0\u00a0\u00a0\u00a0\u00a0\u00a0\u00a0\u00a0\u00a0\u00a0\u00a0 Las credenciales de los medios se emiten \u00fanicamente para el evento y para las personas que cumplen tareas laborales, por lo que NO son v\u00e1lidas para el acceso de c\u00f3nyuges, amigos o ni\u00f1os a las instalaciones de las zonas de prensa.<\/p>\n<p class=\"rtejustify\">\n<p class=\"rtejustify\">\u2022\u00a0\u00a0\u00a0\u00a0\u00a0\u00a0\u00a0\u00a0\u00a0\u00a0\u00a0\u00a0 Los acreditados deben firmar al momento de retirar la credencial nota deslinde de responsabilidad.<\/p>\n<p class=\"rtejustify\">\n<p class=\"rtejustify\">\u2022\u00a0\u00a0\u00a0\u00a0\u00a0\u00a0\u00a0\u00a0\u00a0\u00a0\u00a0\u00a0 La recepci\u00f3n de los pedidos no representa garant\u00eda de obtener las acreditaciones.<\/p>\n<p class=\"rtejustify\">\n<p class=\"rtejustify\">\n<p class=\"rtejustify\">\n<p class=\"rtejustify\">Consideraciones para modalidades de cobertura de la 48\u00b0 fiesta nacional del surub\u00ed<\/p>\n<p class=\"rtejustify\">\n<p class=\"rtejustify\">\n<p class=\"rtejustify\">\n<p class=\"rtejustify\">TRANSMISI\u00d3N EN VIVO<\/p>\n<p class=\"rtejustify\">\n<p class=\"rtejustify\">\n<p class=\"rtejustify\">\n<p class=\"rtejustify\">&#8211; Presentar nota de pedido con las necesidades t\u00e9cnicas y espacio f\u00edsico dirigida a la Secretar\u00eda de Prensa y Difusi\u00f3n de\u00a0<a href=\"http:\/\/co.mu.pe\/\" target=\"_blank\" rel=\"noopener\" data-saferedirecturl=\"https:\/\/www.google.com\/url?q=http:\/\/CO.MU.PE&amp;source=gmail&amp;ust=1744676956781000&amp;usg=AOvVaw2Ss97xu05ZH9ex1gWMiEd-\">CO.MU.PE<\/a>. Membretada con el listado de periodistas a desempe\u00f1ar el rol.<\/p>\n<p class=\"rtejustify\">\n<p class=\"rtejustify\">\n<p class=\"rtejustify\">\n<p class=\"rtejustify\">CARPA DE PRENSA<\/p>\n<p class=\"rtejustify\">\n<p class=\"rtejustify\">\n<p class=\"rtejustify\">\n<p class=\"rtejustify\">-Estar\u00e1 destinada para el trabajo de los periodistas y centro de informaciones<\/p>\n<p class=\"rtejustify\">\n<p class=\"rtejustify\">-Espacio donde tendr\u00e1n lugar las conferencias de prensa.<\/p>\n<p class=\"rtejustify\">\n<p class=\"rtejustify\">&#8211; Adem\u00e1s debe agregarse un n\u00famero telef\u00f3nico del responsable o productor para poder comunicarnos en caso de ser necesario.<\/p>\n<p class=\"rtejustify\">\n<p class=\"rtejustify\">&#8211; Una vez cumplidos los requisitos mencionados anteriormente, completar el formulario online dentro del plazo establecido, sin excepci\u00f3n.<\/p>\n","protected":false},"excerpt":{"rendered":"<p>El periodo de acreditaci\u00f3n finaliza el 15 de abril, sin excepci\u00f3n El \u00c1rea de Prensa de la Comisi\u00f3n Municipal de Pesca comunica que se encuentra abierto el periodo de acreditaci\u00f3n para los medios de comunicaci\u00f3n interesados en realizar la cobertura de la 48\u00ba \u00a0Fiesta Nacional del Surub\u00ed, y 37\u00aa Expo Goya. El \u201cMundial de Pesca\u201d [&hellip;]<\/p>\n","protected":false},"author":2,"featured_media":23189,"comment_status":"closed","ping_status":"closed","sticky":false,"template":"","format":"standard","meta":{"footnotes":""},"categories":[56],"tags":[],"class_list":{"0":"post-23188","1":"post","2":"type-post","3":"status-publish","4":"format-standard","5":"has-post-thumbnail","7":"category-locales"},"_links":{"self":[{"href":"https:\/\/radiobitacora.com.ar\/web\/wp-json\/wp\/v2\/posts\/23188","targetHints":{"allow":["GET"]}}],"collection":[{"href":"https:\/\/radiobitacora.com.ar\/web\/wp-json\/wp\/v2\/posts"}],"about":[{"href":"https:\/\/radiobitacora.com.ar\/web\/wp-json\/wp\/v2\/types\/post"}],"author":[{"embeddable":true,"href":"https:\/\/radiobitacora.com.ar\/web\/wp-json\/wp\/v2\/users\/2"}],"replies":[{"embeddable":true,"href":"https:\/\/radiobitacora.com.ar\/web\/wp-json\/wp\/v2\/comments?post=23188"}],"version-history":[{"count":0,"href":"https:\/\/radiobitacora.com.ar\/web\/wp-json\/wp\/v2\/posts\/23188\/revisions"}],"wp:featuredmedia":[{"embeddable":true,"href":"https:\/\/radiobitacora.com.ar\/web\/wp-json\/wp\/v2\/media\/23189"}],"wp:attachment":[{"href":"https:\/\/radiobitacora.com.ar\/web\/wp-json\/wp\/v2\/media?parent=23188"}],"wp:term":[{"taxonomy":"category","embeddable":true,"href":"https:\/\/radiobitacora.com.ar\/web\/wp-json\/wp\/v2\/categories?post=23188"},{"taxonomy":"post_tag","embeddable":true,"href":"https:\/\/radiobitacora.com.ar\/web\/wp-json\/wp\/v2\/tags?post=23188"}],"curies":[{"name":"wp","href":"https:\/\/api.w.org\/{rel}","templated":true}]}}