{"id":23226,"date":"2025-04-15T09:24:50","date_gmt":"2025-04-15T12:24:50","guid":{"rendered":"https:\/\/radiobitacora.com.ar\/web\/?p=23226"},"modified":"2025-04-15T09:24:50","modified_gmt":"2025-04-15T12:24:50","slug":"valdes-se-reunio-con-karina-milei-queremos-ampliar-nuestro-espacio-politico","status":"publish","type":"post","link":"https:\/\/radiobitacora.com.ar\/web\/2025\/04\/15\/valdes-se-reunio-con-karina-milei-queremos-ampliar-nuestro-espacio-politico\/","title":{"rendered":"Vald\u00e9s se reuni\u00f3 con Karina Milei: &#8220;Queremos ampliar nuestro espacio pol\u00edtico&#8221;"},"content":{"rendered":"<p>El gobernador de Corrientes, Gustavo Vald\u00e9s, confirm\u00f3 este lunes una reuni\u00f3n con Karina Milei, secretaria general de la Presidencia y presidenta de La Libertad Avanza. Durante el encuentro, abord\u00f3 tanto temas productivos como pol\u00edticos y no descart\u00f3 una eventual alianza con el espacio libertario.<\/p>\n<div class=\"link-nota-propia\">\n<div class=\"link-nota-propia__cuerpo\">\n<div class=\"nota-propia--desktop\">\n<article class=\"nota--linea\">\n<div class=\"nota__media\"><img decoding=\"async\" class=\"i-amphtml-fill-content i-amphtml-replaced-content\" title=\"Vald\u00e9s habl\u00f3 de una posible alianza con los libertarios y de su relaci\u00f3n con Colombi\" src=\"https:\/\/pxcdn.ellitoral.com.ar\/litoral\/042025\/1744383794309.webp?cw=250&amp;ch=141&amp;extw=jpg\" alt=\"Vald\u00e9s habl\u00f3 de una posible alianza con los libertarios y de su relaci\u00f3n con Colombi\" data-amp-auto-lightbox-disable=\"\" \/><\/div>\n<\/article>\n<\/div>\n<\/div>\n<\/div>\n<p>En una entrevista con radio Sudamericana, el mandatario se\u00f1al\u00f3 que: \u201cfue una reuni\u00f3n importante. Hablamos de cuestiones productivas, industriales y tambi\u00e9n de pol\u00edtica&#8221;. Aunque aclar\u00f3 que la fotograf\u00eda que circul\u00f3 en redes \u201ces de archivo\u201d, confirm\u00f3 que la reuni\u00f3n se llev\u00f3 a cabo en la tarde del lunes y que \u201cquedamos en seguir conversando\u201d.<\/p>\n<p><strong>Vald\u00e9s remarc\u00f3 que Vamos Corrientes, el frente provincial que lidera, mantiene una postura de apertura hacia otros sectores:<\/strong><br \/>\n\u201cEstamos decididos a ampliar nuestro espacio pol\u00edtico. Somos un frente plural y queremos sumar nuevos actores. Hoy trabajamos con sectores libertarios que antes no formaban parte de nuestro espacio, y estamos en conversaciones con La Libertad Avanza para construir algo m\u00e1s amplio\u201d.<\/p>\n<p>En ese sentido, el gobernador plante\u00f3 que el objetivo es consolidar un frente pol\u00edtico con miras tanto a las pr\u00f3ximas elecciones provinciales como, eventualmente, a nivel nacional:<\/p>\n<p><strong>\u201cQueremos seguir en este ritmo, construyendo un espacio con potencial electoral. Si no se da, seguiremos cada uno desde su lugar, pero siempre trabajando por Corrientes y por el pa\u00eds\u201d, aclar\u00f3.<\/strong><\/p>\n<p>Durante la reuni\u00f3n, tambi\u00e9n se discutieron temas estrat\u00e9gicos para el desarrollo de la provincia, como el crecimiento del sector forestal, la reactivaci\u00f3n del puerto, inversiones en infraestructura el\u00e9ctrica y obras clave para el interior correntino.<br \/>\n\u201cEs auspicioso tener un rumbo com\u00fan de crecimiento\u201d, expres\u00f3 Vald\u00e9s.<\/p>\n<p>En cuanto al v\u00ednculo con el gobierno nacional, asegur\u00f3:\u00a0<strong>\u201cTenemos una buena relaci\u00f3n con el jefe de Gabinete, Guillermo Francos, y ahora sumamos este encuentro con Karina Milei, que tambi\u00e9n es importante. Lo central es seguir pensando en Corrientes\u201d.<\/strong><\/p>\n<p>Finalmente, Vald\u00e9s fue cauto respecto al futuro electoral y puso el foco en la ciudadan\u00eda: \u201cLa clave est\u00e1 en sumar la voluntad de la gente, no solo de los dirigentes. Ya vimos que los nombres no alcanzan si no hay respaldo popular\u201d.<\/p>\n<p>Y concluy\u00f3:\u00a0<strong>\u201cCorrientes puede ser clave. Estamos convencidos de que juntos podemos aportar un triunfo desde nuestra provincia y contribuir al pa\u00eds\u201d.<\/strong><\/p>\n<p>La foto con Karina Milei, hab\u00eda circulado este lunes por la tarde, despu\u00e9s de haber participado de una reuni\u00f3n con la secretaria general de la presidencia. En este sentido, la semana\u00a0pasada, el mandatario se hab\u00eda pronunciado sobre una posible alianza con La Libertad Avanza de cara a las elecciones provinciales, y declar\u00f3:<\/p>\n<p><strong>&#8220;Estamos en conversaciones con Buenos Aires, de hecho hemos apoyado la Ley Bases.\u00a0Si ellos quieren trabajar por Corrientes y nos quieren dar una mano, bienvenidos&#8221;, dijo al ser consultado sobre un acercamiento&#8221;.<\/strong><\/p>\n","protected":false},"excerpt":{"rendered":"<p>El gobernador de Corrientes, Gustavo Vald\u00e9s, confirm\u00f3 este lunes una reuni\u00f3n con Karina Milei, secretaria general de la Presidencia y presidenta de La Libertad Avanza. Durante el encuentro, abord\u00f3 tanto temas productivos como pol\u00edticos y no descart\u00f3 una eventual alianza con el espacio libertario. En una entrevista con radio Sudamericana, el mandatario se\u00f1al\u00f3 que: \u201cfue [&hellip;]<\/p>\n","protected":false},"author":2,"featured_media":23228,"comment_status":"closed","ping_status":"closed","sticky":false,"template":"","format":"standard","meta":{"footnotes":""},"categories":[79],"tags":[],"class_list":{"0":"post-23226","1":"post","2":"type-post","3":"status-publish","4":"format-standard","5":"has-post-thumbnail","7":"category-politica"},"_links":{"self":[{"href":"https:\/\/radiobitacora.com.ar\/web\/wp-json\/wp\/v2\/posts\/23226","targetHints":{"allow":["GET"]}}],"collection":[{"href":"https:\/\/radiobitacora.com.ar\/web\/wp-json\/wp\/v2\/posts"}],"about":[{"href":"https:\/\/radiobitacora.com.ar\/web\/wp-json\/wp\/v2\/types\/post"}],"author":[{"embeddable":true,"href":"https:\/\/radiobitacora.com.ar\/web\/wp-json\/wp\/v2\/users\/2"}],"replies":[{"embeddable":true,"href":"https:\/\/radiobitacora.com.ar\/web\/wp-json\/wp\/v2\/comments?post=23226"}],"version-history":[{"count":0,"href":"https:\/\/radiobitacora.com.ar\/web\/wp-json\/wp\/v2\/posts\/23226\/revisions"}],"wp:featuredmedia":[{"embeddable":true,"href":"https:\/\/radiobitacora.com.ar\/web\/wp-json\/wp\/v2\/media\/23228"}],"wp:attachment":[{"href":"https:\/\/radiobitacora.com.ar\/web\/wp-json\/wp\/v2\/media?parent=23226"}],"wp:term":[{"taxonomy":"category","embeddable":true,"href":"https:\/\/radiobitacora.com.ar\/web\/wp-json\/wp\/v2\/categories?post=23226"},{"taxonomy":"post_tag","embeddable":true,"href":"https:\/\/radiobitacora.com.ar\/web\/wp-json\/wp\/v2\/tags?post=23226"}],"curies":[{"name":"wp","href":"https:\/\/api.w.org\/{rel}","templated":true}]}}