{"id":23230,"date":"2025-04-20T07:25:05","date_gmt":"2025-04-20T10:25:05","guid":{"rendered":"https:\/\/radiobitacora.com.ar\/web\/?p=23230"},"modified":"2025-04-20T07:25:05","modified_gmt":"2025-04-20T10:25:05","slug":"48o-fns-coordinacion-de-vuelo-de-dron","status":"publish","type":"post","link":"https:\/\/radiobitacora.com.ar\/web\/2025\/04\/20\/48o-fns-coordinacion-de-vuelo-de-dron\/","title":{"rendered":"48\u00ba FNS: Coordinaci\u00f3n de vuelo de Dron"},"content":{"rendered":"<p class=\"rtejustify\">El pr\u00f3ximo mi\u00e9rcoles 30 de abril a las 18 horas, en la Carpa de Prensa, Alberto Adri\u00e1n Marcial invita a una reuni\u00f3n de Pilotos de Drones.<\/p>\n<p class=\"rtejustify\">\n<p class=\"rtejustify\">Con motivo del pr\u00f3ximo Mundial de Pesca, evento multitudinario en el que estar\u00e1n filmando desde el aire muchos pilotos, se invita a una reuni\u00f3n previa para coordinar los vuelos de manera organizada y segura. Definiremos zonas de vuelo, altitudes, frecuencias de comunicaci\u00f3n y cualquier otro aspecto necesario para una labor \u00f3ptima y segura.<\/p>\n<p class=\"rtejustify\">\n<p class=\"rtejustify\">Dado que habr\u00e1 varios drones operando simult\u00e1neamente, es fundamental establecer un plan de vuelo que permita evitar accidentes y garantizar que la cobertura a\u00e9rea del evento sea impecable. Una mala coordinaci\u00f3n podr\u00eda poner en riesgo la seguridad de los asistentes, comprometer los equipos y empa\u00f1ar el evento.<\/p>\n<p class=\"rtejustify\">En el encuentro destinado a Pilotos de Drones se definir\u00e1n zonas de vuelo; altitudes, frecuencias de comunicaci\u00f3n y cualquier otro aspecto necesario para que la labor sea eficiente y segura.<\/p>\n<p class=\"rtejustify\">Se requiere la presencia y participaci\u00f3n de los pilotos que ser\u00e1n parte de esta actividad durante el desarrollo del \u201cMundial de Pesca\u201d, a la reuni\u00f3n a realizarse el mi\u00e9rcoles 30 de abril, a las 18 horas, en la Carpa de Prensa, en Costa Surub\u00ed.<\/p>\n","protected":false},"excerpt":{"rendered":"<p>El pr\u00f3ximo mi\u00e9rcoles 30 de abril a las 18 horas, en la Carpa de Prensa, Alberto Adri\u00e1n Marcial invita a una reuni\u00f3n de Pilotos de Drones. Con motivo del pr\u00f3ximo Mundial de Pesca, evento multitudinario en el que estar\u00e1n filmando desde el aire muchos pilotos, se invita a una reuni\u00f3n previa para coordinar los vuelos [&hellip;]<\/p>\n","protected":false},"author":2,"featured_media":23231,"comment_status":"closed","ping_status":"closed","sticky":false,"template":"","format":"standard","meta":{"footnotes":""},"categories":[56],"tags":[],"class_list":{"0":"post-23230","1":"post","2":"type-post","3":"status-publish","4":"format-standard","5":"has-post-thumbnail","7":"category-locales"},"_links":{"self":[{"href":"https:\/\/radiobitacora.com.ar\/web\/wp-json\/wp\/v2\/posts\/23230","targetHints":{"allow":["GET"]}}],"collection":[{"href":"https:\/\/radiobitacora.com.ar\/web\/wp-json\/wp\/v2\/posts"}],"about":[{"href":"https:\/\/radiobitacora.com.ar\/web\/wp-json\/wp\/v2\/types\/post"}],"author":[{"embeddable":true,"href":"https:\/\/radiobitacora.com.ar\/web\/wp-json\/wp\/v2\/users\/2"}],"replies":[{"embeddable":true,"href":"https:\/\/radiobitacora.com.ar\/web\/wp-json\/wp\/v2\/comments?post=23230"}],"version-history":[{"count":0,"href":"https:\/\/radiobitacora.com.ar\/web\/wp-json\/wp\/v2\/posts\/23230\/revisions"}],"wp:featuredmedia":[{"embeddable":true,"href":"https:\/\/radiobitacora.com.ar\/web\/wp-json\/wp\/v2\/media\/23231"}],"wp:attachment":[{"href":"https:\/\/radiobitacora.com.ar\/web\/wp-json\/wp\/v2\/media?parent=23230"}],"wp:term":[{"taxonomy":"category","embeddable":true,"href":"https:\/\/radiobitacora.com.ar\/web\/wp-json\/wp\/v2\/categories?post=23230"},{"taxonomy":"post_tag","embeddable":true,"href":"https:\/\/radiobitacora.com.ar\/web\/wp-json\/wp\/v2\/tags?post=23230"}],"curies":[{"name":"wp","href":"https:\/\/api.w.org\/{rel}","templated":true}]}}