{"id":23248,"date":"2025-04-20T08:33:19","date_gmt":"2025-04-20T11:33:19","guid":{"rendered":"https:\/\/radiobitacora.com.ar\/web\/?p=23248"},"modified":"2025-04-20T08:33:19","modified_gmt":"2025-04-20T11:33:19","slug":"catastrofica-semana-santa-para-el-turismo-mucha-preocupacion-por-los-numeros-de-mar-del-plata-y-la-costa","status":"publish","type":"post","link":"https:\/\/radiobitacora.com.ar\/web\/2025\/04\/20\/catastrofica-semana-santa-para-el-turismo-mucha-preocupacion-por-los-numeros-de-mar-del-plata-y-la-costa\/","title":{"rendered":"Catastr\u00f3fica Semana Santa para el turismo: mucha preocupaci\u00f3n por los n\u00fameros de Mar del Plata y la costa"},"content":{"rendered":"<section class=\"detail-body first-paragraph\">\n<section id=\"note-body\" class=\"body-content note-body content-protected-false\" data-twitter-link=\"https:\/\/twitter.com\/intent\/tweet?url=https:\/\/www.minutouno.com\/c6136289&amp;v\u00eda=Ambitocom&amp;related=MinutoUno&amp;text=\">Los n\u00fameros del\u00a0<strong>fin de semana largo<\/strong>\u00a0de Pascuas en\u00a0<strong>Mar del Plata y la costa atl\u00e1ntica\u00a0<\/strong>son de los peores de los \u00faltimos a\u00f1os a todo nivel, tanto en cantidad de gente como en el consumo de los turistas en las ciudades elegidas.<\/p>\n<\/section>\n<\/section>\n<section class=\"detail-body second-paragraph\">\n<section class=\"body-content note-body content-protected-false\">En Mar del Plata se mejoraron los n\u00fameros en\u00a0<strong>Semana Santa<\/strong>\u00a0respecto del feriado del 24 de marzo pasado, pero qued\u00f3 muy lejos de las buenas temporadas en la\u00a0<strong>&#8220;Ciudad Feliz&#8221;<\/strong>.<\/p>\n<\/section>\n<\/section>\n<section class=\"related-note-in-body\">\n<article class=\"related-note-in-body-article row align-items-stretch no-gutters with-video \" data-type=\"article\">\n<div class=\"col-auto\"><\/div>\n<div class=\"col\">\n<div class=\"info-wrapper\">\n<h2 class=\"title\"><a title=\"El viral de un recuerdo que todav\u00eda se siente en Mar del Plata: c\u00f3mo era la confiter\u00eda Boston en los 80 y 90\" href=\"https:\/\/www.minutouno.com\/lifestyle\/el-viral-un-recuerdo-que-todavia-se-siente-mar-del-plata-como-era-la-confiteria-boston-los-80-y-90-n6136330\" target=\"\">El viral de un recuerdo que todav\u00eda se siente en Mar del Plata: c\u00f3mo era la confiter\u00eda Boston en los &#8217;80 y &#8217;90<\/a><\/h2>\n<\/div>\n<\/div>\n<\/article>\n<\/section>\n<section class=\"detail-body\">\n<section class=\"body-content note-body content-protected-false\">\n<div id=\"7989050-Libre-1019289181_wrap\" class=\"embed_cont type_imagen\" contenteditable=\"false\">\n<div id=\"7989050-Libre-1019289181_content\" class=\"embed_content\">\n<div id=\"standard_2\" class=\"st-placement standard_2 inImage\">\n<div class=\"st-adunit st-adunit-tagged st-reset st-show\">\n<div class=\"st-adunit-ad st-reset\"><\/div>\n<\/div>\n<\/div>\n<p><img loading=\"lazy\" decoding=\"async\" id=\"7989050-Libre-1019289181_embed\" title=\"Mar del Plata, una de las ciudades m\u00e1s lindas del mundo.\" src=\"https:\/\/media.minutouno.com\/p\/a02a8a56c86f4ef8f9952e6743f222de\/adjuntos\/150\/imagenes\/041\/861\/0041861568\/mar-del-plata.jpg\" alt=\"Mar del Plata, una de las ciudades m\u00e1s lindas del mundo.\" width=\"610\" height=\"457\" data-td-src-property=\"https:\/\/media.minutouno.com\/p\/a02a8a56c86f4ef8f9952e6743f222de\/adjuntos\/150\/imagenes\/041\/861\/0041861568\/mar-del-plata.jpg\" \/><\/div>\n<div id=\"7989050-Libre-1019289181_epigrafe\" class=\"embed_epigrafe\">\n<p>Mar del Plata, una de las ciudades m\u00e1s lindas del mundo.<\/p>\n<\/div>\n<\/div>\n<h2>Mar del Plata: solo el 40% de ocupaci\u00f3n hotelera<\/h2>\n<p><strong>&#8220;La realidad es que en muchos hoteles la ocupaci\u00f3n no supera hoy el 40%, un porcentaje que l\u00f3gicamente nos genera preocupaci\u00f3n por el impacto que esto tiene en el trabajo<\/strong>, sabiendo que otros a\u00f1os durante Semana Santa la ocupaci\u00f3n superaba ampliamente el 70%&#8221;, explic\u00f3 el secretario general de la Uni\u00f3n de Trabajadores del Turismo, Hoteleros y Gastron\u00f3micos de la Rep\u00fablica Argentina (Uthgra), Pablo Sant\u00edn.<\/p>\n<p>&#8220;El turismo es un aliado del trabajo en la hoteler\u00eda y la gastronom\u00eda. La temporada ya qued\u00f3 atr\u00e1s y ahora el foco est\u00e1 puesto en cada fin de semana largo.\u00a0<strong>El anterior se sinti\u00f3 muy poco, fue uno de los peores en al menos 10 a\u00f1os, con menos de 30% de ocupaci\u00f3n<\/strong>. En este caso, Semana Santa repunt\u00f3, vino m\u00e1s gente y se siente eso en la actividad&#8221;, agreg\u00f3 Sant\u00edn.<\/p>\n<div id=\"7988664-Libre-111185237_wrap\" class=\"embed_cont type_imagen\" contenteditable=\"false\">\n<div id=\"7988664-Libre-111185237_content\" class=\"embed_content\">\n<div id=\"standard_3\" class=\"st-placement standard_3 inImage\">\n<div class=\"st-adunit st-adunit-tagged st-reset st-show\">\n<div>\n<div class=\"st-adunit-ad st-reset\">\n<div class=\"st-display-render st-reset open 300x250\">\n<div class=\"st-canvas st-reset vertical-static\">\n<div class=\"x-to-close st-reset\"><\/div>\n<p><iframe id=\"seedtag_creative_566\" class=\"st-reset\" title=\"seedtag_creative_566\" name=\"seedtag_creative\" scrolling=\"no\" data-mce-fragment=\"1\"><\/iframe><\/div>\n<\/div>\n<\/div>\n<\/div>\n<\/div>\n<\/div>\n<p><img loading=\"lazy\" decoding=\"async\" id=\"7988664-Libre-111185237_embed\" title=\"Mar del Plata se convierte en un nuevo destino estrat\u00e9gico para el avistaje de ballenas\" src=\"https:\/\/media.minutouno.com\/p\/44adfb666cb58098653dd71cc928fb3f\/adjuntos\/150\/imagenes\/041\/858\/0041858741\/mar-del-plata.png\" alt=\"Mar del Plata se convierte en un nuevo destino estrat\u00e9gico para el avistaje de ballenas\" width=\"610\" height=\"457\" data-td-src-property=\"https:\/\/media.minutouno.com\/p\/44adfb666cb58098653dd71cc928fb3f\/adjuntos\/150\/imagenes\/041\/858\/0041858741\/mar-del-plata.png\" \/><\/div>\n<div id=\"7988664-Libre-111185237_epigrafe\" class=\"embed_epigrafe\">\n<p>Mar del Plata se convierte en un nuevo destino estrat\u00e9gico para el avistaje de ballenas<\/p>\n<\/div>\n<\/div>\n<p>Pero la preocupaci\u00f3n ahora pasa por las vacaciones de invierno de julio, debido a que por lo general siempre fueron mejores los n\u00fameros del fin de semana largo de Pascuas.<\/p>\n<h2>Cu\u00e1ndo son las vacaciones de invierno<\/h2>\n<p>En todas las provincias del pa\u00eds las vacaciones de invierno comenzar\u00e1n en julio, aunque hay tres fechas diferentes para el receso de mitad de a\u00f1o.<\/p>\n<p><strong>Vacaciones de invierno entre 7 y 18 de julio<\/strong><\/p>\n<ul>\n<li>\u00a0Chubut<\/li>\n<li>C\u00f3rdoba<\/li>\n<li>Entre R\u00edos<\/li>\n<li>La Rioja<\/li>\n<li>Mendoza<\/li>\n<li>Neuqu\u00e9n<\/li>\n<li>R\u00edo Negro<\/li>\n<li>San Juan<\/li>\n<li>San Luis<\/li>\n<li>Santa Fe<\/li>\n<li>Tucum\u00e1n<\/li>\n<\/ul>\n<p><strong>Vacaciones de invierno entre 14 y 25 de julio:<\/strong><\/p>\n<ul>\n<li>\u00a0Catamarca<\/li>\n<li>Corrientes<\/li>\n<li>Formosa<\/li>\n<li>Jujuy<\/li>\n<li>La Pampa<\/li>\n<li>Misiones<\/li>\n<li>Salta<\/li>\n<li>Santa Cruz<\/li>\n<li>Tierra del Fuego<\/li>\n<\/ul>\n<p><strong>Vacaciones de invierno entre el 21 de julio y el 1 de agosto:<\/strong><\/p>\n<ul>\n<li>\u00a0Ciudad Aut\u00f3noma de Buenos Aires<\/li>\n<li>Buenos Aires<\/li>\n<li>Chaco<\/li>\n<li>Santiago del Estero<\/li>\n<\/ul>\n<\/section>\n<\/section>\n","protected":false},"excerpt":{"rendered":"<p>Los n\u00fameros del\u00a0fin de semana largo\u00a0de Pascuas en\u00a0Mar del Plata y la costa atl\u00e1ntica\u00a0son de los peores de los \u00faltimos a\u00f1os a todo nivel, tanto en cantidad de gente como en el consumo de los turistas en las ciudades elegidas. En Mar del Plata se mejoraron los n\u00fameros en\u00a0Semana Santa\u00a0respecto del feriado del 24 de [&hellip;]<\/p>\n","protected":false},"author":2,"featured_media":23249,"comment_status":"closed","ping_status":"closed","sticky":false,"template":"","format":"standard","meta":{"footnotes":""},"categories":[73],"tags":[],"class_list":{"0":"post-23248","1":"post","2":"type-post","3":"status-publish","4":"format-standard","5":"has-post-thumbnail","7":"category-turismo"},"_links":{"self":[{"href":"https:\/\/radiobitacora.com.ar\/web\/wp-json\/wp\/v2\/posts\/23248","targetHints":{"allow":["GET"]}}],"collection":[{"href":"https:\/\/radiobitacora.com.ar\/web\/wp-json\/wp\/v2\/posts"}],"about":[{"href":"https:\/\/radiobitacora.com.ar\/web\/wp-json\/wp\/v2\/types\/post"}],"author":[{"embeddable":true,"href":"https:\/\/radiobitacora.com.ar\/web\/wp-json\/wp\/v2\/users\/2"}],"replies":[{"embeddable":true,"href":"https:\/\/radiobitacora.com.ar\/web\/wp-json\/wp\/v2\/comments?post=23248"}],"version-history":[{"count":0,"href":"https:\/\/radiobitacora.com.ar\/web\/wp-json\/wp\/v2\/posts\/23248\/revisions"}],"wp:featuredmedia":[{"embeddable":true,"href":"https:\/\/radiobitacora.com.ar\/web\/wp-json\/wp\/v2\/media\/23249"}],"wp:attachment":[{"href":"https:\/\/radiobitacora.com.ar\/web\/wp-json\/wp\/v2\/media?parent=23248"}],"wp:term":[{"taxonomy":"category","embeddable":true,"href":"https:\/\/radiobitacora.com.ar\/web\/wp-json\/wp\/v2\/categories?post=23248"},{"taxonomy":"post_tag","embeddable":true,"href":"https:\/\/radiobitacora.com.ar\/web\/wp-json\/wp\/v2\/tags?post=23248"}],"curies":[{"name":"wp","href":"https:\/\/api.w.org\/{rel}","templated":true}]}}