{"id":23254,"date":"2025-05-18T21:46:26","date_gmt":"2025-05-19T00:46:26","guid":{"rendered":"https:\/\/radiobitacora.com.ar\/web\/?p=23254"},"modified":"2025-05-18T21:46:26","modified_gmt":"2025-05-19T00:46:26","slug":"catastrofica-eleccion-del-pro-tuvo-su-peor-rendimiento-desde-2003-y-perdio-en-todas-las-comunas","status":"publish","type":"post","link":"https:\/\/radiobitacora.com.ar\/web\/2025\/05\/18\/catastrofica-eleccion-del-pro-tuvo-su-peor-rendimiento-desde-2003-y-perdio-en-todas-las-comunas\/","title":{"rendered":"Catastr\u00f3fica elecci\u00f3n del PRO: tuvo su peor rendimiento desde 2003 y perdi\u00f3 en todas las comunas"},"content":{"rendered":"<p class=\"paragraph\" data-mrf-recirculation=\"Links inline\">La diputada\u00a0<b>Silvia Lospennato<\/b>\u00a0y los primos\u00a0<b>Jorge<\/b>\u00a0y\u00a0<b>Mauricio Macri<\/b>\u00a0-junto a la jefa de campa\u00f1a y ex gobernadora bonaerense,\u00a0<b>Mar\u00eda Eugenia Vidal<\/b>&#8211; quedaron esta noche como las\u00a0<b>principales caras de la catastr\u00f3fica elecci\u00f3n del Pro en la Ciudad\u00a0<\/b>de Buenos Aires,\u00a0<b>la base y el coraz\u00f3n del partido amarillo desde que compite hace 22 a\u00f1os en territorio porte\u00f1o: no gan\u00f3 ni una sola comuna, las cuales se repartieron entre La Libertad Avanza y el kirchnerismo<\/b>.<\/p>\n<p class=\"paragraph\" data-mrf-recirculation=\"Links inline\">Con m\u00e1s del 99% de mesas escrutadas, la candidatura -m\u00e1s que inflada- de Lospennato en la previa se tradujo en menos de 16% de los votos para la actual diputada por Buenos Aires. Las idas y vueltas de los macristas -un vicio de varias fuerzas pol\u00edticas- entre la Ciudad y la Provincia tambi\u00e9n pasaron factura este domingo.<\/p>\n<p class=\"paragraph\" data-mrf-recirculation=\"Links inline\">Para tener una idea de la magnitud del papel\u00f3n del Pro, es la primera vez que hace menos de 30% desde que compiti\u00f3 por primera vez en territorio porte\u00f1o, cuando perdi\u00f3 en el balotaje contra el ex intendente\u00a0<b>An\u00edbal Ibarra<\/b>. En la primera vuelta, la fuerza amarilla obtuvo poco menos de 38% y, en la segunda, pas\u00f3 a 46,5%.<\/p>\n<div class=\"visual__image\"><picture><source srcset=\"https:\/\/www.infobae.com\/resizer\/v2\/K3RODKDLENE6XDZ7CAQBEPSFAQ.jpg?auth=f66a6ab0aa9d943c4acb16da8eae93d72d9acf84bf69b13f5a7889dc21fe695b&amp;smart=true&amp;width=992&amp;height=558&amp;quality=85\" media=\"(min-width: 1000px)\" \/><source srcset=\"https:\/\/www.infobae.com\/resizer\/v2\/K3RODKDLENE6XDZ7CAQBEPSFAQ.jpg?auth=f66a6ab0aa9d943c4acb16da8eae93d72d9acf84bf69b13f5a7889dc21fe695b&amp;smart=true&amp;width=768&amp;height=432&amp;quality=85\" media=\"(min-width: 768px)\" \/><source srcset=\"https:\/\/www.infobae.com\/resizer\/v2\/K3RODKDLENE6XDZ7CAQBEPSFAQ.jpg?auth=f66a6ab0aa9d943c4acb16da8eae93d72d9acf84bf69b13f5a7889dc21fe695b&amp;smart=true&amp;width=577&amp;height=325&amp;quality=85\" media=\"(min-width: 580px)\" \/><source srcset=\"https:\/\/www.infobae.com\/resizer\/v2\/K3RODKDLENE6XDZ7CAQBEPSFAQ.jpg?auth=f66a6ab0aa9d943c4acb16da8eae93d72d9acf84bf69b13f5a7889dc21fe695b&amp;smart=true&amp;width=420&amp;height=236&amp;quality=85\" media=\"(min-width: 350px)\" \/><source srcset=\"https:\/\/www.infobae.com\/resizer\/v2\/K3RODKDLENE6XDZ7CAQBEPSFAQ.jpg?auth=f66a6ab0aa9d943c4acb16da8eae93d72d9acf84bf69b13f5a7889dc21fe695b&amp;smart=true&amp;width=350&amp;height=197&amp;quality=85\" media=\"(min-width: 80px)\" \/><img loading=\"lazy\" decoding=\"async\" class=\"global-image\" src=\"https:\/\/www.infobae.com\/resizer\/v2\/K3RODKDLENE6XDZ7CAQBEPSFAQ.jpg?auth=f66a6ab0aa9d943c4acb16da8eae93d72d9acf84bf69b13f5a7889dc21fe695b&amp;smart=true&amp;width=350&amp;height=197&amp;quality=85\" alt=\"Porcentajes de participaci\u00f3n en competencias\" width=\"1920\" height=\"1080\" \/><\/picture>Porcentajes de participaci\u00f3n en competencias electorales en la Ciudad de Buenos Aires (1997-2025)<\/div>\n<p class=\"paragraph\" data-mrf-recirculation=\"Links inline\">Cuatro a\u00f1os m\u00e1s tarde, el propio\u00a0<b>Mauricio Macri<\/b>\u00a0venci\u00f3 en primera vuelta y luego en el balotaje al multi kirchnerista\u00a0<b>Daniel Filmus<\/b>. En 2011 se repiti\u00f3 la mec\u00e1nica y, en medio de la ola cristinista y el \u201cvamos por todo\u201d de la ex primera mandataria, el Pro mantuvo su basti\u00f3n principal. En 2015, el ahora \u201cenemigo\u201d y \u201copositor\u201d\u00a0<b>Horacio Rodr\u00edguez Larreta<\/b>\u00a0lo sucedi\u00f3 como jefe de Gobierno, tras una re\u00f1ida compulsa contra el radical\u00a0<b>Mart\u00edn Lousteau<\/b>.<\/p>\n<div class=\"inline_2_DSK ad-wrapper ad-desktop\">\n<div class=\"dfpAd ad-inline\">\n<div id=\"infobae\/politica\/nota\/inline_2_DSK\" class=\"infobae\/politica\/nota\/inline_2_DSK arcad\" data-google-query-id=\"CICM0e2mro0DFVlN3QIdbvc45A\">\n<div id=\"google_ads_iframe_\/1058609\/infobae\/politica\/nota\/inline_2_DSK_0__container__\"><\/div>\n<\/div>\n<\/div>\n<\/div>\n<p class=\"paragraph\" data-mrf-recirculation=\"Links inline\">En 2019, la ca\u00edda de Cambiemos a nivel nacional y en la Buenos Aires de Vidal no impidi\u00f3 que\u00a0<b>Rodr\u00edguez Larreta<\/b>\u00a0reeligiera directo en la primera vuelta, con m\u00e1s del 55%. En 2023, Macri -Jorge- se acerc\u00f3 a 50% y su principal competidor a la jefatura de la Ciudad, el kirchnerista\u00a0<b>Leandro Santoro<\/b> -segundo este domingo, detr\u00e1s de Manuel Adorni-, abort\u00f3 el balotaje.<\/p>\n<p class=\"paragraph\" data-mrf-recirculation=\"Links inline\">La fuerza amarilla siempre supo que se encontraba tercera para esta elecci\u00f3n, pese a que Vidal se\u00f1al\u00f3, una vez finalizados los comicios, que no hab\u00edan trabajado con bocas de urna. Una mentira descartada por sus propios compa\u00f1eros, que para las 16 ya ten\u00edan un panorama nada alentador, con Lospennato fijada en dicho puesto.<\/p>\n<div class=\"visual__image\"><picture><source srcset=\"https:\/\/www.infobae.com\/resizer\/v2\/PM5Z6ESHQZHZJNGBSWJLC3QZIM.jpg?auth=bdaa8807cf9d09cac0cecc0c3b3630b6619a2528dd01c9f5e996aa223ceac903&amp;smart=true&amp;width=992&amp;height=558&amp;quality=85\" media=\"(min-width: 1000px)\" \/><source srcset=\"https:\/\/www.infobae.com\/resizer\/v2\/PM5Z6ESHQZHZJNGBSWJLC3QZIM.jpg?auth=bdaa8807cf9d09cac0cecc0c3b3630b6619a2528dd01c9f5e996aa223ceac903&amp;smart=true&amp;width=768&amp;height=432&amp;quality=85\" media=\"(min-width: 768px)\" \/><source srcset=\"https:\/\/www.infobae.com\/resizer\/v2\/PM5Z6ESHQZHZJNGBSWJLC3QZIM.jpg?auth=bdaa8807cf9d09cac0cecc0c3b3630b6619a2528dd01c9f5e996aa223ceac903&amp;smart=true&amp;width=577&amp;height=325&amp;quality=85\" media=\"(min-width: 580px)\" \/><source srcset=\"https:\/\/www.infobae.com\/resizer\/v2\/PM5Z6ESHQZHZJNGBSWJLC3QZIM.jpg?auth=bdaa8807cf9d09cac0cecc0c3b3630b6619a2528dd01c9f5e996aa223ceac903&amp;smart=true&amp;width=420&amp;height=236&amp;quality=85\" media=\"(min-width: 350px)\" \/><source srcset=\"https:\/\/www.infobae.com\/resizer\/v2\/PM5Z6ESHQZHZJNGBSWJLC3QZIM.jpg?auth=bdaa8807cf9d09cac0cecc0c3b3630b6619a2528dd01c9f5e996aa223ceac903&amp;smart=true&amp;width=350&amp;height=197&amp;quality=85\" media=\"(min-width: 80px)\" \/><img loading=\"lazy\" decoding=\"async\" class=\"global-image\" src=\"https:\/\/www.infobae.com\/resizer\/v2\/PM5Z6ESHQZHZJNGBSWJLC3QZIM.jpg?auth=bdaa8807cf9d09cac0cecc0c3b3630b6619a2528dd01c9f5e996aa223ceac903&amp;smart=true&amp;width=350&amp;height=197&amp;quality=85\" alt=\"El ex presidente y titular\" width=\"1920\" height=\"1080\" \/><\/picture>El ex presidente y titular del PRO, Mauricio Macri, tras la contundente derrota en la Ciudad (Fotos: Jaime Olivos)<\/div>\n<p class=\"paragraph\" data-mrf-recirculation=\"Links inline\"><b>Comunas que gan\u00f3 La Libertad Avanza (9)<\/b>: 1 (Retiro, San Nicol\u00e1s, Puerto Madero, San Telmo, Montserrat y Constituci\u00f3n), 2 (Recoleta), 14 (Palermo), 13 (N\u00fa\u00f1ez, Belgrano y Colegiales), 12 (Coghlan, Saavedra, Villa Urquiza y Villa Pueyrred\u00f3n), 11 (Villa General Mitre, Villa Devoto, Villa del Parque y Villa Santa Rita), 10 (Villa Real, Monte Castro, Versalles, Floresta, V\u00e9lez Sarsfield y Villa Luro), 7 (Flores, Parque Chacabuco) y 6 (Caballito).<\/p>\n<p class=\"paragraph\" data-mrf-recirculation=\"Links inline\"><b>Comunas en las que venci\u00f3 el kirchnerismo (6)<\/b>: 4 (La Boca, Barracas, Parque Patricios y Nueva Pompeya), 3 (Balvanera y San Crist\u00f3bal), 5 (Almagro y Boedo), 8 (Villa Soldati, Villa Riachuelo, Villa Lugano), 15 (Chacarita, Villa Crespo, La Paternal, Villa Ort\u00fazar, Agronom\u00eda y Parque Chas) y 9 (Liniers, Mataderos y Parque Avellaneda).<\/p>\n<p class=\"paragraph\" data-mrf-recirculation=\"Links inline\">De esta manera, entre libertarios y kirchneristas se dividen la Ciudad de Buenos Aires -m\u00e1s cantidad para los primeros-,\u00a0<b>de cara a un potencial enfrenamiento en 2023 no s\u00f3lo por el control porte\u00f1o, sino de uno de los presupuestos m\u00e1s importantes del pa\u00eds<\/b>.<\/p>\n<div class=\"visual__image\"><picture><source srcset=\"https:\/\/www.infobae.com\/resizer\/v2\/RLIIAMIO4VBKZHHVGFJHCZKJDU.jpg?auth=fa03068bc2d4397e5db39bc0cd7d16cf43ad301db71fe4f2dcc5f91a753825f2&amp;smart=true&amp;width=992&amp;height=661&amp;quality=85\" media=\"(min-width: 1000px)\" \/><source srcset=\"https:\/\/www.infobae.com\/resizer\/v2\/RLIIAMIO4VBKZHHVGFJHCZKJDU.jpg?auth=fa03068bc2d4397e5db39bc0cd7d16cf43ad301db71fe4f2dcc5f91a753825f2&amp;smart=true&amp;width=768&amp;height=512&amp;quality=85\" media=\"(min-width: 768px)\" \/><source srcset=\"https:\/\/www.infobae.com\/resizer\/v2\/RLIIAMIO4VBKZHHVGFJHCZKJDU.jpg?auth=fa03068bc2d4397e5db39bc0cd7d16cf43ad301db71fe4f2dcc5f91a753825f2&amp;smart=true&amp;width=577&amp;height=385&amp;quality=85\" media=\"(min-width: 580px)\" \/><source srcset=\"https:\/\/www.infobae.com\/resizer\/v2\/RLIIAMIO4VBKZHHVGFJHCZKJDU.jpg?auth=fa03068bc2d4397e5db39bc0cd7d16cf43ad301db71fe4f2dcc5f91a753825f2&amp;smart=true&amp;width=420&amp;height=280&amp;quality=85\" media=\"(min-width: 350px)\" \/><source srcset=\"https:\/\/www.infobae.com\/resizer\/v2\/RLIIAMIO4VBKZHHVGFJHCZKJDU.jpg?auth=fa03068bc2d4397e5db39bc0cd7d16cf43ad301db71fe4f2dcc5f91a753825f2&amp;smart=true&amp;width=350&amp;height=233&amp;quality=85\" media=\"(min-width: 80px)\" \/><img loading=\"lazy\" decoding=\"async\" class=\"global-image\" src=\"https:\/\/www.infobae.com\/resizer\/v2\/RLIIAMIO4VBKZHHVGFJHCZKJDU.jpg?auth=fa03068bc2d4397e5db39bc0cd7d16cf43ad301db71fe4f2dcc5f91a753825f2&amp;smart=true&amp;width=350&amp;height=233&amp;quality=85\" alt=\"La ex gobernadora bonaerense Mar\u00eda\" width=\"1920\" height=\"1278\" \/><\/picture>La ex gobernadora bonaerense Mar\u00eda Eugenia Vidal, jefa de campa\u00f1a en una p\u00e9sima elecci\u00f3n del PRO en la Ciudad<\/div>\n<p class=\"paragraph\" data-mrf-recirculation=\"Links inline\">El Pro, mientras tanto, queda ahora con la lupa encima y con dirigentes que se encuentran en plena negociaci\u00f3n con el Gobierno de Milei para las elecciones locales y nacionales. Tambi\u00e9n deber\u00e1 hacer n\u00fameros finos en la Legislatura desde diciembre pr\u00f3ximo, aunque est\u00e1 acostumbrado a las sesiones de fin de a\u00f1o, donde encuentra \u201cconsensos\u201d con el propio kirchnerismo, que no pudo dar el batacazo y contin\u00faa derrotado en la Ciudad.<\/p>\n<p class=\"paragraph\" data-mrf-recirculation=\"Links inline\">Si se sumaran los porcentajes de la jornada de hoy entre los ex Juntos por el Cambio\u00a0<b>Lospennato<\/b>\u00a0(Pro),\u00a0<b>Rodr\u00edguez Larreta<\/b>,\u00a0<b>Paula Oliveto<\/b>\u00a0(Coalici\u00f3n C\u00edvica) y<b>\u00a0\u201cLula\u201d Levy<\/b>, de Evoluci\u00f3n -err\u00e1tica estrategia del presidente radical,\u00a0<b>Mart\u00edn Lousteau-<\/b>, arrastraban un 29%. Es decir, no alcanzaba al del triunfante\u00a0<b>Manuel Adorni<\/b>, de La Libertad Avanza, que pasaba el 30%.<\/p>\n","protected":false},"excerpt":{"rendered":"<p>La diputada\u00a0Silvia Lospennato\u00a0y los primos\u00a0Jorge\u00a0y\u00a0Mauricio Macri\u00a0-junto a la jefa de campa\u00f1a y ex gobernadora bonaerense,\u00a0Mar\u00eda Eugenia Vidal&#8211; quedaron esta noche como las\u00a0principales caras de la catastr\u00f3fica elecci\u00f3n del Pro en la Ciudad\u00a0de Buenos Aires,\u00a0la base y el coraz\u00f3n del partido amarillo desde que compite hace 22 a\u00f1os en territorio porte\u00f1o: no gan\u00f3 ni una sola [&hellip;]<\/p>\n","protected":false},"author":2,"featured_media":23255,"comment_status":"closed","ping_status":"closed","sticky":false,"template":"","format":"standard","meta":{"footnotes":""},"categories":[79],"tags":[],"class_list":{"0":"post-23254","1":"post","2":"type-post","3":"status-publish","4":"format-standard","5":"has-post-thumbnail","7":"category-politica"},"_links":{"self":[{"href":"https:\/\/radiobitacora.com.ar\/web\/wp-json\/wp\/v2\/posts\/23254","targetHints":{"allow":["GET"]}}],"collection":[{"href":"https:\/\/radiobitacora.com.ar\/web\/wp-json\/wp\/v2\/posts"}],"about":[{"href":"https:\/\/radiobitacora.com.ar\/web\/wp-json\/wp\/v2\/types\/post"}],"author":[{"embeddable":true,"href":"https:\/\/radiobitacora.com.ar\/web\/wp-json\/wp\/v2\/users\/2"}],"replies":[{"embeddable":true,"href":"https:\/\/radiobitacora.com.ar\/web\/wp-json\/wp\/v2\/comments?post=23254"}],"version-history":[{"count":0,"href":"https:\/\/radiobitacora.com.ar\/web\/wp-json\/wp\/v2\/posts\/23254\/revisions"}],"wp:featuredmedia":[{"embeddable":true,"href":"https:\/\/radiobitacora.com.ar\/web\/wp-json\/wp\/v2\/media\/23255"}],"wp:attachment":[{"href":"https:\/\/radiobitacora.com.ar\/web\/wp-json\/wp\/v2\/media?parent=23254"}],"wp:term":[{"taxonomy":"category","embeddable":true,"href":"https:\/\/radiobitacora.com.ar\/web\/wp-json\/wp\/v2\/categories?post=23254"},{"taxonomy":"post_tag","embeddable":true,"href":"https:\/\/radiobitacora.com.ar\/web\/wp-json\/wp\/v2\/tags?post=23254"}],"curies":[{"name":"wp","href":"https:\/\/api.w.org\/{rel}","templated":true}]}}