{"id":23263,"date":"2025-05-18T22:13:23","date_gmt":"2025-05-19T01:13:23","guid":{"rendered":"https:\/\/radiobitacora.com.ar\/web\/?p=23263"},"modified":"2025-05-18T22:13:23","modified_gmt":"2025-05-19T01:13:23","slug":"el-senador-osella-hablo-de-la-hidrovia-y-ejes-comunes-de-las-provincias-del-litoral","status":"publish","type":"post","link":"https:\/\/radiobitacora.com.ar\/web\/2025\/05\/18\/el-senador-osella-hablo-de-la-hidrovia-y-ejes-comunes-de-las-provincias-del-litoral\/","title":{"rendered":"EL SENADOR OSELLA HABL\u00d3 DE LA HIDROV\u00cdA Y EJES COMUNES DE LAS PROVINCIAS DEL LITORAL"},"content":{"rendered":"<h3><strong>El senador de la provincia de Corrientes Ignacio Osella habl\u00f3 con Cadena Oh, en el Programa \u201cSin Mordaza\u201d de Santa Fe; acerca de dos temas puntuales como son los encuentros de las provincias del Litoral y la Hidrov\u00eda sobre el r\u00edo Paran\u00e1.<\/strong><\/h3>\n<p>El legislador se refiri\u00f3 en primer t\u00e9rmino a las distintas reuniones que vienen concretando los gobiernos de las provincias del Litoral \/Entre R\u00edos, Corrientes, Chaco, Misiones, Formosa y Santa Fe), indicando que \u201cal ser parte de la cuenca del r\u00edo Paran\u00e1, hay que pensar en las distintas cuestiones que tienen que ver con el mismo r\u00edo, que es, en definitiva, lo que nos une y lo que nos separa tambi\u00e9n, en algunos casos. Lo que pretendemos es que cada vez nos una m\u00e1s el r\u00edo Paran\u00e1, por eso es que se trabaja sobre la cuesti\u00f3n de la Hidrov\u00eda, entre otras cosas, sobre la idea de tener normativas similares en todas las provincias, un carnet \u00fanico de pesca, por ejemplo, pero a su vez tambi\u00e9n todo lo que tiene que ver con la preservaci\u00f3n del ambiente\u00b7.<\/p>\n<p>Osella cree que \u201cel tema de la veda es parte de esa preservaci\u00f3n, por lo tanto, digo, son ideas que realmente son muy importantes, que se junten los gobernadores y que planifiquen el futuro en funci\u00f3n de intereses comunes, es realmente muy muy importante. Lo importante en todo esto es tambi\u00e9n que hay gobernadores de distintas fuerzas pol\u00edticas, pero con un objetivo com\u00fan que es, casualmente, hacer que el Paran\u00e1 nos una cada vez m\u00e1s\u201d.<img loading=\"lazy\" decoding=\"async\" class=\"size-medium wp-image-79213 alignright entered lazyloaded\" src=\"https:\/\/883radiociudad.gob.ar\/wp-content\/uploads\/2025\/05\/nota-Osella-Hidrovia-ilustracion-1-300x225.jpg.webp\" sizes=\"auto, (max-width: 300px) 100vw, 300px\" srcset=\"https:\/\/883radiociudad.gob.ar\/wp-content\/uploads\/2025\/05\/nota-Osella-Hidrovia-ilustracion-1-300x225.jpg.webp 300w, https:\/\/883radiociudad.gob.ar\/wp-content\/uploads\/2025\/05\/nota-Osella-Hidrovia-ilustracion-1-1024x768.jpg.webp 1024w, https:\/\/883radiociudad.gob.ar\/wp-content\/uploads\/2025\/05\/nota-Osella-Hidrovia-ilustracion-1-768x576.jpg.webp 768w, https:\/\/883radiociudad.gob.ar\/wp-content\/uploads\/2025\/05\/nota-Osella-Hidrovia-ilustracion-1-1536x1152.jpg.webp 1536w, https:\/\/883radiociudad.gob.ar\/wp-content\/uploads\/2025\/05\/nota-Osella-Hidrovia-ilustracion-1.jpg.webp 1920w\" alt=\"\" width=\"300\" height=\"225\" data-lazy-srcset=\"https:\/\/883radiociudad.gob.ar\/wp-content\/uploads\/2025\/05\/nota-Osella-Hidrovia-ilustracion-1-300x225.jpg.webp 300w, https:\/\/883radiociudad.gob.ar\/wp-content\/uploads\/2025\/05\/nota-Osella-Hidrovia-ilustracion-1-1024x768.jpg.webp 1024w, https:\/\/883radiociudad.gob.ar\/wp-content\/uploads\/2025\/05\/nota-Osella-Hidrovia-ilustracion-1-768x576.jpg.webp 768w, https:\/\/883radiociudad.gob.ar\/wp-content\/uploads\/2025\/05\/nota-Osella-Hidrovia-ilustracion-1-1536x1152.jpg.webp 1536w, https:\/\/883radiociudad.gob.ar\/wp-content\/uploads\/2025\/05\/nota-Osella-Hidrovia-ilustracion-1.jpg.webp 1920w\" data-lazy-sizes=\"(max-width: 300px) 100vw, 300px\" data-lazy-src=\"https:\/\/883radiociudad.gob.ar\/wp-content\/uploads\/2025\/05\/nota-Osella-Hidrovia-ilustracion-1-300x225.jpg.webp\" data-lazy-src-webp=\"https:\/\/883radiociudad.gob.ar\/wp-content\/uploads\/2025\/05\/nota-Osella-Hidrovia-ilustracion-1-300x225.jpg.webp\" data-lazy-srcset-webp=\"https:\/\/883radiociudad.gob.ar\/wp-content\/uploads\/2025\/05\/nota-Osella-Hidrovia-ilustracion-1-300x225.jpg.webp 300w, https:\/\/883radiociudad.gob.ar\/wp-content\/uploads\/2025\/05\/nota-Osella-Hidrovia-ilustracion-1-1024x768.jpg.webp 1024w, https:\/\/883radiociudad.gob.ar\/wp-content\/uploads\/2025\/05\/nota-Osella-Hidrovia-ilustracion-1-768x576.jpg.webp 768w, https:\/\/883radiociudad.gob.ar\/wp-content\/uploads\/2025\/05\/nota-Osella-Hidrovia-ilustracion-1-1536x1152.jpg.webp 1536w, https:\/\/883radiociudad.gob.ar\/wp-content\/uploads\/2025\/05\/nota-Osella-Hidrovia-ilustracion-1.jpg.webp 1920w\" data-ll-status=\"loaded\" \/><\/p>\n<p>\u201cLo m\u00e1s importante es que ya se sentaron, ya llevan dos o tres reuniones, y a partir de ah\u00ed empezar a trabajar juntos, por supuesto que va a haber discusiones, no va a ser f\u00e1cil, no es una tarea sencilla, pero es necesario hacerlo porque, reitero, hay fines superiores, como por ejemplo preservar el r\u00edo Paran\u00e1 o buscar puntos de interconexi\u00f3n entre las distintas provincias. Nosotros tenemos con Reconquista un proyecto sobre el cual hemos trabajado mucho, yo siendo intendente, y el querido Cacho Esperanza y darle continuidad a eso que es el puente Goya-Reconquista, hay que seguir busc\u00e1ndole la forma para que de una buena vez se pueda encontrar esa interconexi\u00f3n f\u00edsica\u201d, finaliz\u00f3 el senador correntino.<\/p>\n","protected":false},"excerpt":{"rendered":"<p>El senador de la provincia de Corrientes Ignacio Osella habl\u00f3 con Cadena Oh, en el Programa \u201cSin Mordaza\u201d de Santa Fe; acerca de dos temas puntuales como son los encuentros de las provincias del Litoral y la Hidrov\u00eda sobre el r\u00edo Paran\u00e1. El legislador se refiri\u00f3 en primer t\u00e9rmino a las distintas reuniones que vienen [&hellip;]<\/p>\n","protected":false},"author":2,"featured_media":23264,"comment_status":"closed","ping_status":"closed","sticky":false,"template":"","format":"standard","meta":{"footnotes":""},"categories":[56],"tags":[],"class_list":{"0":"post-23263","1":"post","2":"type-post","3":"status-publish","4":"format-standard","5":"has-post-thumbnail","7":"category-locales"},"_links":{"self":[{"href":"https:\/\/radiobitacora.com.ar\/web\/wp-json\/wp\/v2\/posts\/23263","targetHints":{"allow":["GET"]}}],"collection":[{"href":"https:\/\/radiobitacora.com.ar\/web\/wp-json\/wp\/v2\/posts"}],"about":[{"href":"https:\/\/radiobitacora.com.ar\/web\/wp-json\/wp\/v2\/types\/post"}],"author":[{"embeddable":true,"href":"https:\/\/radiobitacora.com.ar\/web\/wp-json\/wp\/v2\/users\/2"}],"replies":[{"embeddable":true,"href":"https:\/\/radiobitacora.com.ar\/web\/wp-json\/wp\/v2\/comments?post=23263"}],"version-history":[{"count":0,"href":"https:\/\/radiobitacora.com.ar\/web\/wp-json\/wp\/v2\/posts\/23263\/revisions"}],"wp:featuredmedia":[{"embeddable":true,"href":"https:\/\/radiobitacora.com.ar\/web\/wp-json\/wp\/v2\/media\/23264"}],"wp:attachment":[{"href":"https:\/\/radiobitacora.com.ar\/web\/wp-json\/wp\/v2\/media?parent=23263"}],"wp:term":[{"taxonomy":"category","embeddable":true,"href":"https:\/\/radiobitacora.com.ar\/web\/wp-json\/wp\/v2\/categories?post=23263"},{"taxonomy":"post_tag","embeddable":true,"href":"https:\/\/radiobitacora.com.ar\/web\/wp-json\/wp\/v2\/tags?post=23263"}],"curies":[{"name":"wp","href":"https:\/\/api.w.org\/{rel}","templated":true}]}}