{"id":23272,"date":"2025-05-19T15:32:42","date_gmt":"2025-05-19T18:32:42","guid":{"rendered":"https:\/\/radiobitacora.com.ar\/web\/?p=23272"},"modified":"2025-05-19T15:32:42","modified_gmt":"2025-05-19T18:32:42","slug":"mauricio-macri-toma-distancia-de-la-discusion-bonaerense-del-pro-con-la-libertad-avanza-y-avanzan-las-negociaciones","status":"publish","type":"post","link":"https:\/\/radiobitacora.com.ar\/web\/2025\/05\/19\/mauricio-macri-toma-distancia-de-la-discusion-bonaerense-del-pro-con-la-libertad-avanza-y-avanzan-las-negociaciones\/","title":{"rendered":"Mauricio Macri toma distancia de la discusi\u00f3n bonaerense del PRO con La Libertad Avanza y avanzan las negociaciones"},"content":{"rendered":"<p class=\"paragraph\" data-mrf-recirculation=\"Links inline\">La debacle del PRO en los comicios de la Ciudad de Buenos Aires ya tiene\u00a0<b>consecuencias directas<\/b>\u00a0en el eventual acuerdo electoral con La Libertad Avanza en la provincia de Buenos Aires.\u00a0<b>Mauricio Macri<\/b>\u00a0decidi\u00f3\u00a0<b>correrse\u00a0<\/b>para dejar\u00a0<b>en libertad\u00a0<\/b>a sus referentes en las negociaciones con los libertarios y la conclusi\u00f3n que se afianz\u00f3 es:\u00a0<b>\u201cNo podemos seguir enfrent\u00e1ndonos si queremos ganarle al kirchnerismo en Provincia\u201d.<\/b><\/p>\n<p class=\"paragraph\" data-mrf-recirculation=\"Links inline\">El problema adicional que se present\u00f3 en las \u00faltimas horas en el PRO para llegar a un acuerdo es c\u00f3mo repercutir\u00e1 en el \u00e1nimo del ex presidente el\u00a0<b>inusitado ataque<\/b>\u00a0que recibi\u00f3 por parte de\u00a0<b>Javier Milei<\/b>, quien este lunes por la ma\u00f1ana dijo que\u00a0<b>\u201cest\u00e1 grande\u00a0<\/b>para entender algunas cosas\u201d y que \u201cquiz\u00e1s deba entender que\u00a0<b>su momento pas\u00f3\u201d.<\/b><\/p>\n<div class=\"inline ad-wrapper\">\n<div class=\"dfpAd ad-inline\"><\/div>\n<\/div>\n<p class=\"paragraph\" data-mrf-recirculation=\"Links inline\">En la misma entrevista, con A24,<b>\u00a0<\/b>el Presidente<b>\u00a0<\/b>tuvo una frase de alto voltaje pol\u00edtico: \u201cEse acuerdo\u00a0<b>est\u00e1 avanzando independientemente de Macri<\/b>. \u00bfO acaso ignoran las fotos en las que estaban mi hermana, Sebasti\u00e1n Pareja, Lule Menem, Ritondo, el Colo Santilli y Espert?\u201c.<\/p>\n<p class=\"paragraph\" data-mrf-recirculation=\"Links inline\">Por eso los dirigentes bonaerenses del partido amarillo propusieron a los libertarios\u00a0<b>esperar una semana<\/b>\u00a0antes de retomar el di\u00e1logo.\u00a0<b>\u201cTiene que bajar la espuma\u201d<\/b>, les dijeron en alusi\u00f3n a los efectos de la derrota porte\u00f1a. Pero las chances de llegar a un entendimiento, aseguran en el PRO, est\u00e1n\u00a0<b>intactas.<\/b>\u00a0En la noche del domingo, tras el rev\u00e9s en las urnas, el propio Macri confirm\u00f3 que el tema electoral bonaerense sigue su curso propio:\u00a0<b>\u201cCristian Ritondo<\/b>\u00a0tiene un mandato como presidente del partido en PBA para\u00a0<b>negociar un frente\u201d,<\/b>\u00a0afirm\u00f3 en declaraciones a TN.<\/p>\n<div class=\"visual__image\"><picture><source srcset=\"https:\/\/www.infobae.com\/resizer\/v2\/5NRVGDBEZFEZDNWBV26WRSZJ5U.jpg?auth=ebe70943f7e56e410f8e43c28bdc557de57e3d0019dbdfb7d686ecd049d6a00b&amp;smart=true&amp;width=992&amp;height=558&amp;quality=85\" media=\"(min-width: 1000px)\" \/><source srcset=\"https:\/\/www.infobae.com\/resizer\/v2\/5NRVGDBEZFEZDNWBV26WRSZJ5U.jpg?auth=ebe70943f7e56e410f8e43c28bdc557de57e3d0019dbdfb7d686ecd049d6a00b&amp;smart=true&amp;width=768&amp;height=432&amp;quality=85\" media=\"(min-width: 768px)\" \/><source srcset=\"https:\/\/www.infobae.com\/resizer\/v2\/5NRVGDBEZFEZDNWBV26WRSZJ5U.jpg?auth=ebe70943f7e56e410f8e43c28bdc557de57e3d0019dbdfb7d686ecd049d6a00b&amp;smart=true&amp;width=577&amp;height=325&amp;quality=85\" media=\"(min-width: 580px)\" \/><source srcset=\"https:\/\/www.infobae.com\/resizer\/v2\/5NRVGDBEZFEZDNWBV26WRSZJ5U.jpg?auth=ebe70943f7e56e410f8e43c28bdc557de57e3d0019dbdfb7d686ecd049d6a00b&amp;smart=true&amp;width=420&amp;height=236&amp;quality=85\" media=\"(min-width: 350px)\" \/><source srcset=\"https:\/\/www.infobae.com\/resizer\/v2\/5NRVGDBEZFEZDNWBV26WRSZJ5U.jpg?auth=ebe70943f7e56e410f8e43c28bdc557de57e3d0019dbdfb7d686ecd049d6a00b&amp;smart=true&amp;width=350&amp;height=197&amp;quality=85\" media=\"(min-width: 80px)\" \/><img loading=\"lazy\" decoding=\"async\" class=\"global-image\" src=\"https:\/\/www.infobae.com\/resizer\/v2\/5NRVGDBEZFEZDNWBV26WRSZJ5U.jpg?auth=ebe70943f7e56e410f8e43c28bdc557de57e3d0019dbdfb7d686ecd049d6a00b&amp;smart=true&amp;width=350&amp;height=197&amp;quality=85\" alt=\"Mauricio Macri, tras las elecciones\" width=\"1920\" height=\"1080\" \/><\/picture>Mauricio Macri, tras las elecciones porte\u00f1as (Foto: Jaime Olivos)<\/div>\n<div class=\"inline_2_DSK ad-wrapper ad-desktop\">\n<div class=\"dfpAd ad-inline\"><\/div>\n<\/div>\n<p class=\"paragraph\" data-mrf-recirculation=\"Links inline\">Por ahora,\u00a0<b>no hay pleno consenso<\/b>\u00a0dentro de las filas del PRO acerca de c\u00f3mo deber\u00eda ser el acuerdo con La Libertad Avanza en Provincia. Mientras\u00a0<b>Ritondo<\/b>\u00a0insiste en que hay que\u00a0<b>cerrar un frente electoral<\/b>\u00a0entre ambos partidos, con\u00a0<b>matices\u00a0<\/b>entre la elecci\u00f3n provincial de septiembre y la nacional de octubre,\u00a0<b>Diego Santilli,<\/b>\u00a0el otro referente fuerte del PRO en tierra bonaerense, cree que no hay que rubricar un acuerdo formal sino que los amarillos deber\u00edan anunciar una<b>\u00a0\u201cadhesi\u00f3n\u201d<\/b>\u00a0a LLA sin ning\u00fan condicionamiento,\u00a0<b>como el que alcanzaron Macri y el Frente Renovador de Sergio Massa en 2013 en la provincia.<\/b><\/p>\n<p class=\"paragraph\" data-mrf-recirculation=\"Links inline\">En el entorno de Ritondo y Santilli aclararon a\u00a0<b>Infobae\u00a0<\/b>que no est\u00e1 en sus planes un pase a La Libertad Avanza. \u201cEl Colo est\u00e1 jugado a\u00a0<b>cerrar un acuerdo como sea\u201d,<\/b>\u00a0destacaron en el santillismo. En la misma sinton\u00eda se ubica el intendente de General Pueyrred\u00f3n,<b>\u00a0Guillermo Montenegro.\u00a0<\/b>Del lado del jefe del bloque de diputados nacionales advierten\u00a0<b>lo mismo.<\/b><\/p>\n<p class=\"paragraph\" data-mrf-recirculation=\"Links inline\">En las charlas de los dirigentes del PRO con\u00a0<b>Eduardo \u201cLule\u201d Menem<\/b>, mano derecha de Karina Milei y armador nacional de LLA, y\u00a0<b>Sebasti\u00e1n Pareja,<\/b>\u00a0el referente libertario bonaerense, se tiene en claro que hay\u00a0<b>dos negociaciones distintas que se complementan:<\/b>\u00a0una apunta a\u00a0<b>la elecci\u00f3n provincial del 7 de septiembre,\u00a0<\/b>donde se elegir\u00e1n diputados y senadores provinciales, concejales y consejeros escolares, y otra es la que se har\u00e1<b>\u00a0a nivel nacional el 6 de octubre,<\/b>\u00a0en la que se elegir\u00e1n\u00a0<b>130 diputados nacionales<\/b>\u00a0y\u00a0<b>24 senadores nacionales<\/b>\u00a0de ocho provincias.<\/p>\n<div class=\"visual__image\"><picture><source srcset=\"https:\/\/www.infobae.com\/resizer\/v2\/3ULYNNKXXFAPVPBDEDSIEU6PYI.jpg?auth=37466ac3200cbda6dcf64e2f0a300bb860a37e38a963aa214af1ae1992c344ec&amp;smart=true&amp;width=992&amp;height=661&amp;quality=85\" media=\"(min-width: 1000px)\" \/><source srcset=\"https:\/\/www.infobae.com\/resizer\/v2\/3ULYNNKXXFAPVPBDEDSIEU6PYI.jpg?auth=37466ac3200cbda6dcf64e2f0a300bb860a37e38a963aa214af1ae1992c344ec&amp;smart=true&amp;width=768&amp;height=512&amp;quality=85\" media=\"(min-width: 768px)\" \/><source srcset=\"https:\/\/www.infobae.com\/resizer\/v2\/3ULYNNKXXFAPVPBDEDSIEU6PYI.jpg?auth=37466ac3200cbda6dcf64e2f0a300bb860a37e38a963aa214af1ae1992c344ec&amp;smart=true&amp;width=577&amp;height=385&amp;quality=85\" media=\"(min-width: 580px)\" \/><source srcset=\"https:\/\/www.infobae.com\/resizer\/v2\/3ULYNNKXXFAPVPBDEDSIEU6PYI.jpg?auth=37466ac3200cbda6dcf64e2f0a300bb860a37e38a963aa214af1ae1992c344ec&amp;smart=true&amp;width=420&amp;height=280&amp;quality=85\" media=\"(min-width: 350px)\" \/><source srcset=\"https:\/\/www.infobae.com\/resizer\/v2\/3ULYNNKXXFAPVPBDEDSIEU6PYI.jpg?auth=37466ac3200cbda6dcf64e2f0a300bb860a37e38a963aa214af1ae1992c344ec&amp;smart=true&amp;width=350&amp;height=233&amp;quality=85\" media=\"(min-width: 80px)\" \/><img loading=\"lazy\" decoding=\"async\" class=\"global-image\" src=\"https:\/\/www.infobae.com\/resizer\/v2\/3ULYNNKXXFAPVPBDEDSIEU6PYI.jpg?auth=37466ac3200cbda6dcf64e2f0a300bb860a37e38a963aa214af1ae1992c344ec&amp;smart=true&amp;width=350&amp;height=233&amp;quality=85\" alt=\"Sebasti\u00e1n Pareja, armador bonaerense de\" width=\"2048\" height=\"1366\" \/><\/picture>Sebasti\u00e1n Pareja, armador bonaerense de los libertarios (Foto: Christian Heit)<\/div>\n<p class=\"paragraph\" data-mrf-recirculation=\"Links inline\">Eso implica reconocer que en las elecciones bonaerenses hay que\u00a0<b>tener en cuenta las referencias territoriales<\/b>\u00a0de cada partido, las figuras de las distintas secciones electorales y los primeros candidatos a concejal. En ese plano, el PRO llega con\u00a0<b>mejor estructura\u00a0<\/b>y con la idea de\u00a0<b>sumar al acuerdo con LLA al radicalismo,\u00a0<\/b>muy fuerte en el interior de la provincia.<\/p>\n<p class=\"paragraph\" data-mrf-recirculation=\"Links inline\">Con la estrepitosa derrota del PRO en CABA creci\u00f3 la euforia libertaria y, por lo tanto, se reforz\u00f3 la decisi\u00f3n de que el mile\u00edsmo debe\u00a0<b>acaparar\u00a0<\/b>el armado de las listas y cederles espacio a los macristas, algo que los cr\u00edticos del ex presidente no discut\u00edan antes y muchos menos ahora:<b>\u00a0\u201cNo hay margen para ir separados, pero los que lideran y ponen las condiciones son ellos\u201d,<\/b>\u00a0defini\u00f3 un importante intendente del PRO que navega a dos aguas.<\/p>\n<div class=\"visual__image\"><picture><source srcset=\"https:\/\/www.infobae.com\/resizer\/v2\/ZJPG626MKNFPPD7VEIYUBP56ZY.jpeg?auth=fa3f05ec1fd38e4dbcf1438dd7f6d7d8d14d4233b24c1eb5af08938ee092bd5d&amp;smart=true&amp;width=992&amp;height=661&amp;quality=85\" media=\"(min-width: 1000px)\" \/><source srcset=\"https:\/\/www.infobae.com\/resizer\/v2\/ZJPG626MKNFPPD7VEIYUBP56ZY.jpeg?auth=fa3f05ec1fd38e4dbcf1438dd7f6d7d8d14d4233b24c1eb5af08938ee092bd5d&amp;smart=true&amp;width=768&amp;height=512&amp;quality=85\" media=\"(min-width: 768px)\" \/><source srcset=\"https:\/\/www.infobae.com\/resizer\/v2\/ZJPG626MKNFPPD7VEIYUBP56ZY.jpeg?auth=fa3f05ec1fd38e4dbcf1438dd7f6d7d8d14d4233b24c1eb5af08938ee092bd5d&amp;smart=true&amp;width=577&amp;height=385&amp;quality=85\" media=\"(min-width: 580px)\" \/><source srcset=\"https:\/\/www.infobae.com\/resizer\/v2\/ZJPG626MKNFPPD7VEIYUBP56ZY.jpeg?auth=fa3f05ec1fd38e4dbcf1438dd7f6d7d8d14d4233b24c1eb5af08938ee092bd5d&amp;smart=true&amp;width=420&amp;height=280&amp;quality=85\" media=\"(min-width: 350px)\" \/><source srcset=\"https:\/\/www.infobae.com\/resizer\/v2\/ZJPG626MKNFPPD7VEIYUBP56ZY.jpeg?auth=fa3f05ec1fd38e4dbcf1438dd7f6d7d8d14d4233b24c1eb5af08938ee092bd5d&amp;smart=true&amp;width=350&amp;height=233&amp;quality=85\" media=\"(min-width: 80px)\" \/><img loading=\"lazy\" decoding=\"async\" class=\"global-image\" src=\"https:\/\/www.infobae.com\/resizer\/v2\/ZJPG626MKNFPPD7VEIYUBP56ZY.jpeg?auth=fa3f05ec1fd38e4dbcf1438dd7f6d7d8d14d4233b24c1eb5af08938ee092bd5d&amp;smart=true&amp;width=350&amp;height=233&amp;quality=85\" alt=\"Diego Santilli, Guillermo Montenegro y\" width=\"1142\" height=\"797\" \/><\/picture>Diego Santilli, Guillermo Montenegro y Cristian Ritondo, los impulsores del acuerdo bonaerense con LLA<\/div>\n<p class=\"paragraph\" data-mrf-recirculation=\"Links inline\">Aun as\u00ed, entre los m\u00e1s decididos a aliarse como sea a los libertarios en provincia hacen sus advertencias: \u201cLo de Capital demostr\u00f3 que la escuder\u00eda violeta corre bien, pero\u00a0<b>es muy importante el piloto<\/b>\u00a0(quien encabece la lista) porque en las elecciones provinciales s\u00f3lo ganaron cuando fueron en acuerdo con el gobernador del Chaco, aunque en CABA es cierto que tuvieron un buen piloto como (Manuel) Adorni. Ahora,\u00a0<b>hace falta ir juntos y tambi\u00e9n elegir buenos pilotos que traccionen los votos&#8221;.<\/b><\/p>\n<p class=\"paragraph\" data-mrf-recirculation=\"Links inline\">Mientras, en el distrito bonaerense se suman\u00a0<b>gestos en favor de un amplio acuerdo electoral<\/b>\u00a0contra el kirchnerismo. El s\u00e1bado pasado, en la localidad de Coronel Pringles, se realiz\u00f3 una reuni\u00f3n del Grupo Sur, liderada por el intendente de esa localidad, Lisandro Matzkin, y su par de Pu\u00e1n, Diego Reyes, a la que fueron representantes de los distritos de la Sexta Secci\u00f3n electoral del PRO, la UCR, la Coalici\u00f3n C\u00edvica, el MID y partidos vecinalistas. Se habl\u00f3 sobre la situaci\u00f3n compleja de la provincia, pero el tel\u00f3n de fondo es el mismo que se discute con La Libertad Avanza:<b>\u00a0la importancia de unirse para vencer al kirchnerismo<\/b>.<\/p>\n","protected":false},"excerpt":{"rendered":"<p>La debacle del PRO en los comicios de la Ciudad de Buenos Aires ya tiene\u00a0consecuencias directas\u00a0en el eventual acuerdo electoral con La Libertad Avanza en la provincia de Buenos Aires.\u00a0Mauricio Macri\u00a0decidi\u00f3\u00a0correrse\u00a0para dejar\u00a0en libertad\u00a0a sus referentes en las negociaciones con los libertarios y la conclusi\u00f3n que se afianz\u00f3 es:\u00a0\u201cNo podemos seguir enfrent\u00e1ndonos si queremos ganarle al [&hellip;]<\/p>\n","protected":false},"author":2,"featured_media":23273,"comment_status":"closed","ping_status":"closed","sticky":false,"template":"","format":"standard","meta":{"footnotes":""},"categories":[79],"tags":[],"class_list":{"0":"post-23272","1":"post","2":"type-post","3":"status-publish","4":"format-standard","5":"has-post-thumbnail","7":"category-politica"},"_links":{"self":[{"href":"https:\/\/radiobitacora.com.ar\/web\/wp-json\/wp\/v2\/posts\/23272","targetHints":{"allow":["GET"]}}],"collection":[{"href":"https:\/\/radiobitacora.com.ar\/web\/wp-json\/wp\/v2\/posts"}],"about":[{"href":"https:\/\/radiobitacora.com.ar\/web\/wp-json\/wp\/v2\/types\/post"}],"author":[{"embeddable":true,"href":"https:\/\/radiobitacora.com.ar\/web\/wp-json\/wp\/v2\/users\/2"}],"replies":[{"embeddable":true,"href":"https:\/\/radiobitacora.com.ar\/web\/wp-json\/wp\/v2\/comments?post=23272"}],"version-history":[{"count":0,"href":"https:\/\/radiobitacora.com.ar\/web\/wp-json\/wp\/v2\/posts\/23272\/revisions"}],"wp:featuredmedia":[{"embeddable":true,"href":"https:\/\/radiobitacora.com.ar\/web\/wp-json\/wp\/v2\/media\/23273"}],"wp:attachment":[{"href":"https:\/\/radiobitacora.com.ar\/web\/wp-json\/wp\/v2\/media?parent=23272"}],"wp:term":[{"taxonomy":"category","embeddable":true,"href":"https:\/\/radiobitacora.com.ar\/web\/wp-json\/wp\/v2\/categories?post=23272"},{"taxonomy":"post_tag","embeddable":true,"href":"https:\/\/radiobitacora.com.ar\/web\/wp-json\/wp\/v2\/tags?post=23272"}],"curies":[{"name":"wp","href":"https:\/\/api.w.org\/{rel}","templated":true}]}}