{"id":23287,"date":"2025-05-25T19:01:51","date_gmt":"2025-05-25T22:01:51","guid":{"rendered":"https:\/\/radiobitacora.com.ar\/web\/?p=23287"},"modified":"2025-05-25T19:01:51","modified_gmt":"2025-05-25T22:01:51","slug":"215o-aniversario-de-la-constitucion-del-primer-gobierno-patrio-acto-central-en-costa-surubi","status":"publish","type":"post","link":"https:\/\/radiobitacora.com.ar\/web\/2025\/05\/25\/215o-aniversario-de-la-constitucion-del-primer-gobierno-patrio-acto-central-en-costa-surubi\/","title":{"rendered":"215\u00ba ANIVERSARIO DE LA CONSTITUCI\u00d3N DEL PRIMER GOBIERNO PATRIO: ACTO CENTRAL EN COSTA SURUB\u00cd"},"content":{"rendered":"<div class=\"panel-pane pane-token pane-node-body\">\n<div class=\"pane-content\">\n<p class=\"rtejustify\">El Intendente Mariano Hormaechea revaloriz\u00f3 la gesta hecha por los hombres y mujeres aquel 25 de mayo y convoc\u00f3 a los goyanos sin distinci\u00f3n de banderas a: \u201cseguir trabajando juntos, a seguir creyendo en lo que somos capaces de hacer, a no bajar los brazos.\u201d<\/p>\n<p class=\"rtejustify\">El Multiespacio Antonio R Villarreal fue el escenario para el acto central de recordaci\u00f3n del 215\u00ba aniversario de la conformaci\u00f3n del Primer Gobierno Patrio.<\/p>\n<p class=\"rtejustify\">La celebraci\u00f3n de la Revoluci\u00f3n de Mayo fue presidida por el Intendente Municipal Mariano Hormaechea, participaron el Jefe del Batall\u00f3n de Ingeniero de Monte 12 Teniente Coronel, el Jefe de la Prefectura Goya Prefecto Waldir Reinaldo Nake; el Director de la Unidad Regional II Comisario Mayor Valentin Morales, el Vicepresidente 1\u00ba del HCD Marcelo Frattini; en representaci\u00f3n de la Unidad Penitenciaria Goya los Adjutores Federico Scofano y Luis Falc\u00f3n; el titular de la Comisar\u00eda 2\u00aa de la Polic\u00eda de la Provincia en Goya Comisario Inspector Carmen Errecalde; en representaci\u00f3n del Cuartel de Bomberos Voluntarios de Goya el Oficial Principal Walter Poggi; Concejales, Funcionarios Municipales, Funcionarios Provinciales; Directivos de instituciones educativas, representantes y presidentes de consejos vecinales; estudiantes y p\u00fablico en general.<\/p>\n<p class=\"rtejustify\">El acto central dio inicio con la entonaci\u00f3n de las estrofas del Himno Nacional Argentino, interpretado por la Banda Militar \u201cPuerto Argentino\u201d bajo la Direcci\u00f3n de su Maestro de Banda Teniente 1\u00ba Alberto Esteban C\u00f3rdoba.<\/p>\n<p class=\"rtejustify\">El Diacono Permanente Ra\u00fal Nicoletti, fue el encargado de la invocaci\u00f3n religiosa, leyendo un pasaje de la escritura para poner la historia, la gesta, acciones de esos patriotas que ideaban una Naci\u00f3n, Libre y Soberana como inspiraci\u00f3n de los valores necesarios en el transitar de la actualidad, buscando la sabidur\u00eda de Dios, el Amparo y Protecci\u00f3n de Mar\u00eda, Madre de Dios en la Advocaci\u00f3n de la Virgen de Itat\u00ed, como Patrona de Corrientes, para que en el accionar cotidiano \u201cseamos sembradores<\/p>\n<p class=\"rtejustify\">de esperanza\u201d, para invitar a los presentes a elevar una oraci\u00f3n de gratitud a Dios.<\/p>\n<p class=\"rtejustify\"><strong>MAXIMILIANO FERNANDEZ<\/strong><\/p>\n<p class=\"rtejustify\"><img loading=\"lazy\" decoding=\"async\" class=\"aligncenter wp-image-23297 size-full\" src=\"https:\/\/radiobitacora.com.ar\/web\/wp-content\/uploads\/2025\/05\/acto-central-25-de-mayo-Costa-Surubi-7-1.jpg\" alt=\"\" width=\"1600\" height=\"1066\" srcset=\"https:\/\/radiobitacora.com.ar\/web\/wp-content\/uploads\/2025\/05\/acto-central-25-de-mayo-Costa-Surubi-7-1.jpg 1600w, https:\/\/radiobitacora.com.ar\/web\/wp-content\/uploads\/2025\/05\/acto-central-25-de-mayo-Costa-Surubi-7-1-696x464.jpg 696w, https:\/\/radiobitacora.com.ar\/web\/wp-content\/uploads\/2025\/05\/acto-central-25-de-mayo-Costa-Surubi-7-1-1068x712.jpg 1068w, https:\/\/radiobitacora.com.ar\/web\/wp-content\/uploads\/2025\/05\/acto-central-25-de-mayo-Costa-Surubi-7-1-630x420.jpg 630w\" sizes=\"auto, (max-width: 1600px) 100vw, 1600px\" \/><\/p>\n<p>&nbsp;<\/p>\n<p class=\"rtejustify\">El Rector del Colegio Secundario \u201cBrigadier Gustavo Zini\u201d, profesor Maximiliano Fern\u00e1ndez, tras el saludo a las autoridades municipales, de las fuerzas armadas y de seguridad, docentes, directivos, estudiantes de las instituciones educativas y p\u00fablico en general destac\u00f3: \u201cEstamos aqu\u00ed para revivir un acto de coraje colectivo que cambi\u00f3 el rumbo de nuestra historia: el 25 de mayo de 1810.\u201d<\/p>\n<p class=\"rtejustify\">Para rese\u00f1ar en su discurso: \u201cHoy no estamos aqu\u00ed solo para recordar una fecha. Estamos aqu\u00ed para revivir un acto de coraje colectivo que cambi\u00f3 el rumbo de nuestra historia: el 25 de mayo de 1810.\u201d<\/p>\n<p class=\"rtejustify\">\u201cEse d\u00eda, el pueblo se anim\u00f3. Se anim\u00f3 a preguntar, a exigir, a imaginar un futuro distinto. &#8220;\u00a1El pueblo quiere saber de qu\u00e9 se trata!&#8221;, gritaban en la Plaza Mayor. No fue una simple frase. Fue un despertar. Fue el momento en que la gente com\u00fan decidi\u00f3 dejar de ser espectadora y pasar a ser protagonista de su destino.\u201d<\/p>\n<p class=\"rtejustify\">\u201cY me pregunto: \u00bfcu\u00e1nto de eso necesitamos hoy?\u201d<\/p>\n<p class=\"rtejustify\">\u201cEn 1810, los criollos desafiaron a un sistema que no los representaba. Hoy, m\u00e1s de dos siglos despu\u00e9s, -prosigui\u00f3 en su alocuci\u00f3n- tambi\u00e9n convivimos con desigualdades, con desencantos, con injusticias que nos duelen. Pero, as\u00ed como entonces hubo hombres y mujeres que no se resignaron, tambi\u00e9n hoy hay miles que trabajan, que luchan, que no bajan los brazos, que creen que este pa\u00eds puede ser mejor.\u201d<\/p>\n<p class=\"rtejustify\">\u201cAquella revoluci\u00f3n no se hizo con armas, sino con ideas, con convicci\u00f3n, con el valor de so\u00f1ar lo que parec\u00eda imposible. Y eso tambi\u00e9n nos interpela: \u00bfqu\u00e9 revoluci\u00f3n nos toca hacer a nosotros?\u201d<\/p>\n<p class=\"rtejustify\">Para invitar a tomar compromiso y valores: \u201cQuiz\u00e1s no tengamos que tomar un cabildo, pero s\u00ed podemos tomar decisiones valientes en nuestras vidas cotidianas. Podemos elegir la honestidad frente a la trampa f\u00e1cil. Podemos comprometernos con el otro, en lugar de dar la espalda. Podemos construir, aunque el camino cueste. Eso tambi\u00e9n es hacer patria.<\/p>\n<p class=\"rtejustify\">Porque la patria no es una palabra antigua ni una estampa de museo. La patria es este momento. Es el vecino que ayuda, el docente que ense\u00f1a con pasi\u00f3n, el joven que no se rinde, el comerciante que apuesta por su barrio, el m\u00e9dico que no abandona, el abuelo que transmite memoria. \u201c<\/p>\n<p class=\"rtejustify\">\u201cHace poco m\u00e1s de un mes, el Brigadier Mayor VGM Rub\u00e9n Gustavo Zini, quien le diera nombre al colegio que represento, nos invit\u00f3 a reflexionar en torno a una frase en lat\u00edn: \u201cAd Astra per \u00e1spera\u201d que nos llama justamente a hacer patria, desde la dificultad, la complejidad y el camino sinuoso para llegar a la gloria, a la victoria y al \u00e9xito. Esto nos desaf\u00eda a redoblar los esfuerzos para construir una patria justa.\u201d<\/p>\n<p class=\"rtejustify\">\u201cLa Revoluci\u00f3n de Mayo fue el primer paso. Fue el grito fundacional. Pero la verdadera revoluci\u00f3n es la que hacemos cada d\u00eda, con valores, con empat\u00eda, con compromiso.<\/p>\n<p class=\"rtejustify\">Hoy, m\u00e1s que nunca, necesitamos volver a sentirnos parte de un mismo sue\u00f1o. No de un pa\u00eds perfecto, pero s\u00ed de un pa\u00eds posible. Donde el \u201cnosotros\u201d pese m\u00e1s que el \u201cyo\u201d. Donde la bandera no se agite solo en las fechas patrias, sino en el coraz\u00f3n de cada acto justo, de cada gesto solidario, de cada esperanza que se siembra.\u201d<\/p>\n<p class=\"rtejustify\">Augurando: \u201cQue este 25 de mayo no sea solo un d\u00eda m\u00e1s, ni solo un recuerdo. Que sea un espejo. Un espejo que nos devuelva la imagen de quienes podemos ser si retomamos la fuerza de aquel pueblo valiente.\u201d<\/p>\n<p class=\"rtejustify\">\u201cSigamos creyendo. Sigamos construyendo. Porque si en 1810 fuimos capaces de imaginar una patria libre, hoy tambi\u00e9n podemos so\u00f1ar con una patria digna, solidaria y profundamente humana.<\/p>\n<p class=\"rtejustify\">\u00a1Muchas gracias!\u201d \u00a0Concluy\u00f3 el Rector.<\/p>\n<p class=\"rtejustify\">\n<p class=\"rtejustify\"><strong>MARIANO HORMAECHEA<\/strong><\/p>\n<p class=\"rtejustify\"><img loading=\"lazy\" decoding=\"async\" class=\"aligncenter size-full wp-image-23293\" src=\"https:\/\/radiobitacora.com.ar\/web\/wp-content\/uploads\/2025\/05\/acto-central-25-de-mayo-Costa-Surubi-8-1.jpg\" alt=\"\" width=\"1600\" height=\"1066\" srcset=\"https:\/\/radiobitacora.com.ar\/web\/wp-content\/uploads\/2025\/05\/acto-central-25-de-mayo-Costa-Surubi-8-1.jpg 1600w, https:\/\/radiobitacora.com.ar\/web\/wp-content\/uploads\/2025\/05\/acto-central-25-de-mayo-Costa-Surubi-8-1-696x464.jpg 696w, https:\/\/radiobitacora.com.ar\/web\/wp-content\/uploads\/2025\/05\/acto-central-25-de-mayo-Costa-Surubi-8-1-1068x712.jpg 1068w, https:\/\/radiobitacora.com.ar\/web\/wp-content\/uploads\/2025\/05\/acto-central-25-de-mayo-Costa-Surubi-8-1-630x420.jpg 630w\" sizes=\"auto, (max-width: 1600px) 100vw, 1600px\" \/><\/p>\n<p class=\"rtejustify\">El Intendente Municipal Mariano Hormaechea, tras saludar a los presentes, marc\u00f3 la trascendencia del hecho ocurrido el 25 de mayo de 1810, el paso de buscar la autodeterminaci\u00f3n, libertad y soberan\u00eda.<\/p>\n<p class=\"rtejustify\">En sus palabras el Mandatario Local, expres\u00f3: \u201cNos convoca hoy una de las fechas trascendentales de nuestra historia: el 25 de mayo de 1810. Ese d\u00eda en medio de incertidumbres y tensiones, un grupo de hombres y mujeres-porque tambi\u00e9n hubo mujeres en la historia, aunque muchas veces silenciadas- decidi\u00f3 el paso hacia la autodeterminaci\u00f3n, la soberan\u00eda, la construcci\u00f3n de una Naci\u00f3n.\u201d<\/p>\n<p class=\"rtejustify\">\n<p class=\"rtejustify\">\u201cAquella gesta no fue un acto aislado, ni un arrebato de valent\u00eda. Fue el resultado de un proceso colectivo, donde se impuso la necesidad de dejar de depender de una corona lejana, para asumir el desaf\u00edo de gobernarnos a nosotros mismos. No fue f\u00e1cil entonces, como no lo es ahora. Pero el Esp\u00edritu de Mayo nos leg\u00f3 una ense\u00f1anza fundamental: los pueblos que conocen su historia son los que mejor pueden elegir su futuro.\u201d<\/p>\n<p class=\"rtejustify\">\n<p class=\"rtejustify\">En su discurso continuo: \u201cEn este 25 de mayo los goyanos y los correntinos no venimos solo a recordar el pasado sino para reafirmar un presente con sentido y proyectar un futuro con esperanza.\u201d<\/p>\n<p class=\"rtejustify\">\u201cPorque aqu\u00ed en Corrientes y particularmente en Goya, tenemos claro hacia d\u00f3nde queremos ir.\u201d<\/p>\n<p class=\"rtejustify\">Mariano Hormaechea, acentu\u00f3: \u201cNo queremos volver atr\u00e1s. No queremos regresar a los tiempos en que el relato val\u00eda m\u00e1s que la realidad, en que se empobrec\u00eda a las familias para enriquecer a unos pocos, en que se castigaba al que produc\u00eda y se premiaba el clientelismo.\u201d<\/p>\n<p class=\"rtejustify\">\u201cPero tampoco nos dejemos encandilar por discursos que desde la lejan\u00eda de la Capital Federal prometen libertades sin Estado, ajustes sin sensibilidad y mercados sin justicia.\u201d<\/p>\n<p class=\"rtejustify\">\u201cNosotros creemos-como creyeron los hombres de Mayo- en la construcci\u00f3n colectiva. En que la Libertad, no es ego\u00edsmo sino responsabilidad compartida. En que el verdadero cambio no se impone con gritos ni con slogans, sino que se construye todos los d\u00edas con trabajo, di\u00e1logo, respeto y sentido com\u00fan.\u201d<\/p>\n<p class=\"rtejustify\">En el contexto hist\u00f3rico remarc\u00f3: \u201cCorrientes ha elegido otro camino: el del Desarrollo con Inclusi\u00f3n, el de la Modernizaci\u00f3n sin perder nuestra Identidad. El del Progreso que no deja a nadie afuera.<\/p>\n<p class=\"rtejustify\">\u201cEse es el camino que elegimos tambi\u00e9n en Goya: la ancha avenida del medio, donde no nos resignamos al atraso, pero tampoco nos dejamos tentar por los espejos de colores del centralismo porte\u00f1o.\u201d<\/p>\n<p class=\"rtejustify\">\u201cSabemos lo que hicimos, quienes somos, y hacia d\u00f3nde queremos ir. Lo decimos con humildad y orgullo; aqu\u00ed en nuestra ciudad las cosas se est\u00e1n haciendo bien. Se escucha, se dialoga, se proyecta. Se piensa en el presente, pero tambi\u00e9n en las pr\u00f3ximas generaciones.\u201d<\/p>\n<p class=\"rtejustify\">Para situar el compromiso en el presente: \u201cEste recambio generacional que estamos viviendo, no es solo de nombres, sino de ideas. Es la recuperaci\u00f3n de valores, el m\u00e9rito, la solidaridad, la educaci\u00f3n, la cultura del esfuerzo. Valores que vienen de lejos, que est\u00e1n en nuestra historia, que se encarnaron en la Revoluci\u00f3n de Mayo, y que hoy debemos volver a poner en el centro de nuestras decisiones.\u201d<\/p>\n<p class=\"rtejustify\">\u201cHoy m\u00e1s que nunca reafirmamos nuestro sentido patri\u00f3tico mirando hacia adelante. Porque la patria no se reduce a un himno o una bandera, se construye todos los d\u00edas en cada aula, barrio, pyme, en cada decisi\u00f3n pol\u00edtica que busca el bien com\u00fan.\u201d<\/p>\n<p class=\"rtejustify\">Convocatoria a toda la ciudadan\u00eda: \u201cPor eso, en este 25 de mayo, convocamos a todos los goyanos \u2013sin distinci\u00f3n de banderas- a seguir trabajando juntos, a seguir creyendo en lo que somos capaces de hacer, a no bajar los brazos. Porque si algo nos ense\u00f1\u00f3 nuestra historia es que cuando los pueblos se unen, no hay desaf\u00edos que no puedan enfrentar.<\/p>\n<p>Para concluir tras agradecer invito a todos a vivar: \u00a1Viva la Patria!!!<\/p>\n<p>A modo de cierre de la conmemoraci\u00f3n del 215\u00ba Aniversario de la Gesta de Mayo, la Banda Militar ejecut\u00f3 los sones de marchas, para retirarse junto a las banderas de ceremonias dando por concluido el acto central en el Predio Costa Surub\u00ed<\/p>\n<p>Direcci\u00f3n de Prensa-Municipalidad de Goya<\/p>\n<\/div>\n<\/div>\n<div class=\"panel-separator\"><\/div>\n<div class=\"panel-pane pane-separador-linea\">\n<div class=\"pane-content\"><img loading=\"lazy\" decoding=\"async\" class=\"aligncenter size-full wp-image-23288\" src=\"https:\/\/radiobitacora.com.ar\/web\/wp-content\/uploads\/2025\/05\/acto-central-25-de-mayo-Costa-Surubi-2.jpg\" alt=\"\" width=\"1600\" height=\"1066\" srcset=\"https:\/\/radiobitacora.com.ar\/web\/wp-content\/uploads\/2025\/05\/acto-central-25-de-mayo-Costa-Surubi-2.jpg 1600w, https:\/\/radiobitacora.com.ar\/web\/wp-content\/uploads\/2025\/05\/acto-central-25-de-mayo-Costa-Surubi-2-696x464.jpg 696w, https:\/\/radiobitacora.com.ar\/web\/wp-content\/uploads\/2025\/05\/acto-central-25-de-mayo-Costa-Surubi-2-1068x712.jpg 1068w, https:\/\/radiobitacora.com.ar\/web\/wp-content\/uploads\/2025\/05\/acto-central-25-de-mayo-Costa-Surubi-2-630x420.jpg 630w\" sizes=\"auto, (max-width: 1600px) 100vw, 1600px\" \/><img loading=\"lazy\" decoding=\"async\" class=\"aligncenter size-full wp-image-23292\" src=\"https:\/\/radiobitacora.com.ar\/web\/wp-content\/uploads\/2025\/05\/acto-central-25-de-mayo-Costa-Surubi-5-1.jpg\" alt=\"\" width=\"1600\" height=\"1066\" srcset=\"https:\/\/radiobitacora.com.ar\/web\/wp-content\/uploads\/2025\/05\/acto-central-25-de-mayo-Costa-Surubi-5-1.jpg 1600w, https:\/\/radiobitacora.com.ar\/web\/wp-content\/uploads\/2025\/05\/acto-central-25-de-mayo-Costa-Surubi-5-1-696x464.jpg 696w, https:\/\/radiobitacora.com.ar\/web\/wp-content\/uploads\/2025\/05\/acto-central-25-de-mayo-Costa-Surubi-5-1-1068x712.jpg 1068w, https:\/\/radiobitacora.com.ar\/web\/wp-content\/uploads\/2025\/05\/acto-central-25-de-mayo-Costa-Surubi-5-1-630x420.jpg 630w\" sizes=\"auto, (max-width: 1600px) 100vw, 1600px\" \/><img loading=\"lazy\" decoding=\"async\" class=\"aligncenter size-full wp-image-23291\" src=\"https:\/\/radiobitacora.com.ar\/web\/wp-content\/uploads\/2025\/05\/acto-central-25-de-mayo-Costa-Surubi-3-1.jpg\" alt=\"\" width=\"1600\" height=\"1066\" srcset=\"https:\/\/radiobitacora.com.ar\/web\/wp-content\/uploads\/2025\/05\/acto-central-25-de-mayo-Costa-Surubi-3-1.jpg 1600w, https:\/\/radiobitacora.com.ar\/web\/wp-content\/uploads\/2025\/05\/acto-central-25-de-mayo-Costa-Surubi-3-1-696x464.jpg 696w, https:\/\/radiobitacora.com.ar\/web\/wp-content\/uploads\/2025\/05\/acto-central-25-de-mayo-Costa-Surubi-3-1-1068x712.jpg 1068w, https:\/\/radiobitacora.com.ar\/web\/wp-content\/uploads\/2025\/05\/acto-central-25-de-mayo-Costa-Surubi-3-1-630x420.jpg 630w\" sizes=\"auto, (max-width: 1600px) 100vw, 1600px\" \/><img loading=\"lazy\" decoding=\"async\" class=\"aligncenter size-full wp-image-23294\" src=\"https:\/\/radiobitacora.com.ar\/web\/wp-content\/uploads\/2025\/05\/acto-central-25-de-mayo-Costa-Surubi-9-1.jpg\" alt=\"\" width=\"1600\" height=\"1066\" srcset=\"https:\/\/radiobitacora.com.ar\/web\/wp-content\/uploads\/2025\/05\/acto-central-25-de-mayo-Costa-Surubi-9-1.jpg 1600w, https:\/\/radiobitacora.com.ar\/web\/wp-content\/uploads\/2025\/05\/acto-central-25-de-mayo-Costa-Surubi-9-1-696x464.jpg 696w, https:\/\/radiobitacora.com.ar\/web\/wp-content\/uploads\/2025\/05\/acto-central-25-de-mayo-Costa-Surubi-9-1-1068x712.jpg 1068w, https:\/\/radiobitacora.com.ar\/web\/wp-content\/uploads\/2025\/05\/acto-central-25-de-mayo-Costa-Surubi-9-1-630x420.jpg 630w\" sizes=\"auto, (max-width: 1600px) 100vw, 1600px\" \/><\/div>\n<\/div>\n","protected":false},"excerpt":{"rendered":"<p>El Intendente Mariano Hormaechea revaloriz\u00f3 la gesta hecha por los hombres y mujeres aquel 25 de mayo y convoc\u00f3 a los goyanos sin distinci\u00f3n de banderas a: \u201cseguir trabajando juntos, a seguir creyendo en lo que somos capaces de hacer, a no bajar los brazos.\u201d El Multiespacio Antonio R Villarreal fue el escenario para el [&hellip;]<\/p>\n","protected":false},"author":2,"featured_media":23288,"comment_status":"closed","ping_status":"closed","sticky":false,"template":"","format":"standard","meta":{"footnotes":""},"categories":[56],"tags":[],"class_list":{"0":"post-23287","1":"post","2":"type-post","3":"status-publish","4":"format-standard","5":"has-post-thumbnail","7":"category-locales"},"_links":{"self":[{"href":"https:\/\/radiobitacora.com.ar\/web\/wp-json\/wp\/v2\/posts\/23287","targetHints":{"allow":["GET"]}}],"collection":[{"href":"https:\/\/radiobitacora.com.ar\/web\/wp-json\/wp\/v2\/posts"}],"about":[{"href":"https:\/\/radiobitacora.com.ar\/web\/wp-json\/wp\/v2\/types\/post"}],"author":[{"embeddable":true,"href":"https:\/\/radiobitacora.com.ar\/web\/wp-json\/wp\/v2\/users\/2"}],"replies":[{"embeddable":true,"href":"https:\/\/radiobitacora.com.ar\/web\/wp-json\/wp\/v2\/comments?post=23287"}],"version-history":[{"count":0,"href":"https:\/\/radiobitacora.com.ar\/web\/wp-json\/wp\/v2\/posts\/23287\/revisions"}],"wp:featuredmedia":[{"embeddable":true,"href":"https:\/\/radiobitacora.com.ar\/web\/wp-json\/wp\/v2\/media\/23288"}],"wp:attachment":[{"href":"https:\/\/radiobitacora.com.ar\/web\/wp-json\/wp\/v2\/media?parent=23287"}],"wp:term":[{"taxonomy":"category","embeddable":true,"href":"https:\/\/radiobitacora.com.ar\/web\/wp-json\/wp\/v2\/categories?post=23287"},{"taxonomy":"post_tag","embeddable":true,"href":"https:\/\/radiobitacora.com.ar\/web\/wp-json\/wp\/v2\/tags?post=23287"}],"curies":[{"name":"wp","href":"https:\/\/api.w.org\/{rel}","templated":true}]}}