{"id":23314,"date":"2025-05-26T11:50:37","date_gmt":"2025-05-26T14:50:37","guid":{"rendered":"https:\/\/radiobitacora.com.ar\/web\/?p=23314"},"modified":"2025-05-26T11:50:37","modified_gmt":"2025-05-26T14:50:37","slug":"las-elecciones-para-elegir-el-gobernador-de-corrientes-seran-el-31-de-agosto","status":"publish","type":"post","link":"https:\/\/radiobitacora.com.ar\/web\/2025\/05\/26\/las-elecciones-para-elegir-el-gobernador-de-corrientes-seran-el-31-de-agosto\/","title":{"rendered":"LAS ELECCIONES PARA ELEGIR EL GOBERNADOR DE CORRIENTES SER\u00c1N EL 31 DE AGOSTO"},"content":{"rendered":"<p>El gobernador Gustavo Vald\u00e9s confirm\u00f3 que el domingo 31 de agosto ser\u00e1n las elecciones provinciales en Corrientes. As\u00ed lo confirm\u00f3 el mandatario a trav\u00e9s de sus redes sociales. &#8220;Mediante el decreto N\u00b01056\/25, convoqu\u00e9 a elecciones provinciales para el 31 de agosto. Ese d\u00eda, los correntinos elegiremos gobernador y vice, as\u00ed como senadores y diputados provinciales&#8221;.<\/p>\n<p><img loading=\"lazy\" decoding=\"async\" class=\"aligncenter size-full wp-image-23315\" src=\"https:\/\/radiobitacora.com.ar\/web\/wp-content\/uploads\/2025\/05\/Gr4bTT3XEAA5_Qq.jpg\" alt=\"\" width=\"679\" height=\"453\" srcset=\"https:\/\/radiobitacora.com.ar\/web\/wp-content\/uploads\/2025\/05\/Gr4bTT3XEAA5_Qq.jpg 679w, https:\/\/radiobitacora.com.ar\/web\/wp-content\/uploads\/2025\/05\/Gr4bTT3XEAA5_Qq-630x420.jpg 630w\" sizes=\"auto, (max-width: 679px) 100vw, 679px\" \/><\/p>\n<p>&nbsp;<\/p>\n","protected":false},"excerpt":{"rendered":"<p>El gobernador Gustavo Vald\u00e9s confirm\u00f3 que el domingo 31 de agosto ser\u00e1n las elecciones provinciales en Corrientes. As\u00ed lo confirm\u00f3 el mandatario a trav\u00e9s de sus redes sociales. &#8220;Mediante el decreto N\u00b01056\/25, convoqu\u00e9 a elecciones provinciales para el 31 de agosto. Ese d\u00eda, los correntinos elegiremos gobernador y vice, as\u00ed como senadores y diputados provinciales&#8221;. [&hellip;]<\/p>\n","protected":false},"author":2,"featured_media":23316,"comment_status":"closed","ping_status":"closed","sticky":false,"template":"","format":"standard","meta":{"footnotes":""},"categories":[79],"tags":[],"class_list":{"0":"post-23314","1":"post","2":"type-post","3":"status-publish","4":"format-standard","5":"has-post-thumbnail","7":"category-politica"},"_links":{"self":[{"href":"https:\/\/radiobitacora.com.ar\/web\/wp-json\/wp\/v2\/posts\/23314","targetHints":{"allow":["GET"]}}],"collection":[{"href":"https:\/\/radiobitacora.com.ar\/web\/wp-json\/wp\/v2\/posts"}],"about":[{"href":"https:\/\/radiobitacora.com.ar\/web\/wp-json\/wp\/v2\/types\/post"}],"author":[{"embeddable":true,"href":"https:\/\/radiobitacora.com.ar\/web\/wp-json\/wp\/v2\/users\/2"}],"replies":[{"embeddable":true,"href":"https:\/\/radiobitacora.com.ar\/web\/wp-json\/wp\/v2\/comments?post=23314"}],"version-history":[{"count":0,"href":"https:\/\/radiobitacora.com.ar\/web\/wp-json\/wp\/v2\/posts\/23314\/revisions"}],"wp:featuredmedia":[{"embeddable":true,"href":"https:\/\/radiobitacora.com.ar\/web\/wp-json\/wp\/v2\/media\/23316"}],"wp:attachment":[{"href":"https:\/\/radiobitacora.com.ar\/web\/wp-json\/wp\/v2\/media?parent=23314"}],"wp:term":[{"taxonomy":"category","embeddable":true,"href":"https:\/\/radiobitacora.com.ar\/web\/wp-json\/wp\/v2\/categories?post=23314"},{"taxonomy":"post_tag","embeddable":true,"href":"https:\/\/radiobitacora.com.ar\/web\/wp-json\/wp\/v2\/tags?post=23314"}],"curies":[{"name":"wp","href":"https:\/\/api.w.org\/{rel}","templated":true}]}}