{"id":23327,"date":"2025-05-27T09:15:21","date_gmt":"2025-05-27T12:15:21","guid":{"rendered":"https:\/\/radiobitacora.com.ar\/web\/?p=23327"},"modified":"2025-05-27T09:15:21","modified_gmt":"2025-05-27T12:15:21","slug":"prodego-repara-losa-en-muelle-de-prefectura","status":"publish","type":"post","link":"https:\/\/radiobitacora.com.ar\/web\/2025\/05\/27\/prodego-repara-losa-en-muelle-de-prefectura\/","title":{"rendered":"PRODEGO REPARA LOSA EN MUELLE DE PREFECTURA"},"content":{"rendered":"<p style=\"font-weight: 400;\">Personal del PRODEGO inici\u00f3 la reparaci\u00f3n de losas del muelle de Prefectura Goya<\/p>\n<p style=\"font-weight: 400;\">En el lugar se iniciaron los trabajos de reparaci\u00f3n en losas contiguas al muelle y galp\u00f3n en el sector Prefectura Goya. Dichos trabajos consisten en retiro de losas y excavaci\u00f3n de suelos para el posterior tratamiento con material geotextil y relleno de piedra bas\u00e1ltica.<\/p>\n<p style=\"font-weight: 400;\"><img loading=\"lazy\" decoding=\"async\" class=\"aligncenter size-full wp-image-23328\" src=\"https:\/\/radiobitacora.com.ar\/web\/wp-content\/uploads\/2025\/05\/prodego-reparacion-de-hundimiento1.jpg\" alt=\"\" width=\"1600\" height=\"738\" srcset=\"https:\/\/radiobitacora.com.ar\/web\/wp-content\/uploads\/2025\/05\/prodego-reparacion-de-hundimiento1.jpg 1600w, https:\/\/radiobitacora.com.ar\/web\/wp-content\/uploads\/2025\/05\/prodego-reparacion-de-hundimiento1-696x321.jpg 696w, https:\/\/radiobitacora.com.ar\/web\/wp-content\/uploads\/2025\/05\/prodego-reparacion-de-hundimiento1-1068x493.jpg 1068w, https:\/\/radiobitacora.com.ar\/web\/wp-content\/uploads\/2025\/05\/prodego-reparacion-de-hundimiento1-911x420.jpg 911w\" sizes=\"auto, (max-width: 1600px) 100vw, 1600px\" \/><\/p>\n<p style=\"font-weight: 400;\">Este hundimiento se produjo por la fuga de material suelo fino a trav\u00e9s de juntas de las tablestacas utilizadas como paramentos, informaron desde el organismo municipal.<\/p>\n<p style=\"font-weight: 400;\">El Municipio ha tomado la decisi\u00f3n de informar paulatinamente los avances de obras que se logran para que la ciudadan\u00eda pueda visualizar con esos informes, la forma y los distintos aspectos que va tomando este espacio recuperado por la gesti\u00f3n municipal, y formar\u00e1 parte del paseo p\u00fablico, contiguo a la nueva costanera central de la ciudad.<\/p>\n<p style=\"font-weight: 400;\">\n","protected":false},"excerpt":{"rendered":"<p>Personal del PRODEGO inici\u00f3 la reparaci\u00f3n de losas del muelle de Prefectura Goya En el lugar se iniciaron los trabajos de reparaci\u00f3n en losas contiguas al muelle y galp\u00f3n en el sector Prefectura Goya. Dichos trabajos consisten en retiro de losas y excavaci\u00f3n de suelos para el posterior tratamiento con material geotextil y relleno de [&hellip;]<\/p>\n","protected":false},"author":2,"featured_media":23329,"comment_status":"closed","ping_status":"closed","sticky":false,"template":"","format":"standard","meta":{"footnotes":""},"categories":[1],"tags":[],"class_list":{"0":"post-23327","1":"post","2":"type-post","3":"status-publish","4":"format-standard","5":"has-post-thumbnail","7":"category-sin-categoria"},"_links":{"self":[{"href":"https:\/\/radiobitacora.com.ar\/web\/wp-json\/wp\/v2\/posts\/23327","targetHints":{"allow":["GET"]}}],"collection":[{"href":"https:\/\/radiobitacora.com.ar\/web\/wp-json\/wp\/v2\/posts"}],"about":[{"href":"https:\/\/radiobitacora.com.ar\/web\/wp-json\/wp\/v2\/types\/post"}],"author":[{"embeddable":true,"href":"https:\/\/radiobitacora.com.ar\/web\/wp-json\/wp\/v2\/users\/2"}],"replies":[{"embeddable":true,"href":"https:\/\/radiobitacora.com.ar\/web\/wp-json\/wp\/v2\/comments?post=23327"}],"version-history":[{"count":0,"href":"https:\/\/radiobitacora.com.ar\/web\/wp-json\/wp\/v2\/posts\/23327\/revisions"}],"wp:featuredmedia":[{"embeddable":true,"href":"https:\/\/radiobitacora.com.ar\/web\/wp-json\/wp\/v2\/media\/23329"}],"wp:attachment":[{"href":"https:\/\/radiobitacora.com.ar\/web\/wp-json\/wp\/v2\/media?parent=23327"}],"wp:term":[{"taxonomy":"category","embeddable":true,"href":"https:\/\/radiobitacora.com.ar\/web\/wp-json\/wp\/v2\/categories?post=23327"},{"taxonomy":"post_tag","embeddable":true,"href":"https:\/\/radiobitacora.com.ar\/web\/wp-json\/wp\/v2\/tags?post=23327"}],"curies":[{"name":"wp","href":"https:\/\/api.w.org\/{rel}","templated":true}]}}