{"id":23331,"date":"2025-05-27T09:19:53","date_gmt":"2025-05-27T12:19:53","guid":{"rendered":"https:\/\/radiobitacora.com.ar\/web\/?p=23331"},"modified":"2025-05-27T09:23:18","modified_gmt":"2025-05-27T12:23:18","slug":"funcionarios-chaquenos-visitaron-plantaciones-de-tabaco-y-nuez-pecan-en-goya","status":"publish","type":"post","link":"https:\/\/radiobitacora.com.ar\/web\/2025\/05\/27\/funcionarios-chaquenos-visitaron-plantaciones-de-tabaco-y-nuez-pecan-en-goya\/","title":{"rendered":"FUNCIONARIOS CHAQUE\u00d1OS VISITARON PLANTACIONES DE TABACO Y NUEZ PECAN EN GOYA"},"content":{"rendered":"<p>El \u00c1rea de Producci\u00f3n del Instituto Provincial del Tabaco, realiz\u00f3 una recorrida por la zona rural, guiando a la delegaci\u00f3n integrada por el Equipo de la Direcci\u00f3n de Producci\u00f3n y Fiscalizaci\u00f3n Agr\u00edcola del Ministerio de Producci\u00f3n y el Desarrollo Econ\u00f3mico Sostenible de la Provincia del Chaco, quienes llegaron a Goya el pasado mi\u00e9rcoles 21 de mayo, con motivo de recabar informaci\u00f3n sobre las caracter\u00edsticas de la producci\u00f3n de tabaco Burley, en todas sus etapas. Los funcionarios de la vecina provincia, tambi\u00e9n recibieron informaci\u00f3n sobre el cultivo de Nuez Pecan que se desarrolla en nuestra zona.<\/p>\n<p>&nbsp;<\/p>\n<p>El IPT acompa\u00f1\u00f3 a los t\u00e9cnicos del Chaco y recorrieron las chacras de tabaco Burley que se encuentran en plena cosecha y recabaron toda la informaci\u00f3n del proceso productivo que se aplica en la zona.<\/p>\n<p><img loading=\"lazy\" decoding=\"async\" class=\"aligncenter size-full wp-image-23332\" src=\"https:\/\/radiobitacora.com.ar\/web\/wp-content\/uploads\/2025\/05\/FUNCIONARIOS-CHAQUENOS-VISITARON-PLANTACIONES-DE-TABACO-Y-NUEZ-PECAN-EN-GOYA2.jpg\" alt=\"\" width=\"1200\" height=\"1600\" srcset=\"https:\/\/radiobitacora.com.ar\/web\/wp-content\/uploads\/2025\/05\/FUNCIONARIOS-CHAQUENOS-VISITARON-PLANTACIONES-DE-TABACO-Y-NUEZ-PECAN-EN-GOYA2.jpg 1200w, https:\/\/radiobitacora.com.ar\/web\/wp-content\/uploads\/2025\/05\/FUNCIONARIOS-CHAQUENOS-VISITARON-PLANTACIONES-DE-TABACO-Y-NUEZ-PECAN-EN-GOYA2-696x928.jpg 696w, https:\/\/radiobitacora.com.ar\/web\/wp-content\/uploads\/2025\/05\/FUNCIONARIOS-CHAQUENOS-VISITARON-PLANTACIONES-DE-TABACO-Y-NUEZ-PECAN-EN-GOYA2-1068x1424.jpg 1068w, https:\/\/radiobitacora.com.ar\/web\/wp-content\/uploads\/2025\/05\/FUNCIONARIOS-CHAQUENOS-VISITARON-PLANTACIONES-DE-TABACO-Y-NUEZ-PECAN-EN-GOYA2-315x420.jpg 315w\" sizes=\"auto, (max-width: 1200px) 100vw, 1200px\" \/><\/p>\n<p>La delegaci\u00f3n de funcionarios de la Direcci\u00f3n de Producci\u00f3n y Fiscalizaci\u00f3n Agr\u00edcola del Ministerio de Producci\u00f3n y el Desarrollo Econ\u00f3mico Sostenible, estuvo integrada por el Director: Ingeniero Oscar Pascual, el Jefe del Departamento Gesti\u00f3n de Datos y Estad\u00edstica: Contador Daniel Bobis y T\u00e9cnicos de la Direcci\u00f3n, Ingeniero Gustavo Malvisini y el Agr\u00f3nomo Carlos Gauna.<\/p>\n<p>&nbsp;<\/p>\n<p>En otro tramo de la visita se trasladaron a las quintas donde se desarrolla el cultivo de nuez pecan, una alternativa productiva que genera inter\u00e9s de un gran grupo de productores, sobre lo que los t\u00e9cnicos chaque\u00f1os recibieron toda la informaci\u00f3n y la interacci\u00f3n de asociaci\u00f3n que tiene con el cultivo del tabaco, aprovechando la etapa improductiva del pecan y aprovechando la superficie total disponible.<\/p>\n","protected":false},"excerpt":{"rendered":"<p>El \u00c1rea de Producci\u00f3n del Instituto Provincial del Tabaco, realiz\u00f3 una recorrida por la zona rural, guiando a la delegaci\u00f3n integrada por el Equipo de la Direcci\u00f3n de Producci\u00f3n y Fiscalizaci\u00f3n Agr\u00edcola del Ministerio de Producci\u00f3n y el Desarrollo Econ\u00f3mico Sostenible de la Provincia del Chaco, quienes llegaron a Goya el pasado mi\u00e9rcoles 21 de [&hellip;]<\/p>\n","protected":false},"author":2,"featured_media":23333,"comment_status":"closed","ping_status":"closed","sticky":false,"template":"","format":"standard","meta":{"footnotes":""},"categories":[56],"tags":[],"class_list":{"0":"post-23331","1":"post","2":"type-post","3":"status-publish","4":"format-standard","5":"has-post-thumbnail","7":"category-locales"},"_links":{"self":[{"href":"https:\/\/radiobitacora.com.ar\/web\/wp-json\/wp\/v2\/posts\/23331","targetHints":{"allow":["GET"]}}],"collection":[{"href":"https:\/\/radiobitacora.com.ar\/web\/wp-json\/wp\/v2\/posts"}],"about":[{"href":"https:\/\/radiobitacora.com.ar\/web\/wp-json\/wp\/v2\/types\/post"}],"author":[{"embeddable":true,"href":"https:\/\/radiobitacora.com.ar\/web\/wp-json\/wp\/v2\/users\/2"}],"replies":[{"embeddable":true,"href":"https:\/\/radiobitacora.com.ar\/web\/wp-json\/wp\/v2\/comments?post=23331"}],"version-history":[{"count":0,"href":"https:\/\/radiobitacora.com.ar\/web\/wp-json\/wp\/v2\/posts\/23331\/revisions"}],"wp:featuredmedia":[{"embeddable":true,"href":"https:\/\/radiobitacora.com.ar\/web\/wp-json\/wp\/v2\/media\/23333"}],"wp:attachment":[{"href":"https:\/\/radiobitacora.com.ar\/web\/wp-json\/wp\/v2\/media?parent=23331"}],"wp:term":[{"taxonomy":"category","embeddable":true,"href":"https:\/\/radiobitacora.com.ar\/web\/wp-json\/wp\/v2\/categories?post=23331"},{"taxonomy":"post_tag","embeddable":true,"href":"https:\/\/radiobitacora.com.ar\/web\/wp-json\/wp\/v2\/tags?post=23331"}],"curies":[{"name":"wp","href":"https:\/\/api.w.org\/{rel}","templated":true}]}}