{"id":23357,"date":"2025-05-27T11:55:26","date_gmt":"2025-05-27T14:55:26","guid":{"rendered":"https:\/\/radiobitacora.com.ar\/web\/?p=23357"},"modified":"2025-05-27T11:55:26","modified_gmt":"2025-05-27T14:55:26","slug":"la-jornada-de-puertas-abiertas-que-organiza-el-batallon-de-monte-12","status":"publish","type":"post","link":"https:\/\/radiobitacora.com.ar\/web\/2025\/05\/27\/la-jornada-de-puertas-abiertas-que-organiza-el-batallon-de-monte-12\/","title":{"rendered":"LA JORNADA DE PUERTAS ABIERTAS QUE ORGANIZA EL BATALL\u00d3N DE MONTE 12"},"content":{"rendered":"<p style=\"font-weight: 400;\">D\u00eda del Ej\u00e9rcito Argentino:<\/p>\n<p style=\"font-weight: 400;\">LA JORNADA DE PUERTAS ABIERTAS QUE ORGANIZA EL BATALL\u00d3N DE MONTE 12 SE REPROGRAM\u00d3 PARA ESTE VIERNES 30<\/p>\n<p style=\"font-weight: 400;\">\n<p style=\"font-weight: 400;\">As\u00ed lo inform\u00f3 este martes el Teniente Coronel Sergio Ortiz.<\/p>\n<p style=\"font-weight: 400;\">\n<p style=\"font-weight: 400;\">El Batall\u00f3n de Ingenieros de Monte 12 &#8220;Fuerte \u00d1aembe&#8221;, hab\u00eda invitado a la ciudadan\u00eda en general para este martes 27 a participar de la jornada de puertas abiertas en su destacamento.<\/p>\n<p style=\"font-weight: 400;\">\n<p style=\"font-weight: 400;\">Por cuestiones clim\u00e1ticas se decidi\u00f3 trasladar para este viernes 30 el inicio de estas jornadas.<\/p>\n<p style=\"font-weight: 400;\">\u201cHemos decidido esto porque muchos de los stands y lugares que preparamos para que nos visiten est\u00e1n bajo agua debida a la intensa lluvia que azot\u00f3 la ciudad toda la noche, as\u00ed que vamos a pasar todo lo que estaba programado para hoy al d\u00eda viernes\u201d comunic\u00f3.<\/p>\n<p style=\"font-weight: 400;\">\n<p style=\"font-weight: 400;\">\u201cTen\u00edamos casi mil personas de las instituciones y colegios anotados para venir a visitarnos, as\u00ed que toda esa programaci\u00f3n la pasamos para el viernes\u201d reiter\u00f3.<\/p>\n<p style=\"font-weight: 400;\">\n<p style=\"font-weight: 400;\">El acto formal del Ejercito ser\u00e1 este jueves en conmemoraci\u00f3n de que la Fuerza Armada Cumple 215 a\u00f1os al igual que la Patria \u201cy vamos a hacer ese d\u00eda nuestra ceremonia\u201d.<\/p>\n<p style=\"font-weight: 400;\">\n<p style=\"font-weight: 400;\">De esta manera, este viernes quedar\u00eda el orden del cronograma tal como estaba organizado con las actividades previstas de 8 a 17 horas.<\/p>\n<p style=\"font-weight: 400;\">\n<p style=\"font-weight: 400;\">&#8211; Exposici\u00f3n de materiales<\/p>\n<p style=\"font-weight: 400;\">-Actividades recreativas para la familia<\/p>\n<p style=\"font-weight: 400;\">-Actuaciones de la Banda Militar<\/p>\n<p style=\"font-weight: 400;\">&#8211; Informes de incorporaci\u00f3n<\/p>\n<p style=\"font-weight: 400;\">&#8211; Meriendas<\/p>\n<p style=\"font-weight: 400;\">-Formaci\u00f3n conmemorativa por el d\u00eda del EA<\/p>\n<p style=\"font-weight: 400;\">\n<p style=\"font-weight: 400;\">Establecimientos educativos comunicarse<\/p>\n<p style=\"font-weight: 400;\">Pel Com Inst \u2013 B Ing Mte 12<\/p>\n<p style=\"font-weight: 400;\">Av. Sarmiento y Caa\u00b4Guaz\u00fa S\/N \u2013 GOYA (CTES).<\/p>\n<p style=\"font-weight: 400;\">\n<p style=\"font-weight: 400;\">Tel\/Fax: 03777-421315 (fijo)<\/p>\n<p style=\"font-weight: 400;\">Celular: 03777-232847 (M\u00f3vil)<\/p>\n<p style=\"font-weight: 400;\">\n","protected":false},"excerpt":{"rendered":"<p>D\u00eda del Ej\u00e9rcito Argentino: LA JORNADA DE PUERTAS ABIERTAS QUE ORGANIZA EL BATALL\u00d3N DE MONTE 12 SE REPROGRAM\u00d3 PARA ESTE VIERNES 30 As\u00ed lo inform\u00f3 este martes el Teniente Coronel Sergio Ortiz. El Batall\u00f3n de Ingenieros de Monte 12 &#8220;Fuerte \u00d1aembe&#8221;, hab\u00eda invitado a la ciudadan\u00eda en general para este martes 27 a participar de [&hellip;]<\/p>\n","protected":false},"author":2,"featured_media":23358,"comment_status":"closed","ping_status":"closed","sticky":false,"template":"","format":"standard","meta":{"footnotes":""},"categories":[1],"tags":[],"class_list":{"0":"post-23357","1":"post","2":"type-post","3":"status-publish","4":"format-standard","5":"has-post-thumbnail","7":"category-sin-categoria"},"_links":{"self":[{"href":"https:\/\/radiobitacora.com.ar\/web\/wp-json\/wp\/v2\/posts\/23357","targetHints":{"allow":["GET"]}}],"collection":[{"href":"https:\/\/radiobitacora.com.ar\/web\/wp-json\/wp\/v2\/posts"}],"about":[{"href":"https:\/\/radiobitacora.com.ar\/web\/wp-json\/wp\/v2\/types\/post"}],"author":[{"embeddable":true,"href":"https:\/\/radiobitacora.com.ar\/web\/wp-json\/wp\/v2\/users\/2"}],"replies":[{"embeddable":true,"href":"https:\/\/radiobitacora.com.ar\/web\/wp-json\/wp\/v2\/comments?post=23357"}],"version-history":[{"count":0,"href":"https:\/\/radiobitacora.com.ar\/web\/wp-json\/wp\/v2\/posts\/23357\/revisions"}],"wp:featuredmedia":[{"embeddable":true,"href":"https:\/\/radiobitacora.com.ar\/web\/wp-json\/wp\/v2\/media\/23358"}],"wp:attachment":[{"href":"https:\/\/radiobitacora.com.ar\/web\/wp-json\/wp\/v2\/media?parent=23357"}],"wp:term":[{"taxonomy":"category","embeddable":true,"href":"https:\/\/radiobitacora.com.ar\/web\/wp-json\/wp\/v2\/categories?post=23357"},{"taxonomy":"post_tag","embeddable":true,"href":"https:\/\/radiobitacora.com.ar\/web\/wp-json\/wp\/v2\/tags?post=23357"}],"curies":[{"name":"wp","href":"https:\/\/api.w.org\/{rel}","templated":true}]}}