{"id":23381,"date":"2025-05-27T16:59:49","date_gmt":"2025-05-27T19:59:49","guid":{"rendered":"https:\/\/radiobitacora.com.ar\/web\/?p=23381"},"modified":"2025-05-27T16:59:49","modified_gmt":"2025-05-27T19:59:49","slug":"reunio-con-comision-del-club-social-y-deportivo-municipal","status":"publish","type":"post","link":"https:\/\/radiobitacora.com.ar\/web\/2025\/05\/27\/reunio-con-comision-del-club-social-y-deportivo-municipal\/","title":{"rendered":"REUNI\u00d3 CON COMISI\u00d3N DEL CLUB SOCIAL Y DEPORTIVO MUNICIPAL"},"content":{"rendered":"<p style=\"font-weight: 400;\">HORMAECHEA SE REUNI\u00d3 CON COMISI\u00d3N DEL CLUB SOCIAL Y DEPORTIVO MUNICIPAL<\/p>\n<p style=\"font-weight: 400;\">\u00a0Este martes en el Sal\u00f3n de Acuerdos del edificio municipal, a las 8.30 horas, el intendente Mariano Hormaechea recibi\u00f3 a la comisi\u00f3n normalizadora del Club Social y Deportivo Municipal.<\/p>\n<p style=\"font-weight: 400;\">La comisi\u00f3n conformada por, el Presidente Cristian Rodr\u00edguez, Secretaria Fiorela Ferragut y Tesorero Horacio Morales.<\/p>\n<p style=\"font-weight: 400;\">Durante el encuentro la comisi\u00f3n coment\u00f3 al jefe comunal, la tarea que se viene realizando, se comenz\u00f3 con los arreglos de luces y se iniciaron los trabajos de reparaci\u00f3n del sector perimetral de la cancha de f\u00fatbol. En la oportunidad se plante\u00f3 la ayuda desde la municipalidad en otras mejoras de las instalaciones del club ubicado en Av. Per\u00f3n y Ca\u00e1 Guaz\u00fa y del predio del camping Municipal ubicado camino al puerto.<\/p>\n<p style=\"font-weight: 400;\">El proyecto de la comisi\u00f3n contempla la construcci\u00f3n de vestuarios, mejoras que posibilitar\u00e1 la \u00a0habilitaci\u00f3n de jugar el torneo infantil del club. Tambi\u00e9n se planifica en el camping ver las mejoras de los ba\u00f1os y arreglos de parrillas y relleno del terreno del predio del camping.<\/p>\n<p><img loading=\"lazy\" decoding=\"async\" class=\"aligncenter size-full wp-image-23382\" src=\"https:\/\/radiobitacora.com.ar\/web\/wp-content\/uploads\/2025\/05\/CLUB-MUNICIPAL-3.jpeg\" alt=\"\" width=\"828\" height=\"1462\" srcset=\"https:\/\/radiobitacora.com.ar\/web\/wp-content\/uploads\/2025\/05\/CLUB-MUNICIPAL-3.jpeg 828w, https:\/\/radiobitacora.com.ar\/web\/wp-content\/uploads\/2025\/05\/CLUB-MUNICIPAL-3-696x1229.jpeg 696w, https:\/\/radiobitacora.com.ar\/web\/wp-content\/uploads\/2025\/05\/CLUB-MUNICIPAL-3-238x420.jpeg 238w\" sizes=\"auto, (max-width: 828px) 100vw, 828px\" \/><\/p>\n<p style=\"font-weight: 400;\">Desde la comisi\u00f3n reconocen la buena predisposici\u00f3n de Mariano Hormaechea para asistir desde su lugar como intendente colaborando en beneficio de la instituci\u00f3n deportiva, nacida el 18 de julio de 1980, la creaci\u00f3n del club hace 45 a\u00f1os se origina para otorgar un espacio social y deportivo a \u00a0empleados municipales.<\/p>\n<p style=\"font-weight: 400;\">Desde la gesti\u00f3n municipal se reconoce con el trabajo desarrollado por esta instituci\u00f3n, el club situado en el sur de la ciudad, donde atiende y contiene a un gran n\u00famero de ni\u00f1os en las categor\u00edas formativas, protagonistas del torneo Infanto Juvenil de la Liga Goyana, pero el aporte m\u00e1s importante sin dudas la contenci\u00f3n a la comunidad de esas barriadas de nuestra ciudad, donde adem\u00e1s en el torneo local presenta su equipo de primera divisi\u00f3n, sumadas a las actividades recreativas y sociales.<\/p>\n","protected":false},"excerpt":{"rendered":"<p>HORMAECHEA SE REUNI\u00d3 CON COMISI\u00d3N DEL CLUB SOCIAL Y DEPORTIVO MUNICIPAL \u00a0Este martes en el Sal\u00f3n de Acuerdos del edificio municipal, a las 8.30 horas, el intendente Mariano Hormaechea recibi\u00f3 a la comisi\u00f3n normalizadora del Club Social y Deportivo Municipal. La comisi\u00f3n conformada por, el Presidente Cristian Rodr\u00edguez, Secretaria Fiorela Ferragut y Tesorero Horacio Morales. [&hellip;]<\/p>\n","protected":false},"author":2,"featured_media":23383,"comment_status":"closed","ping_status":"closed","sticky":false,"template":"","format":"standard","meta":{"footnotes":""},"categories":[56],"tags":[],"class_list":{"0":"post-23381","1":"post","2":"type-post","3":"status-publish","4":"format-standard","5":"has-post-thumbnail","7":"category-locales"},"_links":{"self":[{"href":"https:\/\/radiobitacora.com.ar\/web\/wp-json\/wp\/v2\/posts\/23381","targetHints":{"allow":["GET"]}}],"collection":[{"href":"https:\/\/radiobitacora.com.ar\/web\/wp-json\/wp\/v2\/posts"}],"about":[{"href":"https:\/\/radiobitacora.com.ar\/web\/wp-json\/wp\/v2\/types\/post"}],"author":[{"embeddable":true,"href":"https:\/\/radiobitacora.com.ar\/web\/wp-json\/wp\/v2\/users\/2"}],"replies":[{"embeddable":true,"href":"https:\/\/radiobitacora.com.ar\/web\/wp-json\/wp\/v2\/comments?post=23381"}],"version-history":[{"count":0,"href":"https:\/\/radiobitacora.com.ar\/web\/wp-json\/wp\/v2\/posts\/23381\/revisions"}],"wp:featuredmedia":[{"embeddable":true,"href":"https:\/\/radiobitacora.com.ar\/web\/wp-json\/wp\/v2\/media\/23383"}],"wp:attachment":[{"href":"https:\/\/radiobitacora.com.ar\/web\/wp-json\/wp\/v2\/media?parent=23381"}],"wp:term":[{"taxonomy":"category","embeddable":true,"href":"https:\/\/radiobitacora.com.ar\/web\/wp-json\/wp\/v2\/categories?post=23381"},{"taxonomy":"post_tag","embeddable":true,"href":"https:\/\/radiobitacora.com.ar\/web\/wp-json\/wp\/v2\/tags?post=23381"}],"curies":[{"name":"wp","href":"https:\/\/api.w.org\/{rel}","templated":true}]}}