{"id":23441,"date":"2025-05-29T11:39:45","date_gmt":"2025-05-29T14:39:45","guid":{"rendered":"https:\/\/radiobitacora.com.ar\/web\/?p=23441"},"modified":"2025-05-29T11:39:45","modified_gmt":"2025-05-29T14:39:45","slug":"la-historia-de-amor-de-onur-y-sherezade","status":"publish","type":"post","link":"https:\/\/radiobitacora.com.ar\/web\/2025\/05\/29\/la-historia-de-amor-de-onur-y-sherezade\/","title":{"rendered":"LA HISTORIA DE AMOR DE ONUR Y SHEREZADE"},"content":{"rendered":"<p>En medio de la sentencia a m\u00e1s de un a\u00f1o de c\u00e1rcel, Halit Ergenc enfrenta su presente m\u00e1s dif\u00edcil. C\u00f3mo fue el camino que naci\u00f3 en Las mil y una noches y sobre el que construyeron una familia rodeada de afecto.<\/p>\n<p>Nadie pod\u00eda preverlo cuando los actores que interpretaron a\u00a0<i>Onur\u00a0<\/i>y\u00a0<i>Sherezade<\/i>\u00a0cruzaron miradas por primera vez en el set de<a title=\"https:\/\/www.infobae.com\/tag\/las-mil-y-una-noches\/\" href=\"https:\/\/www.infobae.com\/tag\/las-mil-y-una-noches\/\" target=\"_blank\" rel=\"noopener noreferrer\" data-mrf-link=\"https:\/\/www.infobae.com\/tag\/las-mil-y-una-noches\/\"><b>\u00a0<\/b><i><b>Las mil y una noches<\/b><\/i><\/a>. Corr\u00eda el a\u00f1o 2006, y entre los decorados que recreaban pasajes de un cl\u00e1sico atemporal en la ciudad de Estambul, naci\u00f3 uno de los relatos de amor m\u00e1s inesperados de la televisi\u00f3n turca.<\/p>\n<p><img decoding=\"async\" src=\"https:\/\/www.infobae.com\/resizer\/v2\/4TEA4FKPKNBJ3NP6PYTAOJSH6E.jpg?auth=62dacebc3db0dc97a61f198dae867d7e1fd3819165441b8c8409e748885201f7&amp;smart=true&amp;width=350&amp;height=467&amp;quality=85\" alt=\"Los actores formaron una familia\" \/><\/p>\n<p>Diez a\u00f1os despu\u00e9s, la serie aterriz\u00f3 en el pa\u00eds el 5 de enero de 2015, y\u00a0<b>el p\u00fablico argentino conoci\u00f3 por primera vez una historia llena de suspenso, amor rom\u00e1ntico e infinitos paisajes de un mundo desconocido.<\/b>\u00a0De inmediato, la novela super\u00f3 los 20 puntos de audiencia y no solo registr\u00f3 el furor del p\u00fablico, sino tambi\u00e9n el latido secreto de una verdadera historia de amor cultivada lejos de las c\u00e1maras.<\/p>\n<p><a title=\"https:\/\/www.infobae.com\/tag\/halit-ergenc\/\" href=\"https:\/\/www.infobae.com\/tag\/halit-ergenc\/\" target=\"_blank\" rel=\"noopener noreferrer\" data-mrf-link=\"https:\/\/www.infobae.com\/tag\/halit-ergenc\/\"><b>Halit Ergen\u00e7<\/b><\/a>\u00a0(<i>Onur<\/i>) y<b>\u00a0Berg\u00fczar Korel<\/b>\u00a0(<i>Sherezade<\/i>) no se enamoraron solamente en la ficci\u00f3n. Al principio, parec\u00eda que las diferencias los separar\u00edan. Dicen los asistentes que ni se aguantaban. Durante las primeras ocho semanas de grabaci\u00f3n, ni una se\u00f1al de romance. Berg\u00fczar miraba a Halit con recelo, etiquet\u00e1ndolo como un mujeriego imposible de domar. \u00c9l, por su parte, cre\u00eda que nunca captar\u00eda el inter\u00e9s de una mujer tan magn\u00edfica.\u00a0<b>Durante las primeras semanas, la distancia entre ellos no se acort\u00f3<\/b>. Berg\u00fczar inici\u00f3 un romance con Tan Sa\u011ft\u00fcrk y Halit, una relaci\u00f3n que culmin\u00f3 en matrimonio con Gizem Soysaldi en 2007. No obstante, las trazas del destino, imprevisibles y contundentes, intervinieron. La p\u00e9rdida de su padre y el suicidio de su sobrina lo dejaron devastado y provocaron el desmoronamiento de su breve matrimonio en solo siete meses.<\/p>\n<p><img decoding=\"async\" src=\"https:\/\/www.infobae.com\/resizer\/v2\/QOT7JSPDHZFVDC7VBDVRCOHOUQ.jpg?auth=24381f7595fa2dfefb56e01493bc6b2e48f376b607e45aba6f40d28bb9293973&amp;smart=true&amp;width=350&amp;height=467&amp;quality=85\" alt=\"La pareja atraves\u00f3 crisis y\" \/><\/p>\n<p>En medio de su dolor, Berg\u00fczar se acerc\u00f3 a \u00e9l. Ya no era solo su compa\u00f1era en escenas de ensue\u00f1o,\u00a0<b>se convirti\u00f3 en su apoyo en momentos de profundo desaliento<\/b>. Ella tambi\u00e9n acababa de poner fin a su compromiso, y sus caminos convergieron cuando el cari\u00f1o se transform\u00f3 en amor verdadero.<b>\u00a0Oficializaron su relaci\u00f3n apenas las c\u00e1maras dejaron de grabar<\/b>. Y el 1\u00b0 de febrero de 2010, la llegada de<b>\u00a0Al\u00ed<\/b>, su primer ni\u00f1o, ciment\u00f3 su uni\u00f3n, pareciendo que por fin hab\u00edan encontrado su propio final feliz.<\/p>\n<p>Sin embargo, la vida les recordaba que su historia, como todas, tendr\u00eda altibajos. El nombramiento de Halit como\u00a0<i>Solim\u00e1n el Magn\u00edfico<\/i>\u00a0en\u00a0<i>El Sult\u00e1n\u00a0<\/i>no solo marc\u00f3 su glorificaci\u00f3n como estrella internacional, sino que\u00a0<b>sembr\u00f3 semillas de celos y desconfianza<\/b>. Dentro de los suntuosos escenarios y rodeado de mujeres, de harenes y de escenograf\u00edas fastuosas, la situaci\u00f3n parec\u00eda escrita para el drama. Entonces Berg\u00fczar intent\u00f3 minimizar la distancia participando en la misma serie, pero los rumores de confrontaciones con su coestrella, Meryem Uzerli, dejaron heridas.<\/p>\n<p class=\"paragraph\" data-mrf-recirculation=\"Links inline\">En redes sociales, Berg\u00fczar contin\u00faa reflejando una vida llena de tiernos momentos familiares y c\u00f3mplices sonrisas. Entre tomas de paseos en bicicleta y almuerzos sencillos, pero ricos en felicidad, sus seguidores encuentran inspiraci\u00f3n. Al mismo tiempo,<b>\u00a0la int\u00e9rprete de la m\u00edtica\u00a0<\/b><i><b>Sherezade<\/b><\/i><b>\u00a0se ha convertido en una voz que desaf\u00eda estigmas, como lo hizo cuando comparti\u00f3 las duras experiencias vividas durante el nacimiento de Leyla.\u00a0<\/b>M\u00e1s all\u00e1 de la estrella, sus confesiones la han convertido en una figura accesible e inspiradora para muchas mujeres, admirada no por la perfecci\u00f3n, sino por su humanidad.<\/p>\n<p data-mrf-recirculation=\"Links inline\">\n<p class=\"paragraph\" data-mrf-recirculation=\"Links inline\">En un presente que podr\u00eda parecer el marco perfecto de un cuento de hadas, la realidad implacable asom\u00f3 nuevamente su cara m\u00e1s dura.<a title=\"https:\/\/www.infobae.com\/teleshow\/2025\/05\/28\/halit-ergenc-el-actor-que-interpreto-a-onur-en-las-mil-y-una-noches-fue-condenado-a-prision-por-falso-testimonio\/\" href=\"https:\/\/www.infobae.com\/teleshow\/2025\/05\/28\/halit-ergenc-el-actor-que-interpreto-a-onur-en-las-mil-y-una-noches-fue-condenado-a-prision-por-falso-testimonio\/\" target=\"_blank\" rel=\"noopener noreferrer\" data-mrf-link=\"https:\/\/www.infobae.com\/teleshow\/2025\/05\/28\/halit-ergenc-el-actor-que-interpreto-a-onur-en-las-mil-y-una-noches-fue-condenado-a-prision-por-falso-testimonio\/\">\u00a0<b>La reciente condena por falsa declaraci\u00f3n contra Halit<\/b><\/a>, relacionada con protestas ocurridas en Turqu\u00eda en 2013, present\u00f3 un inesperado giro. Sin embargo, con la sentencia de prisi\u00f3n suspendida y el \u00e1nimo de seguir adelante, Halit y Berg\u00fczar enfrentan juntos cada desaf\u00edo, demostrando que su historia, aut\u00e9ntica y s\u00f3lida, tiene ra\u00edces m\u00e1s profundas que cualquier ficci\u00f3n..<\/p>\n<p class=\"paragraph\" data-mrf-recirculation=\"Links inline\">Mientras los a\u00f1os avanzan, su amor perdura, contra todo pron\u00f3stico, como un emblema viviente de que los finales felices no solo existen en las historias de cuentos o en las telenovelas de la televisi\u00f3n, sino en el comprometido esfuerzo diario de dos personas que edifican, juntas, un ma\u00f1ana mejor.<\/p>\n","protected":false},"excerpt":{"rendered":"<p>En medio de la sentencia a m\u00e1s de un a\u00f1o de c\u00e1rcel, Halit Ergenc enfrenta su presente m\u00e1s dif\u00edcil. C\u00f3mo fue el camino que naci\u00f3 en Las mil y una noches y sobre el que construyeron una familia rodeada de afecto. Nadie pod\u00eda preverlo cuando los actores que interpretaron a\u00a0Onur\u00a0y\u00a0Sherezade\u00a0cruzaron miradas por primera vez en [&hellip;]<\/p>\n","protected":false},"author":2,"featured_media":23442,"comment_status":"closed","ping_status":"closed","sticky":false,"template":"","format":"standard","meta":{"footnotes":""},"categories":[67],"tags":[],"class_list":{"0":"post-23441","1":"post","2":"type-post","3":"status-publish","4":"format-standard","5":"has-post-thumbnail","7":"category-espectaculo"},"_links":{"self":[{"href":"https:\/\/radiobitacora.com.ar\/web\/wp-json\/wp\/v2\/posts\/23441","targetHints":{"allow":["GET"]}}],"collection":[{"href":"https:\/\/radiobitacora.com.ar\/web\/wp-json\/wp\/v2\/posts"}],"about":[{"href":"https:\/\/radiobitacora.com.ar\/web\/wp-json\/wp\/v2\/types\/post"}],"author":[{"embeddable":true,"href":"https:\/\/radiobitacora.com.ar\/web\/wp-json\/wp\/v2\/users\/2"}],"replies":[{"embeddable":true,"href":"https:\/\/radiobitacora.com.ar\/web\/wp-json\/wp\/v2\/comments?post=23441"}],"version-history":[{"count":0,"href":"https:\/\/radiobitacora.com.ar\/web\/wp-json\/wp\/v2\/posts\/23441\/revisions"}],"wp:featuredmedia":[{"embeddable":true,"href":"https:\/\/radiobitacora.com.ar\/web\/wp-json\/wp\/v2\/media\/23442"}],"wp:attachment":[{"href":"https:\/\/radiobitacora.com.ar\/web\/wp-json\/wp\/v2\/media?parent=23441"}],"wp:term":[{"taxonomy":"category","embeddable":true,"href":"https:\/\/radiobitacora.com.ar\/web\/wp-json\/wp\/v2\/categories?post=23441"},{"taxonomy":"post_tag","embeddable":true,"href":"https:\/\/radiobitacora.com.ar\/web\/wp-json\/wp\/v2\/tags?post=23441"}],"curies":[{"name":"wp","href":"https:\/\/api.w.org\/{rel}","templated":true}]}}