{"id":23453,"date":"2025-05-30T09:05:58","date_gmt":"2025-05-30T12:05:58","guid":{"rendered":"https:\/\/radiobitacora.com.ar\/web\/?p=23453"},"modified":"2025-05-30T09:06:05","modified_gmt":"2025-05-30T12:06:05","slug":"ajedrez-en-las-escuelas-un-impulso-al-pensamiento-estrategico","status":"publish","type":"post","link":"https:\/\/radiobitacora.com.ar\/web\/2025\/05\/30\/ajedrez-en-las-escuelas-un-impulso-al-pensamiento-estrategico\/","title":{"rendered":"AJEDREZ EN LAS ESCUELAS, UN IMPULSO AL PENSAMIENTO ESTRAT\u00c9GICO"},"content":{"rendered":"<p style=\"font-weight: 400;\">En dependencias del club Hurac\u00e1n se realiz\u00f3 el certamen zonal de ajedrez escolar, organizado por el Centro de Educaci\u00f3n F\u00edsica N\u00famero 9 de Goya y el Colegio Secundario Magdalena G\u00fcemes de Tejada. La rectora del colegio, profesora Alicia Ben\u00edtez, analiz\u00f3 la jornada.<\/p>\n<p style=\"font-weight: 400;\">Desde la organizaci\u00f3n destacaron que el entusiasmo de los estudiantes por el ajedrez es notable, ya que les permite desarrollar habilidades claves para la formaci\u00f3n.<\/p>\n<p style=\"font-weight: 400;\">INCENTIVAR DESDE EL \u00c1MBITO EDUCATIVO<\/p>\n<p style=\"font-weight: 400;\">\u201cSiempre les estoy solicitando a los profes que armen este tipo de encuentros, porque los chicos necesitan otro tipo de experiencias de vida, no solo dentro de la escuela. Nosotros tenemos alumnos de zonas muy humildes y lo poco que pueden llegar a conocer son este tipo de salidas y en estos eventos\u201d, subray\u00f3.<\/p>\n<p style=\"font-weight: 400;\">La cita fue en un encuentro zonal y ahora van al provincial varias escuelas de la localidad.<\/p>\n<p style=\"font-weight: 400;\">El coordinador del Programa Ajedrez Educativo, bajo la articulaci\u00f3n de su representante, Marcos Aguirre, agradeci\u00f3 al organizador, al profesor Alejandro Mart\u00ednez (CEEF) y al departamento de Educaci\u00f3n F\u00edsica del colegio, a cargo de la profesora Sandra V\u00e1zquez, \u201cque apoyan y hacen que persista el ajedrez en esta instituci\u00f3n\u201d.<\/p>\n<p style=\"font-weight: 400;\">RECONOCIMIENTO Y GRATITUD A LOS COLABORADORES<\/p>\n<p style=\"font-weight: 400;\">Reconoci\u00f3 asimismo el aporte e impulso del bibliotec\u00f3logo V\u00edctor \u201cnegro\u201d Ojeda, como uno de los propulsores del taller escolar de ajedrez, al t\u00e9cnico de f\u00fatbol de Hurac\u00e1n de Goya, Juan Manuel \u201cchoclo\u201d V\u00e1zquez, a la barra pesquera que prest\u00f3 los caballetes y tablones para armar las mesas y la comisi\u00f3n directiva que cedi\u00f3 amablemente el sal\u00f3n de fiestas de esa instituci\u00f3n.<\/p>\n<p style=\"font-weight: 400;\">Cabe se\u00f1alar que del certamen del \u201cjuego ciencia\u201d participaron unos 100 estudiantes de los niveles primario y secundario de colegios de Goya, Santa Luc\u00eda y Bella Vista.<\/p>\n<p style=\"font-weight: 400;\">Del provincial va a participar la escuela del barrio San Ram\u00f3n N\u00b0 207 \u201cEnrique Carles Vila\u201d.<\/p>\n<p style=\"font-weight: 400;\">Otros galardonados fueron los alumnos de la escuela N\u00b0 16 \u201cPedro Ferr\u00e9\u201dde la comuna de Bella Vista.<\/p>\n<p style=\"font-weight: 400;\">La disciplina se ha convertido en una actividad destacada en numerosas escuelas de Goya, no solo por el entusiasmo que genera en los estudiantes, sino tambi\u00e9n por los beneficios que aporta a nivel educativo.<\/p>\n<p style=\"font-weight: 400;\">Direcci\u00f3n de Prensa \u2013 Municipalidad de Goya<img loading=\"lazy\" decoding=\"async\" class=\"aligncenter size-full wp-image-23454\" src=\"https:\/\/radiobitacora.com.ar\/web\/wp-content\/uploads\/2025\/05\/ajedrez-escolar-ilustracion-nota-Rectora-Alicia-Benitez-1.jpg\" alt=\"\" width=\"960\" height=\"1280\" srcset=\"https:\/\/radiobitacora.com.ar\/web\/wp-content\/uploads\/2025\/05\/ajedrez-escolar-ilustracion-nota-Rectora-Alicia-Benitez-1.jpg 960w, https:\/\/radiobitacora.com.ar\/web\/wp-content\/uploads\/2025\/05\/ajedrez-escolar-ilustracion-nota-Rectora-Alicia-Benitez-1-696x928.jpg 696w, https:\/\/radiobitacora.com.ar\/web\/wp-content\/uploads\/2025\/05\/ajedrez-escolar-ilustracion-nota-Rectora-Alicia-Benitez-1-315x420.jpg 315w\" sizes=\"auto, (max-width: 960px) 100vw, 960px\" \/><\/p>\n","protected":false},"excerpt":{"rendered":"<p>En dependencias del club Hurac\u00e1n se realiz\u00f3 el certamen zonal de ajedrez escolar, organizado por el Centro de Educaci\u00f3n F\u00edsica N\u00famero 9 de Goya y el Colegio Secundario Magdalena G\u00fcemes de Tejada. La rectora del colegio, profesora Alicia Ben\u00edtez, analiz\u00f3 la jornada. Desde la organizaci\u00f3n destacaron que el entusiasmo de los estudiantes por el ajedrez [&hellip;]<\/p>\n","protected":false},"author":2,"featured_media":23455,"comment_status":"closed","ping_status":"closed","sticky":false,"template":"","format":"standard","meta":{"footnotes":""},"categories":[78],"tags":[],"class_list":{"0":"post-23453","1":"post","2":"type-post","3":"status-publish","4":"format-standard","5":"has-post-thumbnail","7":"category-deportes"},"_links":{"self":[{"href":"https:\/\/radiobitacora.com.ar\/web\/wp-json\/wp\/v2\/posts\/23453","targetHints":{"allow":["GET"]}}],"collection":[{"href":"https:\/\/radiobitacora.com.ar\/web\/wp-json\/wp\/v2\/posts"}],"about":[{"href":"https:\/\/radiobitacora.com.ar\/web\/wp-json\/wp\/v2\/types\/post"}],"author":[{"embeddable":true,"href":"https:\/\/radiobitacora.com.ar\/web\/wp-json\/wp\/v2\/users\/2"}],"replies":[{"embeddable":true,"href":"https:\/\/radiobitacora.com.ar\/web\/wp-json\/wp\/v2\/comments?post=23453"}],"version-history":[{"count":0,"href":"https:\/\/radiobitacora.com.ar\/web\/wp-json\/wp\/v2\/posts\/23453\/revisions"}],"wp:featuredmedia":[{"embeddable":true,"href":"https:\/\/radiobitacora.com.ar\/web\/wp-json\/wp\/v2\/media\/23455"}],"wp:attachment":[{"href":"https:\/\/radiobitacora.com.ar\/web\/wp-json\/wp\/v2\/media?parent=23453"}],"wp:term":[{"taxonomy":"category","embeddable":true,"href":"https:\/\/radiobitacora.com.ar\/web\/wp-json\/wp\/v2\/categories?post=23453"},{"taxonomy":"post_tag","embeddable":true,"href":"https:\/\/radiobitacora.com.ar\/web\/wp-json\/wp\/v2\/tags?post=23453"}],"curies":[{"name":"wp","href":"https:\/\/api.w.org\/{rel}","templated":true}]}}