{"id":23474,"date":"2025-05-30T09:39:38","date_gmt":"2025-05-30T12:39:38","guid":{"rendered":"https:\/\/radiobitacora.com.ar\/web\/?p=23474"},"modified":"2025-05-30T09:50:10","modified_gmt":"2025-05-30T12:50:10","slug":"la-sorpresiva-reaccion-de-jimena-baron-al-conocer-el-tamano-y-peso-de-su-bebe-antes-del-nacimiento","status":"publish","type":"post","link":"https:\/\/radiobitacora.com.ar\/web\/2025\/05\/30\/la-sorpresiva-reaccion-de-jimena-baron-al-conocer-el-tamano-y-peso-de-su-bebe-antes-del-nacimiento\/","title":{"rendered":"LA SORPRESIVA REACCI\u00d3N DE JIMENA BAR\u00d3N AL CONOCER EL TAMA\u00d1O Y PESO DE SU BEB\u00c9 ANTES DEL NACIMIENTO"},"content":{"rendered":"<div id=\"element-body-0\" class=\"sc-45461e9c-0 eqiBeF container-text text-embed \">\n<p>Desde que anunci\u00f3 a comienzos de este a\u00f1o que\u00a0<a title=\"est\u00e1 esperando un hijo junto a su pareja, el empresario Mat\u00edas Palleiro\" href=\"https:\/\/www.clarin.com\/fama\/jimena-baron-mostro-patea-bebe-panza-increible-video_0_Gn10D1YYaT.html\" target=\"_blank\" rel=\"noopener\" data-mrf-link=\"https:\/\/www.clarin.com\/fama\/jimena-baron-mostro-patea-bebe-panza-increible-video_0_Gn10D1YYaT.html\">est\u00e1 esperando un hijo junto a su pareja, el empresario Mat\u00edas Palleiro<\/a>\u00a0\u2014con quien mantiene una relaci\u00f3n desde hace tres a\u00f1os\u2014,\u00a0<strong>Jimena Bar\u00f3n<\/strong>\u00a0viene compartiendo c\u00f3mo est\u00e1 transitando su embarazo. Ahora, a tan solo d\u00edas del parto,<strong>\u00a0la actriz se mostr\u00f3 sorprendida al enterarse del peso, y tama\u00f1o del beb\u00e9 que est\u00e1 por llegar.<\/strong><\/p>\n<\/div>\n<div id=\"element-body-1\" class=\"sc-45461e9c-0 eqiBeF container-text text-embed \">\n<p>Luego de celebrar sus 38 a\u00f1os con<a title=\" una profunda reflexi\u00f3n sobre el proceso de gestaci\u00f3n\" href=\"https:\/\/www.clarin.com\/fama\/profunda-reflexion-jimena-baron-embarazo-comienza-recta-final_0_X4Mkty0FzI.html\" target=\"_blank\" rel=\"noopener\" data-mrf-link=\"https:\/\/www.clarin.com\/fama\/profunda-reflexion-jimena-baron-embarazo-comienza-recta-final_0_X4Mkty0FzI.html\">\u00a0una profunda reflexi\u00f3n sobre el proceso de gestaci\u00f3n<\/a>, la artista utiliz\u00f3 su cuenta oficial de Instagram\u00a0<em>(@jmena)<\/em>\u00a0donde acumula 6.7 millones de seguidores para\u00a0<strong>revelar la fecha aproximada de parto y el pesaje del peque\u00f1o en camino.<\/strong><\/p>\n<\/div>\n<div id=\"element-body-2\" class=\"sc-45461e9c-0 eqiBeF container-text text-embed \">\n<p>&#8220;<strong>3 kilos pesa este pibe ya&#8230; No llegamos al 24 de junio ni ah\u00ed (se mueve much\u00edsimo)\u201d<\/strong>, comparti\u00f3 a trav\u00e9s de una historia en la red social.<\/p>\n<div id=\"element-body-3\" class=\"sc-45461e9c-0 eqiBeF container-text text-embed \">\n<p>Ahora, Jimena comparti\u00f3 c\u00f3mo vivi\u00f3 una de las \u00faltimas ecograf\u00edas antes del parto y en la grabaci\u00f3n registrada desde la cl\u00ednica m\u00e9dica, se la puede ver recostada en una camilla, observando con atenci\u00f3n la pantalla que mostraba el crecimiento del beb\u00e9.<\/p>\n<\/div>\n<div id=\"element-body-4\" class=\"sc-45461e9c-0 eqiBeF container-text text-embed \">\n<p>&#8220;<strong>Pancita adecuada, a las semanas que tiene perfecto&#8221;<\/strong>, se la escucha decir a la m\u00e9dica mientras le realizaba el estudia de rutina.<\/p>\n<p><img loading=\"lazy\" decoding=\"async\" class=\" wp-image-23475 alignleft\" src=\"https:\/\/radiobitacora.com.ar\/web\/wp-content\/uploads\/2025\/05\/gime.jpg\" alt=\"\" width=\"238\" height=\"393\" srcset=\"https:\/\/radiobitacora.com.ar\/web\/wp-content\/uploads\/2025\/05\/gime.jpg 720w, https:\/\/radiobitacora.com.ar\/web\/wp-content\/uploads\/2025\/05\/gime-696x1147.jpg 696w, https:\/\/radiobitacora.com.ar\/web\/wp-content\/uploads\/2025\/05\/gime-255x420.jpg 255w\" sizes=\"auto, (max-width: 238px) 100vw, 238px\" \/><\/p>\n<\/div>\n<div id=\"element-body-5\" class=\"sc-45461e9c-0 eqiBeF container-text text-embed \">\n<p>Luego, la actriz se mostr\u00f3 impactada cuando la profesional sum\u00f3: \u201c<strong>La cabecita, adecuada, de 39 semanas\u201d<\/strong>, ya que a\u00fan cursa la semana 36 de embarazo.<\/p>\n<div id=\"element-body-7\" class=\"sc-45461e9c-0 eqiBeF container-text text-embed \">\n<p><strong>\u201cMientras no pase los 10 (cm)\u201d<\/strong>, advirti\u00f3 la doctora, lo que provoc\u00f3 que Jimena evidenciara su preocupaci\u00f3n, llev\u00e1ndose una mano al rostro visiblemente inquieta.<\/p>\n<\/div>\n<div id=\"element-body-8\" class=\"sc-45461e9c-0 eqiBeF container-text text-embed \">\n<p>No obstante, Jimena se mantuvo fiel a su estilo y busc\u00f3 desdramatizar la situaci\u00f3n con una cuota de humor. Para ello, la artista escribi\u00f3 en el ep\u00edgrafe de la publicaci\u00f3n:\u00a0<strong>&#8220;QEPD vagina querida, vuela alto. 1987 \/ 2025&#8221;.<\/strong><\/p>\n<\/div>\n<div id=\"element-body-9\" class=\"sc-45461e9c-0 eqiBeF container-text text-embed \">\n<p>Adem\u00e1s, en los comentarios, Bar\u00f3n record\u00f3 un detalle de su experiencia al dar a luz a su hijo en com\u00fan con Daniel Osvaldo en marzo de 2014:<strong>\u00a0&#8220;Momo pes\u00f3 3,600 kg y ni un punto. NO PERDAMOS LA FE HERMANAS&#8221;.<\/strong><\/p>\n<\/div>\n<div id=\"element-body-10\" class=\"sc-45461e9c-0 eqiBeF container-text text-embed \">\n<p>Lo cierto es que el tono humor\u00edstico con el que comparti\u00f3 los detalles de la ecograf\u00eda gener\u00f3 risas entre sus seguidores, quienes aprovecharon la ocasi\u00f3n para enviarle mensajes de apoyo y hacerle llegar algunos consejos, y as\u00ed aliviar la inquietud que despert\u00f3 la consulta m\u00e9dica.<\/p>\n<div id=\"element-body-12\" class=\"sc-45461e9c-0 eqiBeF container-text text-embed \">\n<p>Una de ellas fue la actriz Julieta Nair Calvo, quien se sum\u00f3 a los numerosos comentarios y le dej\u00f3 unas palabras de aliento:\u00a0<strong>&#8220;Jajaajajajajjajjaja estamos con vos hermana vagina&#8221;.<\/strong><\/p>\n<\/div>\n<div id=\"element-body-13\" class=\"sc-45461e9c-0 eqiBeF container-text text-embed \">\n<p>Celeste Cid no se qued\u00f3 al margen y tambi\u00e9n reaccion\u00f3 con empat\u00eda ante la inquietud que la ecograf\u00eda le provoc\u00f3 a Jimena Bar\u00f3n: &#8220;<strong>Todas nuestras vaginas reencontr\u00e1ndose en el cielo&#8221;.<\/strong><\/p>\n<\/div>\n<div id=\"element-body-14\" class=\"sc-45461e9c-0 eqiBeF container-text text-embed \">\n<p>Finalmente, la conductora Marina Se\u00f1uk le hizo saber:<strong>\u00a0&#8220;SOS espectacular Jimena!!!!\u2019no es reza Malena !!!! Es Reza Jimena, reza!!&#8221;.<\/strong><\/p>\n<\/div>\n<\/div>\n<\/div>\n<\/div>\n","protected":false},"excerpt":{"rendered":"<p>Desde que anunci\u00f3 a comienzos de este a\u00f1o que\u00a0est\u00e1 esperando un hijo junto a su pareja, el empresario Mat\u00edas Palleiro\u00a0\u2014con quien mantiene una relaci\u00f3n desde hace tres a\u00f1os\u2014,\u00a0Jimena Bar\u00f3n\u00a0viene compartiendo c\u00f3mo est\u00e1 transitando su embarazo. Ahora, a tan solo d\u00edas del parto,\u00a0la actriz se mostr\u00f3 sorprendida al enterarse del peso, y tama\u00f1o del beb\u00e9 que [&hellip;]<\/p>\n","protected":false},"author":2,"featured_media":23476,"comment_status":"closed","ping_status":"closed","sticky":false,"template":"","format":"standard","meta":{"footnotes":""},"categories":[67],"tags":[],"class_list":{"0":"post-23474","1":"post","2":"type-post","3":"status-publish","4":"format-standard","5":"has-post-thumbnail","7":"category-espectaculo"},"_links":{"self":[{"href":"https:\/\/radiobitacora.com.ar\/web\/wp-json\/wp\/v2\/posts\/23474","targetHints":{"allow":["GET"]}}],"collection":[{"href":"https:\/\/radiobitacora.com.ar\/web\/wp-json\/wp\/v2\/posts"}],"about":[{"href":"https:\/\/radiobitacora.com.ar\/web\/wp-json\/wp\/v2\/types\/post"}],"author":[{"embeddable":true,"href":"https:\/\/radiobitacora.com.ar\/web\/wp-json\/wp\/v2\/users\/2"}],"replies":[{"embeddable":true,"href":"https:\/\/radiobitacora.com.ar\/web\/wp-json\/wp\/v2\/comments?post=23474"}],"version-history":[{"count":0,"href":"https:\/\/radiobitacora.com.ar\/web\/wp-json\/wp\/v2\/posts\/23474\/revisions"}],"wp:featuredmedia":[{"embeddable":true,"href":"https:\/\/radiobitacora.com.ar\/web\/wp-json\/wp\/v2\/media\/23476"}],"wp:attachment":[{"href":"https:\/\/radiobitacora.com.ar\/web\/wp-json\/wp\/v2\/media?parent=23474"}],"wp:term":[{"taxonomy":"category","embeddable":true,"href":"https:\/\/radiobitacora.com.ar\/web\/wp-json\/wp\/v2\/categories?post=23474"},{"taxonomy":"post_tag","embeddable":true,"href":"https:\/\/radiobitacora.com.ar\/web\/wp-json\/wp\/v2\/tags?post=23474"}],"curies":[{"name":"wp","href":"https:\/\/api.w.org\/{rel}","templated":true}]}}