{"id":23478,"date":"2025-05-30T10:02:58","date_gmt":"2025-05-30T13:02:58","guid":{"rendered":"https:\/\/radiobitacora.com.ar\/web\/?p=23478"},"modified":"2025-05-30T10:02:58","modified_gmt":"2025-05-30T13:02:58","slug":"insolito-pedido-a-la-argentina-desde-annobon","status":"publish","type":"post","link":"https:\/\/radiobitacora.com.ar\/web\/2025\/05\/30\/insolito-pedido-a-la-argentina-desde-annobon\/","title":{"rendered":"INS\u00d3LITO PEDIDO A LA ARGENTINA DESDE ANNOB\u00d3N"},"content":{"rendered":"<header class=\"sc-3c43cf31-5 itlzPZ\">\n<div class=\"sc-4046cfdf-0 kwYgOI\"><\/div>\n<\/header>\n<div class=\"sc-af7f7361-2 dYVKaQ\">\n<div id=\"logo1\" class=\"sc-af7f7361-0 iohAgN\" data-targeting=\"logo1\">\n<h1 class=\"storyTitle \"><em><strong><span style=\"font-size: 12pt;\">Ins\u00f3lito pedido a la Argentina desde Annob\u00f3n, un territorio en conflicto en \u00c1frica: \u201cQueremos ser un Estado asociado o quiz\u00e1s una provincia\u201d<\/span><\/strong><\/em><\/h1>\n<div id=\"element-body-0\" class=\"sc-45461e9c-0 eqiBeF container-text text-embed \">\n<p><strong>Annob\u00f3n\u00a0<\/strong>es una peque\u00f1a isla que flota en el Atl\u00e1ntico. La separan 500 kil\u00f3metros de la costa continental de\u00a0<strong>Guinea Ecuatorial<\/strong>, pa\u00eds al que pertenece el archipi\u00e9lago, aunque para algunos habitantes esa distancia es insalvable. Este mi\u00e9rcoles, el autoproclamado primer ministro de Annob\u00f3n lanz\u00f3 un pedido ins\u00f3lito a la Argentina. &#8220;Querr\u00edamos ser parte del pa\u00eds, quiz\u00e1s como estado asociado o como provincia&#8221;, dijo Orlando Cartagena Lagar, que recurre a un pasado colonial com\u00fan.<\/p>\n<\/div>\n<div id=\"element-body-1\" class=\"sc-45461e9c-0 eqiBeF container-text text-embed \">\n<p>El caso de Annob\u00f3n es tan remoto geogr\u00e1fica como hist\u00f3ricamente para la Argentina. El reclamo, aunque en principio irrisorio, trajo consigo una lecci\u00f3n de historia y de actualidad en la misma medida. Su autoproclamado primer ministro habl\u00f3 con la prensa argentina la extrema situaci\u00f3n de su poblaci\u00f3n y de por qu\u00e9 recurre a la Argentina para encontrar una soluci\u00f3n.<\/p>\n<p>Comenzando por la actualidad, debe apuntarse que Annob\u00f3n es una isla de \u00c1frica, cuya poblaci\u00f3n impuls\u00f3 en 2022 la independencia no reconocida de Guinea Ecuatorial, pa\u00eds al que pertenecen \u2013seg\u00fan lo reconoce la comunidad internacional\u2013 y al que denuncian por\u00a0<strong>discriminaci\u00f3n estructural<\/strong>\u00a0y, m\u00e1s recientemente, por genocidio.<\/p>\n<p>La cuesti\u00f3n es que la isla, de 17 kil\u00f3metros cuadrados de extensi\u00f3n, 5 mil pobladores y a 500 kil\u00f3metros del territorio continental de Guinea Ecuatorial, conforma, seg\u00fan el derecho internacional, una provincia m\u00e1s del pa\u00eds que gobierna el dictador Teodoro Obiang Nguema desde 1979. La historiograf\u00eda africana da cuenta de los conflictos hist\u00f3ricos entre la peque\u00f1a poblaci\u00f3n de Annob\u00f3n y la administraci\u00f3n central de Guinea Ecuatorial, dominada por las etnias Fang, en el continente africano, y por los Bubi en otra isla, Bioko, donde est\u00e1 la capital Malabo.<\/p>\n<div id=\"element-body-6\" class=\"sc-45461e9c-0 eqiBeF container-text text-embed \">\n<p>El propio primer ministro de la autoproclamada Rep\u00fablica de Annob\u00f3n, Orlando Cartagena Lagar, expuso esa situaci\u00f3n en di\u00e1logo con\u00a0<em>Radio Rivadavia<\/em>: &#8220;En Annob\u00f3n est\u00e1 pasando de todo. En principio, una agresi\u00f3n permanente desde hace siglos, y gritamos pero nadie nos oye porque\u00a0<strong>tenemos una losa encima nuestro<\/strong>, que se llama Guinea Ecuatorial&#8221;.<\/p>\n<\/div>\n<div id=\"element-body-7\" class=\"sc-45461e9c-0 eqiBeF container-text text-embed \">\n<p><strong>&#8220;Nos impusieron esta tragedia<\/strong>. Somos un pueblo distinto, con identidad cultural y lengua diferente; y aunque ten\u00edamos todo para formar nuestro pa\u00eds, el colonialismo nos someti\u00f3 a esta entidad creada en 1968 que se llama Guinea Ecuatorial, que\u00a0<strong>nos est\u00e1 matando de hambre y de sed<\/strong>. No hay infraestructura m\u00ednimo para subsistir. Es\u00a0<strong>un genocidio lento<\/strong>&#8220;, continu\u00f3 Cartagena Lagar, de visita en Buenos Aires.<\/p>\n<\/div>\n<div id=\"element-body-8\" class=\"sc-45461e9c-0 eqiBeF container-text text-embed \">\n<p>Y precis\u00f3: &#8220;Estamos pidi\u00e9ndole a Argentina apoyo internacional y colaboraci\u00f3n para salir de esta situaci\u00f3n. Teniendo en cuenta la historia en com\u00fan, podemos hacer cosas en com\u00fan, aunque ahora no es momento de ponerle nombre&#8221;.<\/p>\n<\/div>\n<div id=\"element-body-9\" class=\"sc-45461e9c-0 eqiBeF container-text text-embed \">\n<p>\u00bfC\u00f3mo es que una isla en \u00c1frica, del otro lado del Oc\u00e9ano Atl\u00e1ntico, guarda un pasado en com\u00fan con Argentina? El propio premier lo explica: &#8220;Nosotros\u00a0<strong>formamos parte del Virreinato del R\u00edo de la Plata<\/strong>, junto con Argentina, Uruguay, Paraguay, entre otros; y desde entonces hemos estado marcados por estos. Las decisiones coloniales nos arrancaron en ese concepto&#8221;.<\/p>\n<p><img loading=\"lazy\" decoding=\"async\" class=\"aligncenter size-full wp-image-23479\" src=\"https:\/\/radiobitacora.com.ar\/web\/wp-content\/uploads\/2025\/05\/mVvLFWSV7_1256x620__1.jpg\" alt=\"\" width=\"1256\" height=\"620\" srcset=\"https:\/\/radiobitacora.com.ar\/web\/wp-content\/uploads\/2025\/05\/mVvLFWSV7_1256x620__1.jpg 1256w, https:\/\/radiobitacora.com.ar\/web\/wp-content\/uploads\/2025\/05\/mVvLFWSV7_1256x620__1-324x160.jpg 324w, https:\/\/radiobitacora.com.ar\/web\/wp-content\/uploads\/2025\/05\/mVvLFWSV7_1256x620__1-696x344.jpg 696w, https:\/\/radiobitacora.com.ar\/web\/wp-content\/uploads\/2025\/05\/mVvLFWSV7_1256x620__1-1068x527.jpg 1068w, https:\/\/radiobitacora.com.ar\/web\/wp-content\/uploads\/2025\/05\/mVvLFWSV7_1256x620__1-851x420.jpg 851w\" sizes=\"auto, (max-width: 1256px) 100vw, 1256px\" \/><\/p>\n<\/div>\n<div id=\"element-body-10\" class=\"sc-45461e9c-0 eqiBeF container-text text-embed \">\n<p>En esa sinton\u00eda remarc\u00f3: &#8220;<strong>Hoy queremos encontrarnos con nuestros hermanos de Argentina&#8221;.<\/strong><\/p>\n<\/div>\n<div id=\"element-body-11\" class=\"sc-45461e9c-0 eqiBeF container-text text-embed \">\n<p>Annob\u00f3n se llama as\u00ed porque fue descubierta el 1 de enero de 1475 por navegantes portugueses, cuya corona la administr\u00f3 junto al archipi\u00e9lago vecino de Santo Tom\u00e9 y Principe hasta 1642, cuando comerciantes holandeses tomaron el control de la isla. Retomado seis a\u00f1os m\u00e1s tarde la soberan\u00eda, los portugueses negociaron Annob\u00f3n con Espa\u00f1a a cambio de algunos territorios en Brasil y Uruguay (entre ellos, Colonial del Sacramento), a m\u00e1s de 7 mil kil\u00f3metros de distancia, al otro lado del Atl\u00e1ntico.<\/p>\n<div id=\"element-body-13\" class=\"sc-45461e9c-0 eqiBeF container-text text-embed \">\n<p>La isla alberg\u00f3 por siglos un mercado de esclavos considerable en la ruta atl\u00e1ntica que no s\u00f3lo explotaban los espa\u00f1oles, sino tambi\u00e9n portugueses, ingleses y franceses, que aprovechaban las corrientes mar\u00edtimas favorables en esa latitud hacia Sudam\u00e9rica. Por ese motivo, la Corona espa\u00f1ola incluy\u00f3 los territorios que hoy conforman Guinea Ecuatorial en el Virreinato del R\u00edo de la Plata. Es decir, hasta 1816 desde el Buenos Aires colonial se decidieron asuntos relativos a Guinea Ecuatorial y de Annob\u00f3n.<\/p>\n<\/div>\n<div id=\"element-body-14\" class=\"sc-45461e9c-0 eqiBeF container-text text-embed \">\n<p>Luego de la disoluci\u00f3n del Virreinato del R\u00edo de la Plata, Madrid resolvi\u00f3 retomar el control del territorio, el cual ejerci\u00f3 hasta 1968, cuando la metr\u00f3polis se retir\u00f3 y Guinea Ecuatorial se independiz\u00f3 como la \u00fanica naci\u00f3n africana de habla hispana.<\/p>\n<\/div>\n<div id=\"element-body-15\" class=\"sc-45461e9c-0 eqiBeF container-text text-embed \">\n<p>Los problemas para Annob\u00f3n continuaron cuando asumi\u00f3 el mando del nuevo pa\u00eds Francisco Mac\u00edas Nguema, un sanguinario dictador que en mayo de 1972 lleg\u00f3 a prohibir la entrada y salida de la poblaci\u00f3n de la isla por dos a\u00f1os. Los problemas tribales, comunes en distintos pa\u00edses africanos y que dificultan la cohesi\u00f3n de distintas naciones bajo un mismo Estado, han sido una constante en la historia conflictiva entre Annob\u00f3n y el gobierno de Malabo. Nada de eso parece haber cambiado durante el gobierno de Teodoro Obiang Nguema, en el poder desde 1979, cuando derroc\u00f3 a Mac\u00edas Nguema.<\/p>\n<div id=\"element-body-18\" class=\"sc-45461e9c-0 eqiBeF container-text text-embed \">\n<p>&#8220;Queremos salvarnos de nuestra situaci\u00f3n actual, y queremos el reconocimiento de nuestra independencia. El pueblo argentino nos ha entendido y tenemos confianza en ellos. Hemos hablado con legisladores y senadores, con estudiantes y con otros colectivos&#8221;, precis\u00f3 Cartagena Lagar este mi\u00e9rcoles.<\/p>\n<\/div>\n<div id=\"element-body-19\" class=\"sc-45461e9c-0 eqiBeF container-text text-embed \">\n<p>Y avanz\u00f3: &#8220;<strong>No pedimos ser anexados<\/strong>. Pedimos el apoyo pol\u00edtico de Argentina y querr\u00edamos ser parte de ese pa\u00eds, pero no pensado como anexado. Puede ser un Estado asociado, puede ser un estatus de provincia. Est\u00e1n en estudio los proyectos que presentamos, aunque pedimos apoyo y visibilidad. Con el gobierno argentino en s\u00ed no hablamos, pero s\u00ed con sectores legislativos&#8221;.<\/p>\n<\/div>\n<div id=\"element-body-20\" class=\"sc-45461e9c-0 eqiBeF container-text text-embed \">\n<p><strong>&#8220;A Javier Milei le digo que preste atenci\u00f3n al pueblo de Annob\u00f3n,<\/strong> que le pide ayuda porque estamos siendo esclavizados en el siglo XXI. Le pedimos que nos tienda la mano&#8221;, culmin\u00f3 el premier annobon\u00e9s.<\/p>\n<\/div>\n<\/div>\n<\/div>\n<\/div>\n<\/div>\n<div id=\"logo10\" class=\"sc-af7f7361-0 iohAgN\" data-targeting=\"logo10\"><\/div>\n<\/div>\n","protected":false},"excerpt":{"rendered":"<p>Ins\u00f3lito pedido a la Argentina desde Annob\u00f3n, un territorio en conflicto en \u00c1frica: \u201cQueremos ser un Estado asociado o quiz\u00e1s una provincia\u201d Annob\u00f3n\u00a0es una peque\u00f1a isla que flota en el Atl\u00e1ntico. La separan 500 kil\u00f3metros de la costa continental de\u00a0Guinea Ecuatorial, pa\u00eds al que pertenece el archipi\u00e9lago, aunque para algunos habitantes esa distancia es insalvable. [&hellip;]<\/p>\n","protected":false},"author":2,"featured_media":23480,"comment_status":"closed","ping_status":"closed","sticky":false,"template":"","format":"standard","meta":{"footnotes":""},"categories":[80],"tags":[],"class_list":{"0":"post-23478","1":"post","2":"type-post","3":"status-publish","4":"format-standard","5":"has-post-thumbnail","7":"category-internacionales"},"_links":{"self":[{"href":"https:\/\/radiobitacora.com.ar\/web\/wp-json\/wp\/v2\/posts\/23478","targetHints":{"allow":["GET"]}}],"collection":[{"href":"https:\/\/radiobitacora.com.ar\/web\/wp-json\/wp\/v2\/posts"}],"about":[{"href":"https:\/\/radiobitacora.com.ar\/web\/wp-json\/wp\/v2\/types\/post"}],"author":[{"embeddable":true,"href":"https:\/\/radiobitacora.com.ar\/web\/wp-json\/wp\/v2\/users\/2"}],"replies":[{"embeddable":true,"href":"https:\/\/radiobitacora.com.ar\/web\/wp-json\/wp\/v2\/comments?post=23478"}],"version-history":[{"count":0,"href":"https:\/\/radiobitacora.com.ar\/web\/wp-json\/wp\/v2\/posts\/23478\/revisions"}],"wp:featuredmedia":[{"embeddable":true,"href":"https:\/\/radiobitacora.com.ar\/web\/wp-json\/wp\/v2\/media\/23480"}],"wp:attachment":[{"href":"https:\/\/radiobitacora.com.ar\/web\/wp-json\/wp\/v2\/media?parent=23478"}],"wp:term":[{"taxonomy":"category","embeddable":true,"href":"https:\/\/radiobitacora.com.ar\/web\/wp-json\/wp\/v2\/categories?post=23478"},{"taxonomy":"post_tag","embeddable":true,"href":"https:\/\/radiobitacora.com.ar\/web\/wp-json\/wp\/v2\/tags?post=23478"}],"curies":[{"name":"wp","href":"https:\/\/api.w.org\/{rel}","templated":true}]}}