{"id":23529,"date":"2025-05-30T20:49:53","date_gmt":"2025-05-30T23:49:53","guid":{"rendered":"https:\/\/radiobitacora.com.ar\/web\/?p=23529"},"modified":"2025-05-30T20:49:53","modified_gmt":"2025-05-30T23:49:53","slug":"rodrigo-de-paul-sorprendio-con-un-mensaje-para-maravilla-martinez-tras-su-gol-clave-en-racing","status":"publish","type":"post","link":"https:\/\/radiobitacora.com.ar\/web\/2025\/05\/30\/rodrigo-de-paul-sorprendio-con-un-mensaje-para-maravilla-martinez-tras-su-gol-clave-en-racing\/","title":{"rendered":"RODRIGO DE PAUL SORPRENDI\u00d3 CON UN MENSAJE PARA MARAVILLA MART\u00cdNEZ TRAS SU GOL CLAVE EN RACING"},"content":{"rendered":"<p>El mediocampista del Atl\u00e9tico de Madrid destac\u00f3 p\u00fablicamente al goleador luego de su espectacular tanto frente a Fortaleza, en una noche inolvidable por la Copa Libertadores.<\/p>\n<p>Adri\u00e1n Mart\u00ednez atraviesa un momento brillante y su protagonismo no deja de crecer. Con su espectacular definici\u00f3n acrob\u00e1tica ante Fortaleza,\u00a0<b>que sell\u00f3 la victoria y el primer puesto del grupo en la Copa Libertadores<\/b>, el delantero volvi\u00f3 a ubicarse en el centro de todas las miradas.\u00a0<b>Ese gol lo igual\u00f3 como m\u00e1ximo artillero de Racing a nivel internacional y provoc\u00f3 una oleada de elogios, incluso desde el exterior<\/b>.<\/p>\n<p>Uno de los saludos m\u00e1s resonantes fue el de Rodrigo De Paul, quien utiliz\u00f3 su cuenta de Instagram para destacar la actuaci\u00f3n del atacante. \u201c<b><i>Qu\u00e9 bueno sos Maravilla<\/i><\/b>\u201d, escribi\u00f3 el campe\u00f3n del mundo, acompa\u00f1ando el mensaje con dos corazones celestes. La respuesta de Mart\u00ednez no tard\u00f3 en llegar: \u201c<i><b>Muchas gracias campe\u00f3n. Lo m\u00edo es la Gracia de Dios en mi vida, ja. Bendiciones<\/b><\/i>\u201d.<\/p>\n<p>El gesto del ex-Racing llega justo cuando la Selecci\u00f3n Argentina se prepara para enfrentar a Chile y Colombia por las Eliminatorias. En ese contexto,\u00a0<b>muchos hinchas de la Academia comenzaron a pedir a Mart\u00ednez como una opci\u00f3n ofensiva para el equipo de Lionel Scaloni<\/b>, apoy\u00e1ndose en su presente implacable y su instinto goleador.<\/p>\n<p>Con su conquista ante los brasile\u00f1os,\u00a0<b>Maravilla alcanz\u00f3 los 15 tantos en torneos internacionales, misma cifra que Norberto Raffo, y se posicion\u00f3 cuarto en el ranking de m\u00e1ximos goleadores del club en el siglo XXI<\/b>. S\u00f3lo lo superan\u00a0<b>Gustavo Bou (46), Diego Milito (59) y Lisandro L\u00f3pez (79)<\/b>, todos con m\u00e1s tiempo en el club que el actual referente.<\/p>\n<p>Adem\u00e1s,<b>\u00a0el delantero acumula seis gritos en esta edici\u00f3n de la Libertadores<\/b>, cifra que lo ubica entre los m\u00e1ximos anotadores del certamen, apenas uno por debajo del brasile\u00f1o Alan Patrick, de Internacional. Su efectividad lo transform\u00f3 en un pilar indiscutido para Gustavo Costas, y sus compa\u00f1eros lo reconocen con admiraci\u00f3n.<\/p>\n<h2>Los elogios de los jugadores de Racing para Maravilla Mart\u00ednez<\/h2>\n<p>Gabriel Rojas no se guard\u00f3 elogios: \u201c<i><b>Nos dijo que iba a hacer un gol. Est\u00e1 loco, pero juega para nosotros. Lo termin\u00f3 ganando con un golazo. El t\u00e9cnico sabe que no lo puede sacar porque define partidos como este<\/b><\/i>\u201d. La confianza del grupo en su figura es total, al punto de calificarlo como una garant\u00eda.<\/p>\n<p>Mart\u00ednez, de 32 a\u00f1os, es considerado intransferible por la dirigencia, que s\u00f3lo lo dejar\u00eda partir si alg\u00fan club ejecuta su cl\u00e1usula de salida, fijada en ocho millones de d\u00f3lares, y si \u00e9l acepta el cambio. Hasta ahora, es la gran carta ofensiva del equipo y su liderazgo se consolida partido a partido<\/p>\n<p>El uruguayo Gast\u00f3n Martirena tambi\u00e9n se refiri\u00f3 al aura especial del goleador: \u201c<i><b>A veces nos dice cosas que no creemos y pasan. Anuncia cu\u00e1ndo va a meter goles y lo cumple. Es algo que nos deja impresionados<\/b><\/i>\u201d. Por su parte, Marco Di Cesare lo defini\u00f3 con contundencia: \u201c<i>Es un jugador muy completo, muy inteligente. Un jugadorazo<\/i>\u201d.<\/p>\n<p><b>\u00bfFan\u00e1tico de La Academia?<\/b>\u00a0Enterate\u00a0<b><a href=\"https:\/\/www.tycsports.com\/racing-club.html\" target=\"_blank\" rel=\"noopener\">todas las noticias de Racing Club<\/a><\/b>\u00a0a trav\u00e9s de\u00a0<b><a href=\"https:\/\/www.tycsports.com\/\" target=\"_blank\" rel=\"noopener\">TyC Sports<\/a><\/b>. Segu\u00ed nuestra p\u00e1gina en\u00a0<b><a href=\"https:\/\/www.facebook.com\/Racing-Club-en-TyC-Sports-119847196075743\/?utm_source=pienotaseo&amp;utm_medium=racing&amp;utm_campaign=facebook\" target=\"_blank\" rel=\"noopener\">Facebook<\/a><\/b>\u00a0o\u00a0<b><a href=\"https:\/\/news.google.com\/publications\/CAAqBwgKMMKQkwswtsOoAw?oc=3&amp;ceid=AR:es-419?utm_source=pienotaseo&amp;utm_medium=racing&amp;utm_campaign=googlenews\" target=\"_blank\" rel=\"noopener\">Google News<\/a><\/b>. Tambi\u00e9n pod\u00e9s registrarte gratis e indicar tus\u00a0<a href=\"https:\/\/www.tycsports.com\/cognito_blank.html\"><b>preferencias para recibir notificaciones<\/b><\/a>\u00a0en tu browser o bajate nuestra APP (disponible en\u00a0<b><a href=\"https:\/\/play.google.com\/store\/apps\/details?id=com.mustmobile.tycmundial\" target=\"_blank\" rel=\"noopener\">Android<\/a><\/b>\u00a0&amp;\u00a0<b><a href=\"https:\/\/itunes.apple.com\/ar\/app\/tyc-sports\/id887613794?mt=8?utm_source=pienotaseo&amp;utm_medium=racing&amp;utm_campaign=ios\" target=\"_blank\" rel=\"noopener\">iOS<\/a><\/b>). Acced\u00e9 a todas las\u00a0<a href=\"https:\/\/tycsports.com\/estadisticas\/liga-profesional-de-futbol.html\" target=\"_blank\" rel=\"noopener\">estad\u00edsticas de La liga profesional\u00a0<\/a>del f\u00fatbol Argentino.<\/p>\n<p>&nbsp;<\/p>\n","protected":false},"excerpt":{"rendered":"<p>El mediocampista del Atl\u00e9tico de Madrid destac\u00f3 p\u00fablicamente al goleador luego de su espectacular tanto frente a Fortaleza, en una noche inolvidable por la Copa Libertadores. Adri\u00e1n Mart\u00ednez atraviesa un momento brillante y su protagonismo no deja de crecer. Con su espectacular definici\u00f3n acrob\u00e1tica ante Fortaleza,\u00a0que sell\u00f3 la victoria y el primer puesto del grupo [&hellip;]<\/p>\n","protected":false},"author":2,"featured_media":23530,"comment_status":"closed","ping_status":"closed","sticky":false,"template":"","format":"standard","meta":{"footnotes":""},"categories":[78],"tags":[],"class_list":{"0":"post-23529","1":"post","2":"type-post","3":"status-publish","4":"format-standard","5":"has-post-thumbnail","7":"category-deportes"},"_links":{"self":[{"href":"https:\/\/radiobitacora.com.ar\/web\/wp-json\/wp\/v2\/posts\/23529","targetHints":{"allow":["GET"]}}],"collection":[{"href":"https:\/\/radiobitacora.com.ar\/web\/wp-json\/wp\/v2\/posts"}],"about":[{"href":"https:\/\/radiobitacora.com.ar\/web\/wp-json\/wp\/v2\/types\/post"}],"author":[{"embeddable":true,"href":"https:\/\/radiobitacora.com.ar\/web\/wp-json\/wp\/v2\/users\/2"}],"replies":[{"embeddable":true,"href":"https:\/\/radiobitacora.com.ar\/web\/wp-json\/wp\/v2\/comments?post=23529"}],"version-history":[{"count":0,"href":"https:\/\/radiobitacora.com.ar\/web\/wp-json\/wp\/v2\/posts\/23529\/revisions"}],"wp:featuredmedia":[{"embeddable":true,"href":"https:\/\/radiobitacora.com.ar\/web\/wp-json\/wp\/v2\/media\/23530"}],"wp:attachment":[{"href":"https:\/\/radiobitacora.com.ar\/web\/wp-json\/wp\/v2\/media?parent=23529"}],"wp:term":[{"taxonomy":"category","embeddable":true,"href":"https:\/\/radiobitacora.com.ar\/web\/wp-json\/wp\/v2\/categories?post=23529"},{"taxonomy":"post_tag","embeddable":true,"href":"https:\/\/radiobitacora.com.ar\/web\/wp-json\/wp\/v2\/tags?post=23529"}],"curies":[{"name":"wp","href":"https:\/\/api.w.org\/{rel}","templated":true}]}}