{"id":23532,"date":"2025-05-30T20:54:03","date_gmt":"2025-05-30T23:54:03","guid":{"rendered":"https:\/\/radiobitacora.com.ar\/web\/?p=23532"},"modified":"2025-05-30T20:57:02","modified_gmt":"2025-05-30T23:57:02","slug":"demolieron-una-casa-donde-vivio-gustavo-cerati-y-encontraron-huesos-humanos-enterrados","status":"publish","type":"post","link":"https:\/\/radiobitacora.com.ar\/web\/2025\/05\/30\/demolieron-una-casa-donde-vivio-gustavo-cerati-y-encontraron-huesos-humanos-enterrados\/","title":{"rendered":"DEMOLIERON UNA CASA DONDE VIVI\u00d3 GUSTAVO CERATI Y ENCONTRARON HUESOS HUMANOS ENTERRADOS"},"content":{"rendered":"<h2 class=\"article__dropline font__body\"><span style=\"font-size: 14pt;\">La casona ubicada en el barrio de Coghlan fue hogar del m\u00fasico durante dos a\u00f1os. En ese terreno, en el que hoy hay un edificio en construcci\u00f3n, tambi\u00e9n funcion\u00f3 un geri\u00e1trico.<\/span><\/h2>\n<p class=\"paragraph font__body-regular\"><span style=\"font-size: 14pt;\">Al dar una vuelta por Avenida Congreso, una de las arterias principales del barrio de\u00a0<b>Coghlan<\/b>, se puede ver una obra en construcci\u00f3n al 3700 de esa calle. Lo que hoy es un simple port\u00f3n negro con monta\u00f1as de tierra detr\u00e1s, tiempo atr\u00e1s fue\u00a0<b>una de las casas en las que vivi\u00f3\u00a0<\/b><a title=\"https:\/\/tn.com.ar\/musica\/recitales\/2025\/03\/09\/shakira-recordo-a-gustavo-cerati-durante-uno-de-sus-shows-en-buenos-aires-siempre-lo-llevare-conmigo\/\" href=\"https:\/\/tn.com.ar\/musica\/recitales\/2025\/03\/09\/shakira-recordo-a-gustavo-cerati-durante-uno-de-sus-shows-en-buenos-aires-siempre-lo-llevare-conmigo\/\" target=\"_self\" rel=\"\"><b>Gustavo Cerati.<\/b><\/a><\/span><\/p>\n<div class=\"AV67f93cf033780503b00636a7\">\n<div id=\"aniBox\">\n<div id=\"aniplayer_AV67f93cf033780503b00636a7-1748649018512\">\n<div id=\"aniplayer_AV67f93cf033780503b00636a7-1748649018512gui\">\n<div id=\"av-caption\">\n<div id=\"av-close-btn-overlay\" class=\"av-pos-top-left\">\n<p class=\"paragraph font__body-regular\"><span style=\"font-size: 14pt;\">Marina Olmi, hermana de Boy y \u00faltima propietaria de la casona, se la alquil\u00f3 dos a\u00f1os-entre el 2001 y 2003-al cantante durante el tiempo en que ella estuvo viviendo en Espa\u00f1a. En los \u00faltimos meses,\u00a0<b>la artista pl\u00e1stica vendi\u00f3 la propiedad y all\u00ed se levantar\u00e1 un edificio.<\/b><\/span><\/p>\n<p><img loading=\"lazy\" decoding=\"async\" class=\"wp-image-23533 alignleft\" src=\"https:\/\/radiobitacora.com.ar\/web\/wp-content\/uploads\/2025\/05\/casa-3.avif\" alt=\"\" width=\"427\" height=\"339\" srcset=\"https:\/\/radiobitacora.com.ar\/web\/wp-content\/uploads\/2025\/05\/casa-3.avif 1440w, https:\/\/radiobitacora.com.ar\/web\/wp-content\/uploads\/2025\/05\/casa-3-696x552.jpg 696w, https:\/\/radiobitacora.com.ar\/web\/wp-content\/uploads\/2025\/05\/casa-3-1068x847.jpg 1068w, https:\/\/radiobitacora.com.ar\/web\/wp-content\/uploads\/2025\/05\/casa-3-530x420.jpg 530w\" sizes=\"auto, (max-width: 427px) 100vw, 427px\" \/><\/p>\n<p class=\"paragraph font__body-regular\"><i><b>Le\u00e9 tambi\u00e9n:\u00a0<\/b><\/i><a title=\"https:\/\/tn.com.ar\/musica\/noticias\/2024\/09\/01\/los-15-de-fuerza-natural-de-gustavo-cerati-detalles-de-la-grabacion-sus-videos-y-la-historia-de-la-tapa\/\" href=\"https:\/\/tn.com.ar\/musica\/noticias\/2024\/09\/01\/los-15-de-fuerza-natural-de-gustavo-cerati-detalles-de-la-grabacion-sus-videos-y-la-historia-de-la-tapa\/\" target=\"_self\" rel=\"\"><i><b>Los 15 de \u201cFuerza natural\u201d de Gustavo Cerati: detalles de la grabaci\u00f3n, sus videos y la historia de la tapa<\/b><\/i><\/a><\/p>\n<p class=\"paragraph font__body-regular\">Cuando comenzaron las tareas de excavaci\u00f3n en el terreno, una vez ya demolida la casa, los obreros\u00a0<b>encontraron restos \u00f3seos que luego la polic\u00eda constat\u00f3 que eran humanos<\/b>, y otras pertenencias, tales como relojes.<\/p>\n<figure class=\"\" data-testid=\"figure-testid\"><figcaption class=\"caption_image\" data-testid=\"figcaption-testid\">\n<div class=\"image_caption \">Una de las casas donde vivi\u00f3 Cerati fue demolida para que se construya un edificio (Foto: Nicol\u00e1s Gonz\u00e1lez\/TN)<\/div>\n<\/figcaption><\/figure>\n<p class=\"paragraph font__body-regular\">\u201cEn un momento dado,\u00a0<b>se desprendi\u00f3 un trozo de tierra de la casa lindera y quedaron a la vista lo que aparentar\u00edan ser restos \u00f3seos humanos<\/b>\u201c, reza el parte policial al que pudo acceder\u00a0<b>TN<\/b>\u00a0en el marco de esta investigaci\u00f3n.<\/p>\n<p class=\"paragraph font__body-regular\">Intervino la Fiscal\u00eda Nacional en lo Criminal y Correccional Nro. 61 a cargo del Dr. Mart\u00edn L\u00f3pez Perrando y este medio se contact\u00f3 con el fiscal, quien dijo que este jueves 29 de mayo trabaj\u00f3 la polic\u00eda cient\u00edfica, cuyos agentes\u00a0<b>recogieron los huesos para las pericias preliminares<\/b>, que seg\u00fan los resultados que se obtengan, la investigaci\u00f3n podr\u00eda pasar a manos de la Justicia Federal.<\/p>\n<p><img loading=\"lazy\" decoding=\"async\" class=\"aligncenter size-full wp-image-23534\" src=\"https:\/\/radiobitacora.com.ar\/web\/wp-content\/uploads\/2025\/05\/casa-2.avif\" alt=\"\" width=\"1440\" height=\"964\" srcset=\"https:\/\/radiobitacora.com.ar\/web\/wp-content\/uploads\/2025\/05\/casa-2.avif 1440w, https:\/\/radiobitacora.com.ar\/web\/wp-content\/uploads\/2025\/05\/casa-2-696x466.jpg 696w, https:\/\/radiobitacora.com.ar\/web\/wp-content\/uploads\/2025\/05\/casa-2-1068x715.jpg 1068w, https:\/\/radiobitacora.com.ar\/web\/wp-content\/uploads\/2025\/05\/casa-2-627x420.jpg 627w\" sizes=\"auto, (max-width: 1440px) 100vw, 1440px\" \/><\/p>\n<\/div>\n<\/div>\n<\/div>\n<\/div>\n<\/div>\n<\/div>\n","protected":false},"excerpt":{"rendered":"<p>La casona ubicada en el barrio de Coghlan fue hogar del m\u00fasico durante dos a\u00f1os. En ese terreno, en el que hoy hay un edificio en construcci\u00f3n, tambi\u00e9n funcion\u00f3 un geri\u00e1trico. Al dar una vuelta por Avenida Congreso, una de las arterias principales del barrio de\u00a0Coghlan, se puede ver una obra en construcci\u00f3n al 3700 [&hellip;]<\/p>\n","protected":false},"author":2,"featured_media":23535,"comment_status":"closed","ping_status":"closed","sticky":false,"template":"","format":"standard","meta":{"footnotes":""},"categories":[75],"tags":[],"class_list":{"0":"post-23532","1":"post","2":"type-post","3":"status-publish","4":"format-standard","5":"has-post-thumbnail","7":"category-novedades"},"_links":{"self":[{"href":"https:\/\/radiobitacora.com.ar\/web\/wp-json\/wp\/v2\/posts\/23532","targetHints":{"allow":["GET"]}}],"collection":[{"href":"https:\/\/radiobitacora.com.ar\/web\/wp-json\/wp\/v2\/posts"}],"about":[{"href":"https:\/\/radiobitacora.com.ar\/web\/wp-json\/wp\/v2\/types\/post"}],"author":[{"embeddable":true,"href":"https:\/\/radiobitacora.com.ar\/web\/wp-json\/wp\/v2\/users\/2"}],"replies":[{"embeddable":true,"href":"https:\/\/radiobitacora.com.ar\/web\/wp-json\/wp\/v2\/comments?post=23532"}],"version-history":[{"count":0,"href":"https:\/\/radiobitacora.com.ar\/web\/wp-json\/wp\/v2\/posts\/23532\/revisions"}],"wp:featuredmedia":[{"embeddable":true,"href":"https:\/\/radiobitacora.com.ar\/web\/wp-json\/wp\/v2\/media\/23535"}],"wp:attachment":[{"href":"https:\/\/radiobitacora.com.ar\/web\/wp-json\/wp\/v2\/media?parent=23532"}],"wp:term":[{"taxonomy":"category","embeddable":true,"href":"https:\/\/radiobitacora.com.ar\/web\/wp-json\/wp\/v2\/categories?post=23532"},{"taxonomy":"post_tag","embeddable":true,"href":"https:\/\/radiobitacora.com.ar\/web\/wp-json\/wp\/v2\/tags?post=23532"}],"curies":[{"name":"wp","href":"https:\/\/api.w.org\/{rel}","templated":true}]}}