{"id":23542,"date":"2025-05-30T21:27:18","date_gmt":"2025-05-31T00:27:18","guid":{"rendered":"https:\/\/radiobitacora.com.ar\/web\/?p=23542"},"modified":"2025-05-30T21:27:18","modified_gmt":"2025-05-31T00:27:18","slug":"recomendaciones-para-el-frio-intenso","status":"publish","type":"post","link":"https:\/\/radiobitacora.com.ar\/web\/2025\/05\/30\/recomendaciones-para-el-frio-intenso\/","title":{"rendered":"RECOMENDACIONES PARA EL FR\u00cdO INTENSO"},"content":{"rendered":"<p>Comienzan a sentirse las bajas temperaturas debido a la ola polar que estamos atravesando, motivo por el cual es importante tomar algunas precauciones para cuidar nuestra salud y la de quienes nos rodean.<\/p>\n<p>&nbsp;<\/p>\n<p>Desde la Subsecretar\u00eda de APS Municipal se brindan 10 consejos pr\u00e1cticos para esta temporada:<\/p>\n<ol>\n<li>Lavado de manos y cuidados respiratorios. Aunque el contexto pand\u00e9mico ha cambiado, mantener h\u00e1bitos de higiene sigue siendo clave para prevenir enfermedades respiratorias como la gripe, influenza o el virus sincitial respiratorio.<\/li>\n<\/ol>\n<p>&nbsp;<\/p>\n<ol start=\"2\">\n<li>Us\u00e1 barbijo si ten\u00e9s s\u00edntomas. Si est\u00e1s con tos, estornudos o fiebre, proteg\u00e9 a los dem\u00e1s usando barbijo, especialmente en espacios cerrados.<\/li>\n<\/ol>\n<p>&nbsp;<\/p>\n<ol start=\"3\">\n<li>Vestite en capas (como una cebolla). M\u00faltiples prendas ayudan a conservar el calor corporal y regular la temperatura si entr\u00e1s y sal\u00eds de lugares calefaccionados.<\/li>\n<\/ol>\n<p>&nbsp;<\/p>\n<ol start=\"4\">\n<li>Evit\u00e1 cambios bruscos de temperatura. Us\u00e1 la calefacci\u00f3n de forma moderada y ventil\u00e1 siempre los ambientes para evitar el aire viciado.<\/li>\n<\/ol>\n<p>&nbsp;<\/p>\n<ol start=\"5\">\n<li>Alim\u00e9ntate con frutas y verduras ricas en vitamina C. Naranja, lim\u00f3n, pimientos, kiwi y br\u00f3coli ayudan a fortalecer tus defensas.<\/li>\n<\/ol>\n<p>&nbsp;<\/p>\n<ol start=\"6\">\n<li>Hidr\u00e1tate bien. Aunque no tengamos sed en invierno, el cuerpo necesita agua para regular la temperatura y mantenerse saludable.<\/li>\n<\/ol>\n<p>&nbsp;<\/p>\n<ol start=\"7\">\n<li>Cuid\u00e1 tus extremidades. Us\u00e1 guantes, gorro, bufanda y medias de lana. Evit\u00e1 las medias dobles muy ajustadas para no dificultar la circulaci\u00f3n.<\/li>\n<\/ol>\n<p>&nbsp;<\/p>\n<ol start=\"8\">\n<li>Ventil\u00e1 los ambientes. Sobre todo, si usas estufas, hornos o chimeneas. Evit\u00e1 intoxicaciones por mon\u00f3xido de carbono, abr\u00ed las ventanas al menos 10 minutos por d\u00eda.<\/li>\n<\/ol>\n<p>&nbsp;<\/p>\n<ol start=\"9\">\n<li>No te auto mediques. Si present\u00e1s fiebre persistente o s\u00edntomas respiratorios intensos, consult\u00e1 a tu centro de salud m\u00e1s cercano.<\/li>\n<li>No te olvides de tus mascotas. Ellas tambi\u00e9n sienten el fr\u00edo y forman parte de nuestra familia. Prot\u00e9gelas del clima y aseg\u00farales abrigo y refugio.<\/li>\n<\/ol>\n<p>&nbsp;<\/p>\n<p>Cuidarnos es una responsabilidad compartida.<\/p>\n<p>&nbsp;<\/p>\n<p>Direcci\u00f3n de Prensa-Municipalidad de Goya<\/p>\n","protected":false},"excerpt":{"rendered":"<p>Comienzan a sentirse las bajas temperaturas debido a la ola polar que estamos atravesando, motivo por el cual es importante tomar algunas precauciones para cuidar nuestra salud y la de quienes nos rodean. &nbsp; Desde la Subsecretar\u00eda de APS Municipal se brindan 10 consejos pr\u00e1cticos para esta temporada: Lavado de manos y cuidados respiratorios. Aunque [&hellip;]<\/p>\n","protected":false},"author":2,"featured_media":23543,"comment_status":"closed","ping_status":"closed","sticky":false,"template":"","format":"standard","meta":{"footnotes":""},"categories":[69],"tags":[],"class_list":{"0":"post-23542","1":"post","2":"type-post","3":"status-publish","4":"format-standard","5":"has-post-thumbnail","7":"category-salud"},"_links":{"self":[{"href":"https:\/\/radiobitacora.com.ar\/web\/wp-json\/wp\/v2\/posts\/23542","targetHints":{"allow":["GET"]}}],"collection":[{"href":"https:\/\/radiobitacora.com.ar\/web\/wp-json\/wp\/v2\/posts"}],"about":[{"href":"https:\/\/radiobitacora.com.ar\/web\/wp-json\/wp\/v2\/types\/post"}],"author":[{"embeddable":true,"href":"https:\/\/radiobitacora.com.ar\/web\/wp-json\/wp\/v2\/users\/2"}],"replies":[{"embeddable":true,"href":"https:\/\/radiobitacora.com.ar\/web\/wp-json\/wp\/v2\/comments?post=23542"}],"version-history":[{"count":0,"href":"https:\/\/radiobitacora.com.ar\/web\/wp-json\/wp\/v2\/posts\/23542\/revisions"}],"wp:featuredmedia":[{"embeddable":true,"href":"https:\/\/radiobitacora.com.ar\/web\/wp-json\/wp\/v2\/media\/23543"}],"wp:attachment":[{"href":"https:\/\/radiobitacora.com.ar\/web\/wp-json\/wp\/v2\/media?parent=23542"}],"wp:term":[{"taxonomy":"category","embeddable":true,"href":"https:\/\/radiobitacora.com.ar\/web\/wp-json\/wp\/v2\/categories?post=23542"},{"taxonomy":"post_tag","embeddable":true,"href":"https:\/\/radiobitacora.com.ar\/web\/wp-json\/wp\/v2\/tags?post=23542"}],"curies":[{"name":"wp","href":"https:\/\/api.w.org\/{rel}","templated":true}]}}