{"id":23596,"date":"2025-06-02T20:55:35","date_gmt":"2025-06-02T23:55:35","guid":{"rendered":"https:\/\/radiobitacora.com.ar\/web\/?p=23596"},"modified":"2025-06-02T20:55:35","modified_gmt":"2025-06-02T23:55:35","slug":"la-municipalidad-colaboro-con-la-fiesta-patronal-de-santa-rita-en-punta-maruchas","status":"publish","type":"post","link":"https:\/\/radiobitacora.com.ar\/web\/2025\/06\/02\/la-municipalidad-colaboro-con-la-fiesta-patronal-de-santa-rita-en-punta-maruchas\/","title":{"rendered":"LA MUNICIPALIDAD COLABOR\u00d3 CON LA FIESTA PATRONAL DE SANTA RITA EN PUNTA MARUCHAS"},"content":{"rendered":"<p style=\"font-weight: 400;\">El domingo 1\u00ba de junio se realiz\u00f3 la fiesta Patronal en honor a la \u201csanta de lo imposible\u201d, en la Segunda Secci\u00f3n del Departamento Goya, en el Paraje Punta Maruchas. Comunidades vecinas, a caballo con sus santos patronos, formaron parte de la procesi\u00f3n.<\/p>\n<p style=\"font-weight: 400;\">\n<p style=\"font-weight: 400;\">La Municipalidad de Goya hizo su aporte en la facilitaci\u00f3n del equipo de sonido para la celebraci\u00f3n de la misa y posterior festival musical, que cont\u00f3 con la actuaci\u00f3n de destacados conjuntos de la zona y la regi\u00f3n.<\/p>\n<p style=\"font-weight: 400;\">\n<p style=\"font-weight: 400;\">Del oficio religioso presidido por el p\u00e1rroco de San Antonio, padre Rub\u00e9n Cattay y concelebrada junto al diacono permanente Ra\u00fal Nicoletti, particip\u00f3 el coordinador de Asuntos Rurales Dami\u00e1n Pini y el delegado de Desarrollo Social en Goya, Juan de la Cruz M\u00e1rquez.<\/p>\n<p style=\"font-weight: 400;\">\n<p style=\"font-weight: 400;\">Direcci\u00f3n de Prensa-Municipalidad de Goya<\/p>\n","protected":false},"excerpt":{"rendered":"<p>El domingo 1\u00ba de junio se realiz\u00f3 la fiesta Patronal en honor a la \u201csanta de lo imposible\u201d, en la Segunda Secci\u00f3n del Departamento Goya, en el Paraje Punta Maruchas. Comunidades vecinas, a caballo con sus santos patronos, formaron parte de la procesi\u00f3n. La Municipalidad de Goya hizo su aporte en la facilitaci\u00f3n del equipo [&hellip;]<\/p>\n","protected":false},"author":2,"featured_media":23597,"comment_status":"closed","ping_status":"closed","sticky":false,"template":"","format":"standard","meta":{"footnotes":""},"categories":[56],"tags":[],"class_list":{"0":"post-23596","1":"post","2":"type-post","3":"status-publish","4":"format-standard","5":"has-post-thumbnail","7":"category-locales"},"_links":{"self":[{"href":"https:\/\/radiobitacora.com.ar\/web\/wp-json\/wp\/v2\/posts\/23596","targetHints":{"allow":["GET"]}}],"collection":[{"href":"https:\/\/radiobitacora.com.ar\/web\/wp-json\/wp\/v2\/posts"}],"about":[{"href":"https:\/\/radiobitacora.com.ar\/web\/wp-json\/wp\/v2\/types\/post"}],"author":[{"embeddable":true,"href":"https:\/\/radiobitacora.com.ar\/web\/wp-json\/wp\/v2\/users\/2"}],"replies":[{"embeddable":true,"href":"https:\/\/radiobitacora.com.ar\/web\/wp-json\/wp\/v2\/comments?post=23596"}],"version-history":[{"count":0,"href":"https:\/\/radiobitacora.com.ar\/web\/wp-json\/wp\/v2\/posts\/23596\/revisions"}],"wp:featuredmedia":[{"embeddable":true,"href":"https:\/\/radiobitacora.com.ar\/web\/wp-json\/wp\/v2\/media\/23597"}],"wp:attachment":[{"href":"https:\/\/radiobitacora.com.ar\/web\/wp-json\/wp\/v2\/media?parent=23596"}],"wp:term":[{"taxonomy":"category","embeddable":true,"href":"https:\/\/radiobitacora.com.ar\/web\/wp-json\/wp\/v2\/categories?post=23596"},{"taxonomy":"post_tag","embeddable":true,"href":"https:\/\/radiobitacora.com.ar\/web\/wp-json\/wp\/v2\/tags?post=23596"}],"curies":[{"name":"wp","href":"https:\/\/api.w.org\/{rel}","templated":true}]}}