{"id":23633,"date":"2025-06-03T19:57:49","date_gmt":"2025-06-03T22:57:49","guid":{"rendered":"https:\/\/radiobitacora.com.ar\/web\/?p=23633"},"modified":"2025-06-03T19:57:49","modified_gmt":"2025-06-03T22:57:49","slug":"tiempo-feliz-se-viste-de-epoca-colonial","status":"publish","type":"post","link":"https:\/\/radiobitacora.com.ar\/web\/2025\/06\/03\/tiempo-feliz-se-viste-de-epoca-colonial\/","title":{"rendered":"\u201cTIEMPO FELIZ\u201d SE VISTE DE \u00c9POCA COLONIAL"},"content":{"rendered":"<p style=\"font-weight: 400;\">Los participantes del taller de j\u00f3venes y adultos \u201cTiempo Feliz\u201d, de la Coordinaci\u00f3n de Discapacidad, en adhesi\u00f3n a la gesta de mayo se vistieron de \u00e9poca colonial recreando las figuras de esa \u00e9poca.<\/p>\n<p style=\"font-weight: 400;\">La actividad estaba programada para la semana pasada, pero debido a las condiciones clim\u00e1ticas, fuertes precipitaciones, no se pudo desarrollar en esos d\u00edas y fue necesaria la reprogramaci\u00f3n de la actividad.<\/p>\n<p><img loading=\"lazy\" decoding=\"async\" class=\"wp-image-23634 alignleft\" src=\"https:\/\/radiobitacora.com.ar\/web\/wp-content\/uploads\/2025\/06\/Epoca-Colonial-en-la-Coordi-1.jpg\" alt=\"\" width=\"329\" height=\"439\" srcset=\"https:\/\/radiobitacora.com.ar\/web\/wp-content\/uploads\/2025\/06\/Epoca-Colonial-en-la-Coordi-1.jpg 3060w, https:\/\/radiobitacora.com.ar\/web\/wp-content\/uploads\/2025\/06\/Epoca-Colonial-en-la-Coordi-1-696x928.jpg 696w, https:\/\/radiobitacora.com.ar\/web\/wp-content\/uploads\/2025\/06\/Epoca-Colonial-en-la-Coordi-1-1068x1424.jpg 1068w, https:\/\/radiobitacora.com.ar\/web\/wp-content\/uploads\/2025\/06\/Epoca-Colonial-en-la-Coordi-1-315x420.jpg 315w\" sizes=\"auto, (max-width: 329px) 100vw, 329px\" \/><\/p>\n<p style=\"font-weight: 400;\">Con mucha alegr\u00eda y entusiasmo los j\u00f3venes y adultos que asisten al taller \u201cTiempo Feliz\u201d caracterizaron a las figuras de la \u00e9poca de la revoluci\u00f3n de mayo, participando todos sin excepci\u00f3n, incluyendo a terapeutas, profesores y la propia coordinadora Liza Kammerichs.<\/p>\n<p style=\"font-weight: 400;\">\n<p style=\"font-weight: 400;\">Direcci\u00f3n de Prensa-Municipalidad de Goya<\/p>\n","protected":false},"excerpt":{"rendered":"<p>Los participantes del taller de j\u00f3venes y adultos \u201cTiempo Feliz\u201d, de la Coordinaci\u00f3n de Discapacidad, en adhesi\u00f3n a la gesta de mayo se vistieron de \u00e9poca colonial recreando las figuras de esa \u00e9poca. La actividad estaba programada para la semana pasada, pero debido a las condiciones clim\u00e1ticas, fuertes precipitaciones, no se pudo desarrollar en esos [&hellip;]<\/p>\n","protected":false},"author":2,"featured_media":23635,"comment_status":"closed","ping_status":"closed","sticky":false,"template":"","format":"standard","meta":{"footnotes":""},"categories":[85],"tags":[],"class_list":{"0":"post-23633","1":"post","2":"type-post","3":"status-publish","4":"format-standard","5":"has-post-thumbnail","7":"category-sociales"},"_links":{"self":[{"href":"https:\/\/radiobitacora.com.ar\/web\/wp-json\/wp\/v2\/posts\/23633","targetHints":{"allow":["GET"]}}],"collection":[{"href":"https:\/\/radiobitacora.com.ar\/web\/wp-json\/wp\/v2\/posts"}],"about":[{"href":"https:\/\/radiobitacora.com.ar\/web\/wp-json\/wp\/v2\/types\/post"}],"author":[{"embeddable":true,"href":"https:\/\/radiobitacora.com.ar\/web\/wp-json\/wp\/v2\/users\/2"}],"replies":[{"embeddable":true,"href":"https:\/\/radiobitacora.com.ar\/web\/wp-json\/wp\/v2\/comments?post=23633"}],"version-history":[{"count":0,"href":"https:\/\/radiobitacora.com.ar\/web\/wp-json\/wp\/v2\/posts\/23633\/revisions"}],"wp:featuredmedia":[{"embeddable":true,"href":"https:\/\/radiobitacora.com.ar\/web\/wp-json\/wp\/v2\/media\/23635"}],"wp:attachment":[{"href":"https:\/\/radiobitacora.com.ar\/web\/wp-json\/wp\/v2\/media?parent=23633"}],"wp:term":[{"taxonomy":"category","embeddable":true,"href":"https:\/\/radiobitacora.com.ar\/web\/wp-json\/wp\/v2\/categories?post=23633"},{"taxonomy":"post_tag","embeddable":true,"href":"https:\/\/radiobitacora.com.ar\/web\/wp-json\/wp\/v2\/tags?post=23633"}],"curies":[{"name":"wp","href":"https:\/\/api.w.org\/{rel}","templated":true}]}}