{"id":23637,"date":"2025-06-03T20:07:19","date_gmt":"2025-06-03T23:07:19","guid":{"rendered":"https:\/\/radiobitacora.com.ar\/web\/?p=23637"},"modified":"2025-06-03T20:07:19","modified_gmt":"2025-06-03T23:07:19","slug":"5-de-junio-dia-mundial-del-medio-ambiente","status":"publish","type":"post","link":"https:\/\/radiobitacora.com.ar\/web\/2025\/06\/03\/5-de-junio-dia-mundial-del-medio-ambiente\/","title":{"rendered":"5 DE JUNIO \u201cD\u00cdA MUNDIAL DEL MEDIO AMBIENTE\u201d"},"content":{"rendered":"<p style=\"font-weight: 400;\">5 DE JUNIO \u201cD\u00cdA MUNDIAL DEL MEDIO AMBIENTE\u201d<\/p>\n<p style=\"font-weight: 400;\">LA MUNICIPALIDAD ADHIERE CON LA REALIZACI\u00d3N DE ACTIVIDADES EN EL PARQUE 5 DE JUNIO<\/p>\n<p style=\"font-weight: 400;\">El municipio, desde la Direcci\u00f3n de Recursos Naturales program\u00f3 una serie de actividades para este jueves, desde las 10 hasta las 16 horas, en el Parque 5 de Junio de nuestra ciudad.<\/p>\n<p style=\"font-weight: 400;\">Esta fecha fijada por las Naciones Unidas es para concientizar sobre la importancia del cuidado del medioambiente.\u00a0 Este a\u00f1o bajo el lema: \u201cSin contaminaci\u00f3n por pl\u00e1sticos\u201d. La Municipalidad se suma en este objetivo de una educaci\u00f3n ambiental, clave para el cuidado de nuestros recursos naturales.<\/p>\n<p style=\"font-weight: 400;\">Durante la jornada ambiental se realizar\u00e1n las siguientes propuestas:<\/p>\n<p style=\"font-weight: 400;\">Muestra y Talleres con material reciclable<\/p>\n<p style=\"font-weight: 400;\">Puesto de canje o trueque de material reciclable por semillas de huerta o plantas de jard\u00edn.<\/p>\n<p style=\"font-weight: 400;\">Econom\u00eda circular.<\/p>\n<p style=\"font-weight: 400;\">Limpieza comunitaria.<\/p>\n<p style=\"font-weight: 400;\">Separaci\u00f3n de residuos domiciliarios.<\/p>\n<p style=\"font-weight: 400;\">Plantaci\u00f3n y cuidado de \u00e1rboles en espacios p\u00fablicos.<\/p>\n<p style=\"font-weight: 400;\">Direcci\u00f3n de Prensa &#8211; Municipalidad de Goya<\/p>\n","protected":false},"excerpt":{"rendered":"<p>5 DE JUNIO \u201cD\u00cdA MUNDIAL DEL MEDIO AMBIENTE\u201d LA MUNICIPALIDAD ADHIERE CON LA REALIZACI\u00d3N DE ACTIVIDADES EN EL PARQUE 5 DE JUNIO El municipio, desde la Direcci\u00f3n de Recursos Naturales program\u00f3 una serie de actividades para este jueves, desde las 10 hasta las 16 horas, en el Parque 5 de Junio de nuestra ciudad. Esta [&hellip;]<\/p>\n","protected":false},"author":2,"featured_media":23639,"comment_status":"closed","ping_status":"closed","sticky":false,"template":"","format":"standard","meta":{"footnotes":""},"categories":[90],"tags":[],"class_list":{"0":"post-23637","1":"post","2":"type-post","3":"status-publish","4":"format-standard","5":"has-post-thumbnail","7":"category-ecologia"},"_links":{"self":[{"href":"https:\/\/radiobitacora.com.ar\/web\/wp-json\/wp\/v2\/posts\/23637","targetHints":{"allow":["GET"]}}],"collection":[{"href":"https:\/\/radiobitacora.com.ar\/web\/wp-json\/wp\/v2\/posts"}],"about":[{"href":"https:\/\/radiobitacora.com.ar\/web\/wp-json\/wp\/v2\/types\/post"}],"author":[{"embeddable":true,"href":"https:\/\/radiobitacora.com.ar\/web\/wp-json\/wp\/v2\/users\/2"}],"replies":[{"embeddable":true,"href":"https:\/\/radiobitacora.com.ar\/web\/wp-json\/wp\/v2\/comments?post=23637"}],"version-history":[{"count":0,"href":"https:\/\/radiobitacora.com.ar\/web\/wp-json\/wp\/v2\/posts\/23637\/revisions"}],"wp:featuredmedia":[{"embeddable":true,"href":"https:\/\/radiobitacora.com.ar\/web\/wp-json\/wp\/v2\/media\/23639"}],"wp:attachment":[{"href":"https:\/\/radiobitacora.com.ar\/web\/wp-json\/wp\/v2\/media?parent=23637"}],"wp:term":[{"taxonomy":"category","embeddable":true,"href":"https:\/\/radiobitacora.com.ar\/web\/wp-json\/wp\/v2\/categories?post=23637"},{"taxonomy":"post_tag","embeddable":true,"href":"https:\/\/radiobitacora.com.ar\/web\/wp-json\/wp\/v2\/tags?post=23637"}],"curies":[{"name":"wp","href":"https:\/\/api.w.org\/{rel}","templated":true}]}}