{"id":23641,"date":"2025-06-03T20:09:54","date_gmt":"2025-06-03T23:09:54","guid":{"rendered":"https:\/\/radiobitacora.com.ar\/web\/?p=23641"},"modified":"2025-06-03T20:12:12","modified_gmt":"2025-06-03T23:12:12","slug":"campana-de-concientizacion-del-uso-de-casco","status":"publish","type":"post","link":"https:\/\/radiobitacora.com.ar\/web\/2025\/06\/03\/campana-de-concientizacion-del-uso-de-casco\/","title":{"rendered":"CAMPA\u00d1A DE CONCIENTIZACI\u00d3N DEL USO DE CASCO"},"content":{"rendered":"<p style=\"font-weight: 400;\">La Direcci\u00f3n de Juventud contin\u00faa con la campa\u00f1a de concientizaci\u00f3n sobre el uso del casco informando la vigencia de la ordenanza que establece que para el expendio del combustible, el conductor debe tener ese elemento de seguridad colocado.<\/p>\n<p style=\"font-weight: 400;\"><img loading=\"lazy\" decoding=\"async\" class=\"wp-image-23642 alignleft\" src=\"https:\/\/radiobitacora.com.ar\/web\/wp-content\/uploads\/2025\/06\/Campana-uso-casco-Juventud-4.jpg\" alt=\"\" width=\"384\" height=\"512\" srcset=\"https:\/\/radiobitacora.com.ar\/web\/wp-content\/uploads\/2025\/06\/Campana-uso-casco-Juventud-4.jpg 1200w, https:\/\/radiobitacora.com.ar\/web\/wp-content\/uploads\/2025\/06\/Campana-uso-casco-Juventud-4-696x928.jpg 696w, https:\/\/radiobitacora.com.ar\/web\/wp-content\/uploads\/2025\/06\/Campana-uso-casco-Juventud-4-1068x1424.jpg 1068w, https:\/\/radiobitacora.com.ar\/web\/wp-content\/uploads\/2025\/06\/Campana-uso-casco-Juventud-4-315x420.jpg 315w\" sizes=\"auto, (max-width: 384px) 100vw, 384px\" \/><\/p>\n<p style=\"font-weight: 400;\">Este dispositivo de informaci\u00f3n y concientizaci\u00f3n se lleva a cabo en las diferentes estaciones de servicios de nuestra ciudad.<\/p>\n<p style=\"font-weight: 400;\">Se recuerda que la misma se extender\u00e1 por unos d\u00edas m\u00e1s para permitir llegar con esa informaci\u00f3n a los conductores de motos, colaborando con la Direcci\u00f3n de Tr\u00e1nsito en esta labor.<\/p>\n<p style=\"font-weight: 400;\">Se recuerda a los motociclistas que una vez finalizado el periodo de concientizaci\u00f3n, aquellos que concurran a cargar combustible en las estaciones de servicio, sin el uso del casco, ser\u00e1n pasibles de las sanciones fijadas en la correspondiente normativa.Direcci\u00f3n de Prensa-Municipalidad de Goya<\/p>\n","protected":false},"excerpt":{"rendered":"<p>La Direcci\u00f3n de Juventud contin\u00faa con la campa\u00f1a de concientizaci\u00f3n sobre el uso del casco informando la vigencia de la ordenanza que establece que para el expendio del combustible, el conductor debe tener ese elemento de seguridad colocado. Este dispositivo de informaci\u00f3n y concientizaci\u00f3n se lleva a cabo en las diferentes estaciones de servicios de [&hellip;]<\/p>\n","protected":false},"author":2,"featured_media":23643,"comment_status":"closed","ping_status":"closed","sticky":false,"template":"","format":"standard","meta":{"footnotes":""},"categories":[56],"tags":[],"class_list":{"0":"post-23641","1":"post","2":"type-post","3":"status-publish","4":"format-standard","5":"has-post-thumbnail","7":"category-locales"},"_links":{"self":[{"href":"https:\/\/radiobitacora.com.ar\/web\/wp-json\/wp\/v2\/posts\/23641","targetHints":{"allow":["GET"]}}],"collection":[{"href":"https:\/\/radiobitacora.com.ar\/web\/wp-json\/wp\/v2\/posts"}],"about":[{"href":"https:\/\/radiobitacora.com.ar\/web\/wp-json\/wp\/v2\/types\/post"}],"author":[{"embeddable":true,"href":"https:\/\/radiobitacora.com.ar\/web\/wp-json\/wp\/v2\/users\/2"}],"replies":[{"embeddable":true,"href":"https:\/\/radiobitacora.com.ar\/web\/wp-json\/wp\/v2\/comments?post=23641"}],"version-history":[{"count":0,"href":"https:\/\/radiobitacora.com.ar\/web\/wp-json\/wp\/v2\/posts\/23641\/revisions"}],"wp:featuredmedia":[{"embeddable":true,"href":"https:\/\/radiobitacora.com.ar\/web\/wp-json\/wp\/v2\/media\/23643"}],"wp:attachment":[{"href":"https:\/\/radiobitacora.com.ar\/web\/wp-json\/wp\/v2\/media?parent=23641"}],"wp:term":[{"taxonomy":"category","embeddable":true,"href":"https:\/\/radiobitacora.com.ar\/web\/wp-json\/wp\/v2\/categories?post=23641"},{"taxonomy":"post_tag","embeddable":true,"href":"https:\/\/radiobitacora.com.ar\/web\/wp-json\/wp\/v2\/tags?post=23641"}],"curies":[{"name":"wp","href":"https:\/\/api.w.org\/{rel}","templated":true}]}}