{"id":23668,"date":"2025-06-05T09:37:16","date_gmt":"2025-06-05T12:37:16","guid":{"rendered":"https:\/\/radiobitacora.com.ar\/web\/?p=23668"},"modified":"2025-06-05T09:37:16","modified_gmt":"2025-06-05T12:37:16","slug":"lucha-de-trata-y-explotacion-laboral-ejes-de-una-gestion-municipal","status":"publish","type":"post","link":"https:\/\/radiobitacora.com.ar\/web\/2025\/06\/05\/lucha-de-trata-y-explotacion-laboral-ejes-de-una-gestion-municipal\/","title":{"rendered":"LUCHA DE TRATA Y EXPLOTACI\u00d3N LABORAL, EJES DE UNA GESTI\u00d3N MUNICIPAL"},"content":{"rendered":"<p style=\"font-weight: 400;\">Gisella Dezorzzi, Directora DDHH:<\/p>\n<p style=\"font-weight: 400;\">LUCHA DE TRATA Y EXPLOTACI\u00d3N LABORAL, EJES DE UNA GESTI\u00d3N MUNICIPAL<\/p>\n<p style=\"font-weight: 400;\">\n<p style=\"font-weight: 400;\">En la Casa de la Cultura se desarroll\u00f3 la segunda reuni\u00f3n a nivel provincial del Comit\u00e9 de Lucha de Trata y Explotaci\u00f3n Laboral de Personas. Ante los micr\u00f3fonos de 88.3 Radio Ciudad, la directora de Derechos Humanos, doctora Gisela Dezorzzi, analiz\u00f3 el encuentro institucional para abordar esta tem\u00e1tica.<\/p>\n<p style=\"font-weight: 400;\">\n<p style=\"font-weight: 400;\">Al respecto dijo: \u201cAgradecer justamente la posibilidad de difundir esto que es nuestra tarea de ac\u00e1 en adelante, tambi\u00e9n la predisposici\u00f3n del municipio para realizar\u00a0 esta mesa de trabajo, que es muy importante: exponer en la mesa de tratamiento este tipo de cuestiones y dar la posibilidad a un trabajo articulado es sumamente interesante e importante hacerlo\u201d dijo.<\/p>\n<p style=\"font-weight: 400;\">\n<p style=\"font-weight: 400;\">\u201cEstamos agradecidos a quien dio el puntapi\u00e9, la que trajo y gestion\u00f3 fue Gabriela Refojos, desde el Concejo Deliberante, mi participaci\u00f3n desde el Ejecutivo Municipal para ser parte de esta red, tener la posibilidad en incrementar, difundir y dar a conocer estas actividades\u201d indic\u00f3.<\/p>\n<p style=\"font-weight: 400;\">\n<p style=\"font-weight: 400;\">PRESENTES<\/p>\n<p style=\"font-weight: 400;\">Polic\u00eda Federal, Polic\u00eda de Corrientes, Gendarmer\u00eda, Penitenciaria, Prefectura, Ejercito, ARCA y RENATRE fueron parte de la mesa de trabajo sobre la trata de personas y explotaci\u00f3n laboral. La funcionaria municipal ponder\u00f3 la participaci\u00f3n de todas estas instituciones, no solamente local sino regional \u201ctenemos que tener en cuenta la necesidad de esta red en el sentido que cuando hablamos de trata no solamente se circunscribe a la ciudad, es una red que est\u00e1 extendida en todas partes, esa es la raz\u00f3n de su existencia\u201d.<\/p>\n<p style=\"font-weight: 400;\">\n<p style=\"font-weight: 400;\">L\u00cdNEA 145<\/p>\n<p style=\"font-weight: 400;\">Hizo menci\u00f3n a la importancia de la l\u00ednea gratuita y an\u00f3nima 145, que cumple un papel muy importante \u201cporque la gente que est\u00e1 al frente son gente capacitadas para articular y direccionar la denuncia al lugar que corresponda para ser tratada de manera id\u00f3nea\u201d.<\/p>\n<p style=\"font-weight: 400;\">\n<p style=\"font-weight: 400;\">\u201cNo todos los d\u00edas nos encontramos con una situaci\u00f3n como esta, entonces el agente policial y judicial, la persona que toma la denuncia tiene que estar capacitada para brindar contenci\u00f3n principalmente\u201d reiter\u00f3.<\/p>\n<p style=\"font-weight: 400;\">\n<p style=\"font-weight: 400;\">COMIT\u00c9 DE LUCHA<\/p>\n<p style=\"font-weight: 400;\">Los representantes del comit\u00e9 de lucha, provincial, del NEA y nacional, agradecieron la presencia de funcionarios municipales, concejales, integrantes de las fuerzas armadas, de seguridad, de la entidad de los trabajadores rurales, para asumir el compromiso de alertar sobre estas situaciones aqu\u00ed en la regi\u00f3n.<\/p>\n<p style=\"font-weight: 400;\">\n<p style=\"font-weight: 400;\">\u201cEllos se encuentran a disposici\u00f3n para brindarnos a todos los que queramos capacitaciones o encuentros para seguir extendiendo la red y poder trabajar. Todo aporte es importante y toda difusi\u00f3n, obviamente, no vamos a obtener un resultado inmediato sino a largo plazo, por eso es digno de destacar que el municipio lo incorpore y d\u00e9 la posibilidad a este tipo de encuentros porque socialmente es interesante\u201d finaliz\u00f3.<\/p>\n<p style=\"font-weight: 400;\">\n<p style=\"font-weight: 400;\">Direcci\u00f3n de Prensa-Municipalidad de Goya<\/p>\n","protected":false},"excerpt":{"rendered":"<p>Gisella Dezorzzi, Directora DDHH: LUCHA DE TRATA Y EXPLOTACI\u00d3N LABORAL, EJES DE UNA GESTI\u00d3N MUNICIPAL En la Casa de la Cultura se desarroll\u00f3 la segunda reuni\u00f3n a nivel provincial del Comit\u00e9 de Lucha de Trata y Explotaci\u00f3n Laboral de Personas. Ante los micr\u00f3fonos de 88.3 Radio Ciudad, la directora de Derechos Humanos, doctora Gisela Dezorzzi, [&hellip;]<\/p>\n","protected":false},"author":2,"featured_media":23669,"comment_status":"closed","ping_status":"closed","sticky":false,"template":"","format":"standard","meta":{"footnotes":""},"categories":[69],"tags":[],"class_list":{"0":"post-23668","1":"post","2":"type-post","3":"status-publish","4":"format-standard","5":"has-post-thumbnail","7":"category-salud"},"_links":{"self":[{"href":"https:\/\/radiobitacora.com.ar\/web\/wp-json\/wp\/v2\/posts\/23668","targetHints":{"allow":["GET"]}}],"collection":[{"href":"https:\/\/radiobitacora.com.ar\/web\/wp-json\/wp\/v2\/posts"}],"about":[{"href":"https:\/\/radiobitacora.com.ar\/web\/wp-json\/wp\/v2\/types\/post"}],"author":[{"embeddable":true,"href":"https:\/\/radiobitacora.com.ar\/web\/wp-json\/wp\/v2\/users\/2"}],"replies":[{"embeddable":true,"href":"https:\/\/radiobitacora.com.ar\/web\/wp-json\/wp\/v2\/comments?post=23668"}],"version-history":[{"count":0,"href":"https:\/\/radiobitacora.com.ar\/web\/wp-json\/wp\/v2\/posts\/23668\/revisions"}],"wp:featuredmedia":[{"embeddable":true,"href":"https:\/\/radiobitacora.com.ar\/web\/wp-json\/wp\/v2\/media\/23669"}],"wp:attachment":[{"href":"https:\/\/radiobitacora.com.ar\/web\/wp-json\/wp\/v2\/media?parent=23668"}],"wp:term":[{"taxonomy":"category","embeddable":true,"href":"https:\/\/radiobitacora.com.ar\/web\/wp-json\/wp\/v2\/categories?post=23668"},{"taxonomy":"post_tag","embeddable":true,"href":"https:\/\/radiobitacora.com.ar\/web\/wp-json\/wp\/v2\/tags?post=23668"}],"curies":[{"name":"wp","href":"https:\/\/api.w.org\/{rel}","templated":true}]}}