{"id":23677,"date":"2025-06-05T09:45:56","date_gmt":"2025-06-05T12:45:56","guid":{"rendered":"https:\/\/radiobitacora.com.ar\/web\/?p=23677"},"modified":"2025-06-05T09:45:56","modified_gmt":"2025-06-05T12:45:56","slug":"nuevo-instrumental-para-cirugia-laparoscopica-adquirio-el-hospital-regional-goya","status":"publish","type":"post","link":"https:\/\/radiobitacora.com.ar\/web\/2025\/06\/05\/nuevo-instrumental-para-cirugia-laparoscopica-adquirio-el-hospital-regional-goya\/","title":{"rendered":"NUEVO INSTRUMENTAL PARA CIRUG\u00cdA LAPAROSC\u00d3PICA  ADQUIRI\u00d3 EL HOSPITAL REGIONAL GOYA"},"content":{"rendered":"<p style=\"font-weight: 400;\">El Hospital Regional Goya \u201cDr. Camilo Muniagurria\u201d, con el prop\u00f3sito de continuar fortaleciendo la Salud P\u00fablica, sum\u00f3 esta semana un nuevo instrumental para cirug\u00eda laparosc\u00f3pica, lo cual permitir\u00e1 ampliar el n\u00famero de cirug\u00edas programada y de urgencia.<\/p>\n<p style=\"font-weight: 400;\">\n<p style=\"font-weight: 400;\">Con esta t\u00e9cnica quir\u00fargica la recuperaci\u00f3n del paciente es m\u00e1s r\u00e1pida, conlleva menor tiempo de internaci\u00f3n, una recuperaci\u00f3n m\u00e1s r\u00e1pida, otorgando mayor calidad a los pacientes que reciben tratamiento quir\u00fargico.<\/p>\n<p style=\"font-weight: 400;\">\n<p style=\"font-weight: 400;\">As\u00ed lo asever\u00f3 el director del Hospital de Goya, doctor Ra\u00fal Mart\u00ednez. Este es el resultado de una inversi\u00f3n a solicitud del nosocomio local con respecto a una segunda torre de laparoscop\u00eda, pero adem\u00e1s \u201cnecesit\u00e1bamos una caja de instrumental que ronda los 25 a 30 millones de pesos. Eso nos va a permitir que puedan estar las dos torres de laparoscopia trabajando en paralelo, con dos equipos quir\u00fargicos, con dos cajas de instrumentales y achicar los tiempos con la lista de espera de cirug\u00edas programadas\u201d expuso.<\/p>\n<p style=\"font-weight: 400;\">\n<p style=\"font-weight: 400;\">NUEVOS RESIDENTES<\/p>\n<p style=\"font-weight: 400;\">A\u00f1o a a\u00f1o nuevos residentes se incorporan al sistema p\u00fablico provincial. La formaci\u00f3n de recursos humanos es parte de la estrategia del Hospital Regional de Goya<\/p>\n<p style=\"font-weight: 400;\">\u201cPara nosotros siempre es un punto de inicio importante. Este lunes comenz\u00f3 por primera vez en la historia del Hospital Regional Goya la residencia de Cirug\u00eda. \u201cTenemos dos m\u00e9dicos residentes en cirug\u00eda. Eso nos va a agilizar todo el trabajo que venimos haciendo con respecto a esta cuesti\u00f3n\u201d indic\u00f3.<\/p>\n<p style=\"font-weight: 400;\">Tambi\u00e9n recibieron m\u00e9dicos residentes de la especialidad: Medicina General.<\/p>\n<p style=\"font-weight: 400;\">De esta manera, nuestro hospital se transforma de a poco en un \u201chospital escuela\u201d con nuevos residentes en Pediatr\u00eda, Medicina General, Enfermer\u00eda, alumnos de la Universidad Barcel\u00f3, alumnos de los distintos institutos de formaci\u00f3n de Enfermer\u00eda de Santa Luc\u00eda y Goya.<\/p>\n<p style=\"font-weight: 400;\">\n<p style=\"font-weight: 400;\">\u201cEstos profesionales que estamos formando van a retroalimentar nuestro sistema de salud\u201d.<\/p>\n<p style=\"font-weight: 400;\">\n<p style=\"font-weight: 400;\">El sistema de residencias se encuentra en el marco de la pol\u00edtica de formaci\u00f3n y actualizaci\u00f3n profesional en el campo de la salud que viene sosteniendo el gobierno provincial.<\/p>\n<p style=\"font-weight: 400;\">\u201cLa formaci\u00f3n del recurso humano es lo m\u00e1s arduo y costoso, pero lo que m\u00e1s valor agregado tiene, porque nos lleva mucho tiempo capacitar gente que est\u00e9 al servicio de la poblaci\u00f3n\u201d sum\u00f3.<\/p>\n<p style=\"font-weight: 400;\">\n<p style=\"font-weight: 400;\">\u00a0DECISIONES POL\u00cdTICAS<\/p>\n<p style=\"font-weight: 400;\">Desde el gobierno provincial se est\u00e1 trabajando en mejorar el sistema de salud.<\/p>\n<p style=\"font-weight: 400;\">\n<p style=\"font-weight: 400;\">\u201cEsto se debe a voluntades, decisiones y gestiones pol\u00edticas bien llevadas, yo estoy muy orgulloso de lo que venimos logrando entre todos nosotros, gracias al Ministro de Salud (Ricardo Cardozo) al Gobernador (Vald\u00e9s) que han tenido la decisi\u00f3n de acompa\u00f1ar todas estas decisiones que son claves para la salud p\u00fablica\u201d cerr\u00f3.<\/p>\n<p style=\"font-weight: 400;\">\n<p style=\"font-weight: 400;\">Direcci\u00f3n de Prensa-Municipalidad de Goya<\/p>\n","protected":false},"excerpt":{"rendered":"<p>El Hospital Regional Goya \u201cDr. Camilo Muniagurria\u201d, con el prop\u00f3sito de continuar fortaleciendo la Salud P\u00fablica, sum\u00f3 esta semana un nuevo instrumental para cirug\u00eda laparosc\u00f3pica, lo cual permitir\u00e1 ampliar el n\u00famero de cirug\u00edas programada y de urgencia. Con esta t\u00e9cnica quir\u00fargica la recuperaci\u00f3n del paciente es m\u00e1s r\u00e1pida, conlleva menor tiempo de internaci\u00f3n, una recuperaci\u00f3n [&hellip;]<\/p>\n","protected":false},"author":2,"featured_media":23678,"comment_status":"closed","ping_status":"closed","sticky":false,"template":"","format":"standard","meta":{"footnotes":""},"categories":[69],"tags":[],"class_list":{"0":"post-23677","1":"post","2":"type-post","3":"status-publish","4":"format-standard","5":"has-post-thumbnail","7":"category-salud"},"_links":{"self":[{"href":"https:\/\/radiobitacora.com.ar\/web\/wp-json\/wp\/v2\/posts\/23677","targetHints":{"allow":["GET"]}}],"collection":[{"href":"https:\/\/radiobitacora.com.ar\/web\/wp-json\/wp\/v2\/posts"}],"about":[{"href":"https:\/\/radiobitacora.com.ar\/web\/wp-json\/wp\/v2\/types\/post"}],"author":[{"embeddable":true,"href":"https:\/\/radiobitacora.com.ar\/web\/wp-json\/wp\/v2\/users\/2"}],"replies":[{"embeddable":true,"href":"https:\/\/radiobitacora.com.ar\/web\/wp-json\/wp\/v2\/comments?post=23677"}],"version-history":[{"count":0,"href":"https:\/\/radiobitacora.com.ar\/web\/wp-json\/wp\/v2\/posts\/23677\/revisions"}],"wp:featuredmedia":[{"embeddable":true,"href":"https:\/\/radiobitacora.com.ar\/web\/wp-json\/wp\/v2\/media\/23678"}],"wp:attachment":[{"href":"https:\/\/radiobitacora.com.ar\/web\/wp-json\/wp\/v2\/media?parent=23677"}],"wp:term":[{"taxonomy":"category","embeddable":true,"href":"https:\/\/radiobitacora.com.ar\/web\/wp-json\/wp\/v2\/categories?post=23677"},{"taxonomy":"post_tag","embeddable":true,"href":"https:\/\/radiobitacora.com.ar\/web\/wp-json\/wp\/v2\/tags?post=23677"}],"curies":[{"name":"wp","href":"https:\/\/api.w.org\/{rel}","templated":true}]}}