{"id":23683,"date":"2025-06-05T10:00:15","date_gmt":"2025-06-05T13:00:15","guid":{"rendered":"https:\/\/radiobitacora.com.ar\/web\/?p=23683"},"modified":"2025-06-05T10:00:15","modified_gmt":"2025-06-05T13:00:15","slug":"oportunidad-para-la-formacion-laboral-y-respuesta-a-las-demandas-empresariales","status":"publish","type":"post","link":"https:\/\/radiobitacora.com.ar\/web\/2025\/06\/05\/oportunidad-para-la-formacion-laboral-y-respuesta-a-las-demandas-empresariales\/","title":{"rendered":"OPORTUNIDAD PARA LA FORMACI\u00d3N LABORAL Y RESPUESTA A LAS DEMANDAS EMPRESARIALES"},"content":{"rendered":"<p style=\"font-weight: 400;\">Durante la ma\u00f1ana del mi\u00e9rcoles en el Sal\u00f3n de Acuerdos de la Municipalidad, por medio de una conferencia de prensa, se hizo la presentaci\u00f3n de las diferentes ofertas en la formaci\u00f3n y capacitaci\u00f3n proyectada para esta parte del a\u00f1o.<\/p>\n<p style=\"font-weight: 400;\">\n<p style=\"font-weight: 400;\">En el encuentro con los periodistas se anunci\u00f3 la continuidad de las formaciones vinculadas al convenio firmado con el Ej\u00e9rcito, y una novedad para este ciclo de capacitaciones: el programa de \u201cEmprendedores por Emprendedores\u201d. El dictado de estos cursos ser\u00e1 dado por los propios emprendedores, para aquellos que ya tienen un emprendimiento o est\u00e1n en el proceso de iniciar uno.<\/p>\n<p style=\"font-weight: 400;\">\n<p style=\"font-weight: 400;\">En la presentaci\u00f3n se dej\u00f3 claro que estas \u201cson oportunidades para la formaci\u00f3n laboral, y algunos cursos espec\u00edficos demandados por las empresas e industrias de nuestra ciudad\u201d.<\/p>\n<p style=\"font-weight: 400;\">\n<p style=\"font-weight: 400;\">La conferencia de prensa cont\u00f3 con la participaci\u00f3n de la secretaria de Industria y Comercio Mar\u00eda Paz Lampugnani, la directora de Empleo y Capacitaci\u00f3n M\u00f3nica Celes y el segundo jefe del Batall\u00f3n de Ingeniero de Monte 12 Mayor Santiago \u00c1vila.<\/p>\n<p style=\"font-weight: 400;\">\n<p style=\"font-weight: 400;\">MAR\u00cdA PAZ LAMPUGNANI<\/p>\n<p style=\"font-weight: 400;\">La secretaria de Industria y Comercio Mar\u00eda Paz Lampugnani fue la encargada de detallar las caracter\u00edsticas de estos espacios de formaci\u00f3n: \u201cPresentamos estas capacitaciones que venimos desarrollando con la Direcci\u00f3n de Empleo, el Ej\u00e9rcito y el sector privado\u201d, aclar\u00f3 inicialmente.<\/p>\n<p style=\"font-weight: 400;\">\n<p style=\"font-weight: 400;\">\u201cLas capacitaciones son herramientas fundamentales para la formaci\u00f3n laboral, para el ingreso a la industria y generar sus propios emprendimientos; para eso analizamos, escuchamos las necesidades de los sectores privados\u201d, asegur\u00f3.<\/p>\n<p style=\"font-weight: 400;\">\n<p style=\"font-weight: 400;\">\u201cEn el marco del convenio con el ej\u00e9rcito estaremos ofreciendo la de Auxiliares Conductores Motoristas y M\u00e1quinas Viales. En esta oportunidad daremos de manera te\u00f3rica-pr\u00e1ctica; se dividir\u00e1n la parte mec\u00e1nica, una parte general dada por la Direcci\u00f3n de Tr\u00e1nsito en la cuesti\u00f3n de conducci\u00f3n, manejo, normativas de tr\u00e1nsito, y la Subsecretar\u00eda de APS, a cargo del Dr. Emilio Mart\u00ednez, lo referido a primeros auxilios, RCP\u201d.<\/p>\n<p style=\"font-weight: 400;\">\n<p style=\"font-weight: 400;\">\u201cEste ciclo tiene una novedad: el programa \u201cEmprendedor por emprendedores\u201d, los mismos emprendedores que quieren ense\u00f1ar su oficio, en este caso Carlos G\u00f3mez dar\u00e1 a conocer la t\u00e9cnica en el moldeado de cemento y cer\u00e1mica, abriendo desde hoy la inscripci\u00f3n para aquellos emprendedores que quieran dar a conocer su trabajo en su rubro espec\u00edfico\u201d.<\/p>\n<p style=\"font-weight: 400;\">\n<p style=\"font-weight: 400;\">La funcionaria de Industria prosigui\u00f3: \u201cOtra de las capacitaciones que est\u00e1n en curso es Soldadura Avanzada, en una alianza estrat\u00e9gica con el se\u00f1or Soto. Esto fue un requerimiento del Parque Industrial; est\u00e1 pr\u00f3ximo a finalizar, en este curso est\u00e1 participando personal de empresas de la ciudad\u201d.<\/p>\n<p style=\"font-weight: 400;\"><img loading=\"lazy\" decoding=\"async\" class=\"wp-image-23684 alignleft\" src=\"https:\/\/radiobitacora.com.ar\/web\/wp-content\/uploads\/2025\/06\/presentacion-de-Capacitaciones-Conferencia-de-Prensa-5-emprendedor-Carlos-Gomez-1.jpg\" alt=\"\" width=\"378\" height=\"252\" srcset=\"https:\/\/radiobitacora.com.ar\/web\/wp-content\/uploads\/2025\/06\/presentacion-de-Capacitaciones-Conferencia-de-Prensa-5-emprendedor-Carlos-Gomez-1.jpg 1600w, https:\/\/radiobitacora.com.ar\/web\/wp-content\/uploads\/2025\/06\/presentacion-de-Capacitaciones-Conferencia-de-Prensa-5-emprendedor-Carlos-Gomez-1-696x464.jpg 696w, https:\/\/radiobitacora.com.ar\/web\/wp-content\/uploads\/2025\/06\/presentacion-de-Capacitaciones-Conferencia-de-Prensa-5-emprendedor-Carlos-Gomez-1-1068x712.jpg 1068w, https:\/\/radiobitacora.com.ar\/web\/wp-content\/uploads\/2025\/06\/presentacion-de-Capacitaciones-Conferencia-de-Prensa-5-emprendedor-Carlos-Gomez-1-630x420.jpg 630w\" sizes=\"auto, (max-width: 378px) 100vw, 378px\" \/><\/p>\n<p style=\"font-weight: 400;\">\u201cLa otra formaci\u00f3n es la destinada a los comerciantes, como introducir el Comer; con Jesica Ortigoza, quien explicar\u00e1 c\u00f3mo usar las plataformas que beneficien a sus respectivos comercios\u201d.<\/p>\n<p style=\"font-weight: 400;\">\n<p style=\"font-weight: 400;\">\u201cEs un orgullo continuar con este convenio firmado con el ej\u00e9rcito, que nos facilita sus instalaciones, infraestructura y unidades para el aprendizaje. Para nosotros es importante poder articular formaciones con el sector privado, con excelentes resultados, una vez concluida la formaci\u00f3n, muchos se han generado su propio emprendimiento\u201d.<\/p>\n<p style=\"font-weight: 400;\">\n<p style=\"font-weight: 400;\">Finalmente, Mar\u00eda Paz Lampugnani inform\u00f3 sobre los requisitos: \u201cLos requerimientos para la formaci\u00f3n que damos junto al ej\u00e9rcito es ser mayor de 18 a\u00f1os, tener licencia de conducir, fijando un costo de 5.000 pesos para el cursado\u201d.<\/p>\n<p style=\"font-weight: 400;\">\n<p style=\"font-weight: 400;\">\u201cHemos observado con las anteriores la respuesta efectiva a partir de esta modalidad, finalizando estos cursos con resultados \u00f3ptimos, con un cupo de 20 personas en cada curso\u201d.<\/p>\n<p style=\"font-weight: 400;\"><img loading=\"lazy\" decoding=\"async\" class=\"wp-image-23685 alignleft\" src=\"https:\/\/radiobitacora.com.ar\/web\/wp-content\/uploads\/2025\/06\/presentacion-de-Capacitaciones-Conferencia-de-Prensa-2.jpg\" alt=\"\" width=\"456\" height=\"292\" srcset=\"https:\/\/radiobitacora.com.ar\/web\/wp-content\/uploads\/2025\/06\/presentacion-de-Capacitaciones-Conferencia-de-Prensa-2.jpg 1593w, https:\/\/radiobitacora.com.ar\/web\/wp-content\/uploads\/2025\/06\/presentacion-de-Capacitaciones-Conferencia-de-Prensa-2-696x446.jpg 696w, https:\/\/radiobitacora.com.ar\/web\/wp-content\/uploads\/2025\/06\/presentacion-de-Capacitaciones-Conferencia-de-Prensa-2-1068x684.jpg 1068w, https:\/\/radiobitacora.com.ar\/web\/wp-content\/uploads\/2025\/06\/presentacion-de-Capacitaciones-Conferencia-de-Prensa-2-656x420.jpg 656w\" sizes=\"auto, (max-width: 456px) 100vw, 456px\" \/><\/p>\n<p style=\"font-weight: 400;\">M\u00d3NICA CELES<\/p>\n<p style=\"font-weight: 400;\">La directora de Empleo y Capacitaci\u00f3n M\u00f3nica Celes, por su parte explic\u00f3 los cursos en vigencia, la modalidad, las nuevas formaciones destinadas a todos los interesados, recordando que para la inscripci\u00f3n o recabar informaci\u00f3n podr\u00e1n dirigirse a la Oficina de Empleo en Avenida Neustadt 110.<\/p>\n<p style=\"font-weight: 400;\">\n<p style=\"font-weight: 400;\">\u201cEstamos junto al equipo de la Direcci\u00f3n y el coordinador de Asuntos Rurales Dami\u00e1n Pini, venimos trabajando en varios aspectos, uno de ellos es la Bolsa de Trabajo Digital, para armar los perfiles de acuerdo a las necesidades y demandas del sector privado. Estamos haciendo un trabajo con varios organismos provinciales y nacionales para facilitar el ingreso al mundo laboral\u201d, coment\u00f3.<\/p>\n<p style=\"font-weight: 400;\">\n<p style=\"font-weight: 400;\">A\u00f1adi\u00f3 la directora de Empleo: \u201cEn la zona rural venimos acompa\u00f1ando a los estudiantes de las EFA junto a la Coordinaci\u00f3n del \u00c1rea Rural, en la elaboraci\u00f3n de curr\u00edculum, preparaci\u00f3n para la entrevista laboral. Junto a la Direcci\u00f3n de Fortalecimiento Familiar estamos capacitando con el programa \u201cMayor Conectividad\u201d, adem\u00e1s de aquellos cursos que regularmente venimos ofreciendo desde nuestra Direcci\u00f3n. Estamos preparando un nuevo curso en la reparaci\u00f3n de tel\u00e9fonos celulares con el objetivo de generar una salida laboral. Ante cualquier inquietud se pueden dirigir a nuestras oficinas\u201d, invit\u00f3 Celes.<\/p>\n<p style=\"font-weight: 400;\">\n<p style=\"font-weight: 400;\">MAYOR SANTIAGO \u00c1VILA<\/p>\n<p style=\"font-weight: 400;\">El segundo jefe del Batall\u00f3n de Ingeniero de Monte 12, Mayor Santiago \u00c1vila, reconoci\u00f3 la importancia de la ratificaci\u00f3n del convenio firmado con la Municipalidad, para sostener: \u201cEs una alegr\u00eda continuar con estas capacitaciones, la vigencia del convenio, de poder presentar los cursos de este a\u00f1o; nos pone contento la demanda existente. Estos dos cursos son espec\u00edficos nuestros: auxiliar como conductores motoristas y de m\u00e1quinas viales. Adem\u00e1s de la formaci\u00f3n espec\u00edfica, esto contribuye para mostrar a la sociedad nuestro accionar y compromiso con la ciudad\u201d.<\/p>\n<p style=\"font-weight: 400;\">\n<p style=\"font-weight: 400;\">CARLOS G\u00d3MEZ<\/p>\n<p style=\"font-weight: 400;\">El emprendedor Carlos G\u00f3mez, en relaci\u00f3n al programa a implementarse en formaci\u00f3n, destac\u00f3: \u201cGracias a la secretaria Mar\u00eda Paz Lampugnani, a la directora de Empleo M\u00f3nica Celes, intentar\u00e9 mostrar, ense\u00f1ar la t\u00e9cnica de mi trabajo en cemento, macetas, bancos, mesas para jard\u00edn. Tratar\u00e9 de ense\u00f1ar a los que quieran aprender esta t\u00e9cnica\u201d, cerr\u00f3.<\/p>\n<p style=\"font-weight: 400;\">\n<p style=\"font-weight: 400;\">Finalizada la presentaci\u00f3n los periodistas requirieron m\u00e1s informaci\u00f3n referida a los lugares y d\u00edas de los cursos, se\u00f1alando los funcionarios municipales y del ej\u00e9rcito que todas las clases est\u00e1n dise\u00f1adas para ser cursadas dos veces por semana. El de emprendedores tiene una duraci\u00f3n de 1 mes.<\/p>\n<p style=\"font-weight: 400;\">\n<p style=\"font-weight: 400;\">Este es el tiempo de inscripci\u00f3n, pues los cursos comenzar\u00e1n en la segunda quincena del mes de junio, todos con un plazo de 2 a 3 meses de cursado.<\/p>\n<p style=\"font-weight: 400;\">\n<p style=\"font-weight: 400;\">Direcci\u00f3n de Prensa-Municipalidad de Goya<\/p>\n","protected":false},"excerpt":{"rendered":"<p>Durante la ma\u00f1ana del mi\u00e9rcoles en el Sal\u00f3n de Acuerdos de la Municipalidad, por medio de una conferencia de prensa, se hizo la presentaci\u00f3n de las diferentes ofertas en la formaci\u00f3n y capacitaci\u00f3n proyectada para esta parte del a\u00f1o. En el encuentro con los periodistas se anunci\u00f3 la continuidad de las formaciones vinculadas al convenio [&hellip;]<\/p>\n","protected":false},"author":2,"featured_media":23686,"comment_status":"closed","ping_status":"closed","sticky":false,"template":"","format":"standard","meta":{"footnotes":""},"categories":[1],"tags":[],"class_list":{"0":"post-23683","1":"post","2":"type-post","3":"status-publish","4":"format-standard","5":"has-post-thumbnail","7":"category-sin-categoria"},"_links":{"self":[{"href":"https:\/\/radiobitacora.com.ar\/web\/wp-json\/wp\/v2\/posts\/23683","targetHints":{"allow":["GET"]}}],"collection":[{"href":"https:\/\/radiobitacora.com.ar\/web\/wp-json\/wp\/v2\/posts"}],"about":[{"href":"https:\/\/radiobitacora.com.ar\/web\/wp-json\/wp\/v2\/types\/post"}],"author":[{"embeddable":true,"href":"https:\/\/radiobitacora.com.ar\/web\/wp-json\/wp\/v2\/users\/2"}],"replies":[{"embeddable":true,"href":"https:\/\/radiobitacora.com.ar\/web\/wp-json\/wp\/v2\/comments?post=23683"}],"version-history":[{"count":0,"href":"https:\/\/radiobitacora.com.ar\/web\/wp-json\/wp\/v2\/posts\/23683\/revisions"}],"wp:featuredmedia":[{"embeddable":true,"href":"https:\/\/radiobitacora.com.ar\/web\/wp-json\/wp\/v2\/media\/23686"}],"wp:attachment":[{"href":"https:\/\/radiobitacora.com.ar\/web\/wp-json\/wp\/v2\/media?parent=23683"}],"wp:term":[{"taxonomy":"category","embeddable":true,"href":"https:\/\/radiobitacora.com.ar\/web\/wp-json\/wp\/v2\/categories?post=23683"},{"taxonomy":"post_tag","embeddable":true,"href":"https:\/\/radiobitacora.com.ar\/web\/wp-json\/wp\/v2\/tags?post=23683"}],"curies":[{"name":"wp","href":"https:\/\/api.w.org\/{rel}","templated":true}]}}