{"id":23688,"date":"2025-06-05T10:03:52","date_gmt":"2025-06-05T13:03:52","guid":{"rendered":"https:\/\/radiobitacora.com.ar\/web\/?p=23688"},"modified":"2025-06-05T10:03:52","modified_gmt":"2025-06-05T13:03:52","slug":"vacunacion-antirrabica","status":"publish","type":"post","link":"https:\/\/radiobitacora.com.ar\/web\/2025\/06\/05\/vacunacion-antirrabica\/","title":{"rendered":"VACUNACI\u00d3N ANTIRR\u00c1BICA"},"content":{"rendered":"<p style=\"font-weight: 400;\">El jueves la Municipalidad de Goya a trav\u00e9s de la Direcci\u00f3n de Bromatolog\u00eda e Higiene aplicar\u00e1 en dos espacios de nuestra ciudad la vacuna antirr\u00e1bica a perros y gatos, de 9 a 12 horas.<\/p>\n<p style=\"font-weight: 400;\">Los lugares destinados para la vacunaci\u00f3n son los siguientes:<\/p>\n<p style=\"font-weight: 400;\">1: Plazoleta Barrio Santa Ana. (Frente al taller de Stalla)<\/p>\n<p style=\"font-weight: 400;\">2: Avenidas Alem y Mazzanti; Plaza del Soldado de Malvinas.<\/p>\n<p style=\"font-weight: 400;\">Desde la Direcci\u00f3n de Bromatolog\u00eda recomiendan: asistir con la mascota con correa, bozal y elementos de sujeci\u00f3n.<\/p>\n<p style=\"font-weight: 400;\">Vale se\u00f1alar que el operativo est\u00e1 sujeto a las condiciones clim\u00e1ticas.<\/p>\n<p style=\"font-weight: 400;\">\n<p style=\"font-weight: 400;\">Direcci\u00f3n de Prensa-Municipalidad de Goya<\/p>\n","protected":false},"excerpt":{"rendered":"<p>El jueves la Municipalidad de Goya a trav\u00e9s de la Direcci\u00f3n de Bromatolog\u00eda e Higiene aplicar\u00e1 en dos espacios de nuestra ciudad la vacuna antirr\u00e1bica a perros y gatos, de 9 a 12 horas. Los lugares destinados para la vacunaci\u00f3n son los siguientes: 1: Plazoleta Barrio Santa Ana. (Frente al taller de Stalla) 2: Avenidas [&hellip;]<\/p>\n","protected":false},"author":2,"featured_media":23689,"comment_status":"closed","ping_status":"closed","sticky":false,"template":"","format":"standard","meta":{"footnotes":""},"categories":[56],"tags":[],"class_list":{"0":"post-23688","1":"post","2":"type-post","3":"status-publish","4":"format-standard","5":"has-post-thumbnail","7":"category-locales"},"_links":{"self":[{"href":"https:\/\/radiobitacora.com.ar\/web\/wp-json\/wp\/v2\/posts\/23688","targetHints":{"allow":["GET"]}}],"collection":[{"href":"https:\/\/radiobitacora.com.ar\/web\/wp-json\/wp\/v2\/posts"}],"about":[{"href":"https:\/\/radiobitacora.com.ar\/web\/wp-json\/wp\/v2\/types\/post"}],"author":[{"embeddable":true,"href":"https:\/\/radiobitacora.com.ar\/web\/wp-json\/wp\/v2\/users\/2"}],"replies":[{"embeddable":true,"href":"https:\/\/radiobitacora.com.ar\/web\/wp-json\/wp\/v2\/comments?post=23688"}],"version-history":[{"count":0,"href":"https:\/\/radiobitacora.com.ar\/web\/wp-json\/wp\/v2\/posts\/23688\/revisions"}],"wp:featuredmedia":[{"embeddable":true,"href":"https:\/\/radiobitacora.com.ar\/web\/wp-json\/wp\/v2\/media\/23689"}],"wp:attachment":[{"href":"https:\/\/radiobitacora.com.ar\/web\/wp-json\/wp\/v2\/media?parent=23688"}],"wp:term":[{"taxonomy":"category","embeddable":true,"href":"https:\/\/radiobitacora.com.ar\/web\/wp-json\/wp\/v2\/categories?post=23688"},{"taxonomy":"post_tag","embeddable":true,"href":"https:\/\/radiobitacora.com.ar\/web\/wp-json\/wp\/v2\/tags?post=23688"}],"curies":[{"name":"wp","href":"https:\/\/api.w.org\/{rel}","templated":true}]}}