{"id":23691,"date":"2025-06-05T10:06:55","date_gmt":"2025-06-05T13:06:55","guid":{"rendered":"https:\/\/radiobitacora.com.ar\/web\/?p=23691"},"modified":"2025-06-05T10:14:34","modified_gmt":"2025-06-05T13:14:34","slug":"el-intendente-mariano-hormaechea-presidio-la-inauguracion-de-las-obras-en-el-polideportivo-del-barrio-sarmiento","status":"publish","type":"post","link":"https:\/\/radiobitacora.com.ar\/web\/2025\/06\/05\/el-intendente-mariano-hormaechea-presidio-la-inauguracion-de-las-obras-en-el-polideportivo-del-barrio-sarmiento\/","title":{"rendered":"EL INTENDENTE MARIANO HORMAECHEA PRESIDI\u00d3 LA INAUGURACI\u00d3N DE LAS OBRAS EN EL POLIDEPORTIVO DEL BARRIO SARMIENTO"},"content":{"rendered":"<p style=\"font-weight: 400;\">Revalorizaci\u00f3n de Espacio P\u00fablico en Barrio Sarmiento<\/p>\n<p style=\"font-weight: 400;\">EL INTENDENTE MARIANO HORMAECHEA PRESIDI\u00d3 LA INAUGURACI\u00d3N DE LAS OBRAS EN EL POLIDEPORTIVO DEL BARRIO SARMIENTO<\/p>\n<p style=\"font-weight: 400;\">En la noche del mi\u00e9rcoles el Intendente Mariano Hormaechea junto a la comisi\u00f3n vecinal, funcionarios municipales, concejales y vecinos dej\u00f3 inaugurado los trabajos de revalorizaci\u00f3n del multiespacio deportivo del Barrio Sarmiento<\/p>\n<p style=\"font-weight: 400;\">Durante la inauguraci\u00f3n el Intendente anunci\u00f3: \u201cque se avanza en la construcci\u00f3n de la nueva terminal de Goya y de nuevos espacios polideportivos en el norte y Barrio San Ram\u00f3n de Goya\u201d<\/p>\n<p style=\"font-weight: 400;\">Los vecinos coincidieron en destacar la decisi\u00f3n del Intendente, los trabajos de la Municipalidad en cada detalle, invitando a \u201cCuidar este este espacio revalorizado porque es de utilidad para todos.\u201d<\/p>\n<p style=\"font-weight: 400;\">Estas obras reflejan el compromiso con los vecinos, la manera de trabajar juntos, con resultados a la vista&#8221;. Remarc\u00f3 Mercedes Pintos.<\/p>\n<p style=\"font-weight: 400;\">En el espacio del Polideportivo del Barrio Sarmiento, la Municipalidad intervino en el cerramiento perimetral del Play\u00f3n deportivo destinado a la pr\u00e1ctica de F\u00fatbol; B\u00e1squet y V\u00f3ley; reparaci\u00f3n de los juegos de la plaza, incorporaci\u00f3n de nuevos destinados al disfrute de los ni\u00f1os y la colocaci\u00f3n de la luminaria para todo el espacio incluido el lugar para la pr\u00e1ctica deportiva.<\/p>\n<p style=\"font-weight: 400;\"><img loading=\"lazy\" decoding=\"async\" class=\"wp-image-23694 alignleft\" src=\"https:\/\/radiobitacora.com.ar\/web\/wp-content\/uploads\/2025\/06\/inauguracion-Polideportivo-Barrio-Sarmiento-9-Luces.jpg\" alt=\"\" width=\"413\" height=\"275\" srcset=\"https:\/\/radiobitacora.com.ar\/web\/wp-content\/uploads\/2025\/06\/inauguracion-Polideportivo-Barrio-Sarmiento-9-Luces.jpg 1600w, https:\/\/radiobitacora.com.ar\/web\/wp-content\/uploads\/2025\/06\/inauguracion-Polideportivo-Barrio-Sarmiento-9-Luces-696x464.jpg 696w, https:\/\/radiobitacora.com.ar\/web\/wp-content\/uploads\/2025\/06\/inauguracion-Polideportivo-Barrio-Sarmiento-9-Luces-1068x712.jpg 1068w, https:\/\/radiobitacora.com.ar\/web\/wp-content\/uploads\/2025\/06\/inauguracion-Polideportivo-Barrio-Sarmiento-9-Luces-630x420.jpg 630w\" sizes=\"auto, (max-width: 413px) 100vw, 413px\" \/><\/p>\n<p style=\"font-weight: 400;\">Junto a Mariano Hormaechea participaron de la inauguraci\u00f3n la Vicepresidente 2\u00ba del HCD Concejal Viv\u00edan Merlo; el presidente del Barrio Sarmiento V\u00edctor Fern\u00e1ndez, funcionarios municipales, concejales, presidentes barriales y vecinos de la zona, comprendida por los barrios Sarmiento, Esperanza y Arco Iris.<\/p>\n<p style=\"font-weight: 400;\">VICTOR FERNANDEZ<\/p>\n<p style=\"font-weight: 400;\">El presidente del Consejo Vecinal del Barrio Sarmiento, V\u00edctor Fern\u00e1ndez, agradeci\u00f3 a la Municipalidad: \u201cPor el compromiso, dedicaci\u00f3n en el arreglo de nuestra plaza, este espacio es fundamental para nuestra comunidad, porque es el punto de encuentro, recreaci\u00f3n y convivencia de las personas de todas las edades, ha requerido una gran inversi\u00f3n de tiempo, esfuerzo y recursos, el resultado es brillante, la nueva iluminaci\u00f3n, los nuevos juegos, la pintura, en la plaza, la cancha convirtiendo en un lugar atractivo, acogedor y seguro \u00a0para todos, el trabajo en los detalles, desde la colocaci\u00f3n del cartel, plantaci\u00f3n de especies arb\u00f3reas, este resultado es el resumen de todo ese accionar.<\/p>\n<p style=\"font-weight: 400;\">El presidente barrial, remarc\u00f3: &#8220;Expresamos el agradecimiento a la Municipalidad, al Intendente, liderazgo de Mariano (Hormaechea), su compromiso con la comunidad, esperamos seguir trabajando juntos para mejorar nuestro entorno, solicito a cada vecino que sepamos cuidar este espacio que es de todos.\u201d<\/p>\n<p style=\"font-weight: 400;\"><img loading=\"lazy\" decoding=\"async\" class=\"wp-image-23693 alignleft\" src=\"https:\/\/radiobitacora.com.ar\/web\/wp-content\/uploads\/2025\/06\/inauguracion-Polideportivo-Barrio-Sarmiento-5-Mercedes-Pintos.jpg\" alt=\"\" width=\"375\" height=\"250\" srcset=\"https:\/\/radiobitacora.com.ar\/web\/wp-content\/uploads\/2025\/06\/inauguracion-Polideportivo-Barrio-Sarmiento-5-Mercedes-Pintos.jpg 1600w, https:\/\/radiobitacora.com.ar\/web\/wp-content\/uploads\/2025\/06\/inauguracion-Polideportivo-Barrio-Sarmiento-5-Mercedes-Pintos-696x464.jpg 696w, https:\/\/radiobitacora.com.ar\/web\/wp-content\/uploads\/2025\/06\/inauguracion-Polideportivo-Barrio-Sarmiento-5-Mercedes-Pintos-1068x712.jpg 1068w, https:\/\/radiobitacora.com.ar\/web\/wp-content\/uploads\/2025\/06\/inauguracion-Polideportivo-Barrio-Sarmiento-5-Mercedes-Pintos-630x420.jpg 630w\" sizes=\"auto, (max-width: 375px) 100vw, 375px\" \/><\/p>\n<p style=\"font-weight: 400;\">CARLOS ALDERETE<\/p>\n<p style=\"font-weight: 400;\">El vecino del Barrio Carlos Alderete, destac\u00f3 el trabajo de la municipalidad, de los agentes por el esfuerzo, la dedicaci\u00f3n, para sostener: Debemos comprometernos a cuidar nuestro Polideportivo, porque es un beneficio para nuestros ni\u00f1os, para todos, es algo muy lindo, gracias Mariano Hormaechea por estas obras, que requiere mucha plata, no es de un d\u00eda para otro, gracias, cuidemos el espacio y disfrutemos de este hermoso lugar.\u201d<\/p>\n<p style=\"font-weight: 400;\">MERCEDES PINTOS<\/p>\n<p style=\"font-weight: 400;\">\u00a0La Directora de Promoci\u00f3n Social Mercedes Pintos, se defini\u00f3 en el momento de hacer uso de la palabra, como una referente del barrio, mencionando del trabajo territorial en esa zona de la ciudad, recordando: \u201cCuando vinimos por primera vez no hab\u00eda nada de esto, solo descampado, es una satisfacci\u00f3n para nosotros, el barrio, la comunidad, est\u00e1 en el centro de los barrios Sarmiento, Esperanza, Arco Iris y San Ram\u00f3n, debemos agradecer a Mariano (Hormaechea) por el acompa\u00f1amiento, buscando seguir en el futuro de esta manera, con las cosas claras, los hechos visibles, con un proyecto de ciudad, de crecimiento liderado por el Intendente, gracias, felicitaciones a los vecinos, ratificando este modo de trabajar juntos, con la confianza puesta de manera rec\u00edproca.\u201d<\/p>\n<p style=\"font-weight: 400;\"><img loading=\"lazy\" decoding=\"async\" class=\"wp-image-23695 alignleft\" src=\"https:\/\/radiobitacora.com.ar\/web\/wp-content\/uploads\/2025\/06\/inauguracion-Polideportivo-Barrio-Sarmiento-3-Presidente-Barrial-Victor-Fernandez.jpg\" alt=\"\" width=\"426\" height=\"284\" srcset=\"https:\/\/radiobitacora.com.ar\/web\/wp-content\/uploads\/2025\/06\/inauguracion-Polideportivo-Barrio-Sarmiento-3-Presidente-Barrial-Victor-Fernandez.jpg 1600w, https:\/\/radiobitacora.com.ar\/web\/wp-content\/uploads\/2025\/06\/inauguracion-Polideportivo-Barrio-Sarmiento-3-Presidente-Barrial-Victor-Fernandez-696x464.jpg 696w, https:\/\/radiobitacora.com.ar\/web\/wp-content\/uploads\/2025\/06\/inauguracion-Polideportivo-Barrio-Sarmiento-3-Presidente-Barrial-Victor-Fernandez-1068x712.jpg 1068w, https:\/\/radiobitacora.com.ar\/web\/wp-content\/uploads\/2025\/06\/inauguracion-Polideportivo-Barrio-Sarmiento-3-Presidente-Barrial-Victor-Fernandez-630x420.jpg 630w\" sizes=\"auto, (max-width: 426px) 100vw, 426px\" \/><\/p>\n<p style=\"font-weight: 400;\">MARIANO HORMAECHEA<\/p>\n<p style=\"font-weight: 400;\">El Intendente Mariano Hormaechea, agradeci\u00f3 la presencia de los vecinos, presidentes barriales, funcionarios y concejales del municipio, para rese\u00f1ar las obras desplegadas en el Polideportivo, contando el proceso desarrollado para llegar al resultado de la inauguraci\u00f3n, para manifestar: \u201cEsto es parte de un proyecto, desarrollado desde la gesti\u00f3n de Ignacio (Osella), sumando el aporte del Gobierno de Corrientes, en dar respuesta a demandas, con el programa O\u00f1ondivemi, el paso del tiempo nos llev\u00f3 a avanzar en la revalorizaci\u00f3n de este espacio p\u00fablico, poner en condiciones este polideportivo, es importante porque est\u00e1 destinado a las familias, para hacer actividades deportivas, esto nos permitir\u00e1 con las direcciones municipales programar estas pr\u00e1cticas, con Deportes, Juventud, para dar oportunidades a los vecinos de la zona este para ejercitar alg\u00fan deporte.<\/p>\n<p style=\"font-weight: 400;\">Nosotros seguimos mirando hacia adelante, pensando en una ciudad que debe seguir desarroll\u00e1ndose, en ese marco quiero contar que venimos avanzado en el tratamiento con los Concejales de la construcci\u00f3n de la Nueva Terminal de Goya, estamos dando los pasos administrativos, seguramente la semana que viene los ediles aprobaran este proyecto para iniciar esta obra de la nueva terminar, agradezco el trabajo con los equipos t\u00e9cnicos para tener la mejor terminal para los goyanos.<\/p>\n<p style=\"font-weight: 400;\">No nos detendremos, hemos inaugurado el Polideportivo de la zona sur, ahora en el este, estamos proyectando para hacer un nuevo Polideportivo en el Barrio San Ram\u00f3n, en la Plaza Ra\u00fal Alfons\u00edn, que se sumar\u00e1 al planificado en el norte de la ciudad, haciendo all\u00ed los \u00faltimos ajustes y detalles t\u00e9cnicos, seguimos generando espacios para que las familias disfruten, gracias a los vecinos, al equipo municipal, a los concejales, invito a seguir hacia adelante, porque lo mejor est\u00e1 por venir.\u201d<\/p>\n<p style=\"font-weight: 400;\">CORTE DE CINTAS Y ENCENDIDO DE LUCES<\/p>\n<p style=\"font-weight: 400;\">Para dejar formalmente inaugurada las obras de revalorizaci\u00f3n, el Intendente Mariano Hormaechea, junto a los funcionarios, concejales, presidente del barrio, vecinos y los ni\u00f1os hicieron el tradicional corte de cintas, para luego transitar por el espacio revalorizado y encender las luces, nueva luminaria del Play\u00f3n Deportivo.<\/p>\n<p style=\"font-weight: 400;\">Direcci\u00f3n de Prensa-Municipalidad de Goya<\/p>\n","protected":false},"excerpt":{"rendered":"<p>Revalorizaci\u00f3n de Espacio P\u00fablico en Barrio Sarmiento EL INTENDENTE MARIANO HORMAECHEA PRESIDI\u00d3 LA INAUGURACI\u00d3N DE LAS OBRAS EN EL POLIDEPORTIVO DEL BARRIO SARMIENTO En la noche del mi\u00e9rcoles el Intendente Mariano Hormaechea junto a la comisi\u00f3n vecinal, funcionarios municipales, concejales y vecinos dej\u00f3 inaugurado los trabajos de revalorizaci\u00f3n del multiespacio deportivo del Barrio Sarmiento Durante [&hellip;]<\/p>\n","protected":false},"author":2,"featured_media":23696,"comment_status":"closed","ping_status":"closed","sticky":false,"template":"","format":"standard","meta":{"footnotes":""},"categories":[56],"tags":[],"class_list":{"0":"post-23691","1":"post","2":"type-post","3":"status-publish","4":"format-standard","5":"has-post-thumbnail","7":"category-locales"},"_links":{"self":[{"href":"https:\/\/radiobitacora.com.ar\/web\/wp-json\/wp\/v2\/posts\/23691","targetHints":{"allow":["GET"]}}],"collection":[{"href":"https:\/\/radiobitacora.com.ar\/web\/wp-json\/wp\/v2\/posts"}],"about":[{"href":"https:\/\/radiobitacora.com.ar\/web\/wp-json\/wp\/v2\/types\/post"}],"author":[{"embeddable":true,"href":"https:\/\/radiobitacora.com.ar\/web\/wp-json\/wp\/v2\/users\/2"}],"replies":[{"embeddable":true,"href":"https:\/\/radiobitacora.com.ar\/web\/wp-json\/wp\/v2\/comments?post=23691"}],"version-history":[{"count":0,"href":"https:\/\/radiobitacora.com.ar\/web\/wp-json\/wp\/v2\/posts\/23691\/revisions"}],"wp:featuredmedia":[{"embeddable":true,"href":"https:\/\/radiobitacora.com.ar\/web\/wp-json\/wp\/v2\/media\/23696"}],"wp:attachment":[{"href":"https:\/\/radiobitacora.com.ar\/web\/wp-json\/wp\/v2\/media?parent=23691"}],"wp:term":[{"taxonomy":"category","embeddable":true,"href":"https:\/\/radiobitacora.com.ar\/web\/wp-json\/wp\/v2\/categories?post=23691"},{"taxonomy":"post_tag","embeddable":true,"href":"https:\/\/radiobitacora.com.ar\/web\/wp-json\/wp\/v2\/tags?post=23691"}],"curies":[{"name":"wp","href":"https:\/\/api.w.org\/{rel}","templated":true}]}}