{"id":23710,"date":"2025-06-06T08:52:07","date_gmt":"2025-06-06T11:52:07","guid":{"rendered":"https:\/\/radiobitacora.com.ar\/web\/?p=23710"},"modified":"2025-06-06T08:55:10","modified_gmt":"2025-06-06T11:55:10","slug":"vuelven-las-charlas-sobre-consumo-problematico","status":"publish","type":"post","link":"https:\/\/radiobitacora.com.ar\/web\/2025\/06\/06\/vuelven-las-charlas-sobre-consumo-problematico\/","title":{"rendered":"VUELVEN LAS CHARLAS SOBRE \u201cCONSUMO PROBLEM\u00c1TICO\u201d"},"content":{"rendered":"<p style=\"font-weight: 400;\">Direcci\u00f3n de Prevenci\u00f3n en Adicciones<\/p>\n<p style=\"font-weight: 400;\">VUELVEN LAS CHARLAS SOBRE \u201cCONSUMO PROBLEM\u00c1TICO\u201d<\/p>\n<p style=\"font-weight: 400;\">La Lic. Vanesa Morales, en el programa radial de la Direcci\u00f3n de Prevenci\u00f3n en Adicciones que se emite por Radio Ciudad, coment\u00f3 sobre actividades programadas en el mes de junio relacionadas a la prevenci\u00f3n y lucha contra el narcotr\u00e1fico, adelantando que retornaron las charlas-taller destinadas a los estudiantes del nivel secundario.<\/p>\n<p style=\"font-weight: 400;\">MES DE LA PREVENCI\u00d3N<\/p>\n<p style=\"font-weight: 400;\">La funcionaria municipal se\u00f1al\u00f3: \u201cEstamos transitando este mes de junio destinado a recordar la fecha 26, el D\u00eda Internacional contra el Uso Indebido y Tr\u00e1fico Il\u00edcito de Droga, D\u00eda de la Prevenci\u00f3n. Es el mes que asumimos el compromiso de generar diferentes actividades para sensibilizar sobre la problem\u00e1tica, venimos trabajando en esto que es muy importante\u201d.<\/p>\n<p style=\"font-weight: 400;\">CHARLAS TALLER EN EL \u00c1MBITO EDUCATIVO<\/p>\n<p style=\"font-weight: 400;\">La directora rese\u00f1o: \u201cReiniciamos los ciclos de charlas en los colegios secundarios de nuestra ciudad, lo hicimos con el Colegio Secundario \u201cJuan Eusebio Torrent\u201d. En la primera etapa del a\u00f1o fue con los estudiantes universitarios de las diferentes casas de estudios superiores radicadas en Goya\u201d.<\/p>\n<p style=\"font-weight: 400;\">\u201cEl objetivo es que se conviertan en replicadores de esta situaci\u00f3n\u201d, destac\u00f3.<\/p>\n<p style=\"font-weight: 400;\">\u201cEs una informaci\u00f3n valiosa, elementos que pueden ayudar a la formaci\u00f3n profesional teniendo todos los datos en relaci\u00f3n de los consumos problem\u00e1ticos, d\u00f3nde asistir para la ayuda en el \u00e1mbito oficial, en este caso municipal, para saber d\u00f3nde desarrollar a futuro su capacidad profesional con estos lugares\u201d.<\/p>\n<p style=\"font-weight: 400;\"><img loading=\"lazy\" decoding=\"async\" class=\"aligncenter size-full wp-image-23711\" src=\"https:\/\/radiobitacora.com.ar\/web\/wp-content\/uploads\/2025\/06\/prevencion-ilustracion-nota-a-Vanesa-Morales-1.jpg\" alt=\"\" width=\"1080\" height=\"568\" srcset=\"https:\/\/radiobitacora.com.ar\/web\/wp-content\/uploads\/2025\/06\/prevencion-ilustracion-nota-a-Vanesa-Morales-1.jpg 1080w, https:\/\/radiobitacora.com.ar\/web\/wp-content\/uploads\/2025\/06\/prevencion-ilustracion-nota-a-Vanesa-Morales-1-696x366.jpg 696w, https:\/\/radiobitacora.com.ar\/web\/wp-content\/uploads\/2025\/06\/prevencion-ilustracion-nota-a-Vanesa-Morales-1-1068x562.jpg 1068w, https:\/\/radiobitacora.com.ar\/web\/wp-content\/uploads\/2025\/06\/prevencion-ilustracion-nota-a-Vanesa-Morales-1-799x420.jpg 799w\" sizes=\"auto, (max-width: 1080px) 100vw, 1080px\" \/><\/p>\n<p style=\"font-weight: 400;\">TEM\u00c1TICA PLANTEADA<\/p>\n<p style=\"font-weight: 400;\">La Lic. Morales detall\u00f3: \u201cEn las charlas con los estudiantes secundarios, sirve conocer las realidades que experimentan o que observan entre sus pares, de all\u00ed la necesidad nuestra de llegar a estos espacios con un lenguaje y comunicaci\u00f3n clara, con una mirada desde la salud\u201d.<\/p>\n<p style=\"font-weight: 400;\">\u201cCualquier consumo problem\u00e1tico nos afecta en cualquier aspecto de nuestras vidas, de nuestra salud, f\u00edsica y emocional\u201d, sostiene Morales. Cabe destacar que ese \u201cconsumo\u201d no es \u00fanicamente de sustancias ilegales, \u201cen la actualidad comprende la tecnolog\u00eda, actitudes compulsivas hacia la alimentaci\u00f3n saludable, llevada al extremo no es justamente \u201csano\u201d\u201d, agreg\u00f3.<\/p>\n<p style=\"font-weight: 400;\">Estos espacios con los estudiantes son creados para el di\u00e1logo, la charla, y all\u00ed se exponen todas estas situaciones.<\/p>\n<p style=\"font-weight: 400;\">AMPLIO APOYO DEL INTENDENTE<\/p>\n<p style=\"font-weight: 400;\">En la conversaci\u00f3n radial asegur\u00f3 que, \u201cdesde la gesti\u00f3n de Mariano Hormaechea, se ha reforzado este aspecto de la Atenci\u00f3n Primaria a partir de acondicionar, refaccionar, ambientar el espacio del DTC, recibiendo mucho apoyo para sostener el equipo, desde ordenanza hasta los profesionales que prestan sus servicios en ese lugar comunitario\u201d.<\/p>\n<p style=\"font-weight: 400;\">\u201cPara graficar en datos, alrededor de 180 consultas psicol\u00f3gicas individuales se brindaron en el Dispositivo en el mes; eso requiere predisposici\u00f3n, espacios adecuados, profesionales comprometidos. Celebro esas actitudes de los profesionales que est\u00e1n dedicados en estos espacios p\u00fablicos, todo el equipo est\u00e1 consciente del trabajo a desarrollar y la importancia del acompa\u00f1amiento a cada persona que llega al Dispositivo\u201d.<\/p>\n<p style=\"font-weight: 400;\">PR\u00d3XIMAS ACTIVIDADES<\/p>\n<p style=\"font-weight: 400;\">Finalmente, Vanesa Morales adelant\u00f3: \u201cLa semana pr\u00f3xima estaremos con estas charlas en el Colegio Secundario \u201cMagdalena G\u00fcemes de Tejada\u201d, y proyectamos continuar en el \u201cGregoria Morales\u201d.<\/p>\n<p style=\"font-weight: 400;\">\u201cEstamos analizando y escucharemos propuestas para socializar los consumos en la fecha del 26 de junio; seguramente haremos una convocatoria amplia. Con el secretario de Desarrollo Humano Julio Canteros buscamos generar el compromiso de mayor cantidad de personas, profesionales, potenciando el accionar de la Direcci\u00f3n y el DTC, con el prop\u00f3sito de la b\u00fasqueda de la reinserci\u00f3n de esas personas en diferentes espacios con un amplio apoyo posible\u201d.<\/p>\n<p style=\"font-weight: 400;\">\u201cEl a\u00f1o pasado hicimos talleres con la Direcci\u00f3n de Juventud sobre la orientaci\u00f3n vocacional, volveremos a reeditar este m\u00e9todo porque ayuda al acompa\u00f1amiento de ese recorrido para la reconstrucci\u00f3n de los v\u00ednculos sociales\u201d, concluy\u00f3.<\/p>\n<p style=\"font-weight: 400;\">Direcci\u00f3n de Prensa-Municipalidad de Goya<\/p>\n","protected":false},"excerpt":{"rendered":"<p>Direcci\u00f3n de Prevenci\u00f3n en Adicciones VUELVEN LAS CHARLAS SOBRE \u201cCONSUMO PROBLEM\u00c1TICO\u201d La Lic. Vanesa Morales, en el programa radial de la Direcci\u00f3n de Prevenci\u00f3n en Adicciones que se emite por Radio Ciudad, coment\u00f3 sobre actividades programadas en el mes de junio relacionadas a la prevenci\u00f3n y lucha contra el narcotr\u00e1fico, adelantando que retornaron las charlas-taller [&hellip;]<\/p>\n","protected":false},"author":2,"featured_media":23712,"comment_status":"closed","ping_status":"closed","sticky":false,"template":"","format":"standard","meta":{"footnotes":""},"categories":[56],"tags":[],"class_list":{"0":"post-23710","1":"post","2":"type-post","3":"status-publish","4":"format-standard","5":"has-post-thumbnail","7":"category-locales"},"_links":{"self":[{"href":"https:\/\/radiobitacora.com.ar\/web\/wp-json\/wp\/v2\/posts\/23710","targetHints":{"allow":["GET"]}}],"collection":[{"href":"https:\/\/radiobitacora.com.ar\/web\/wp-json\/wp\/v2\/posts"}],"about":[{"href":"https:\/\/radiobitacora.com.ar\/web\/wp-json\/wp\/v2\/types\/post"}],"author":[{"embeddable":true,"href":"https:\/\/radiobitacora.com.ar\/web\/wp-json\/wp\/v2\/users\/2"}],"replies":[{"embeddable":true,"href":"https:\/\/radiobitacora.com.ar\/web\/wp-json\/wp\/v2\/comments?post=23710"}],"version-history":[{"count":0,"href":"https:\/\/radiobitacora.com.ar\/web\/wp-json\/wp\/v2\/posts\/23710\/revisions"}],"wp:featuredmedia":[{"embeddable":true,"href":"https:\/\/radiobitacora.com.ar\/web\/wp-json\/wp\/v2\/media\/23712"}],"wp:attachment":[{"href":"https:\/\/radiobitacora.com.ar\/web\/wp-json\/wp\/v2\/media?parent=23710"}],"wp:term":[{"taxonomy":"category","embeddable":true,"href":"https:\/\/radiobitacora.com.ar\/web\/wp-json\/wp\/v2\/categories?post=23710"},{"taxonomy":"post_tag","embeddable":true,"href":"https:\/\/radiobitacora.com.ar\/web\/wp-json\/wp\/v2\/tags?post=23710"}],"curies":[{"name":"wp","href":"https:\/\/api.w.org\/{rel}","templated":true}]}}