{"id":23716,"date":"2025-06-06T16:47:06","date_gmt":"2025-06-06T19:47:06","guid":{"rendered":"https:\/\/radiobitacora.com.ar\/web\/?p=23716"},"modified":"2025-06-06T16:47:06","modified_gmt":"2025-06-06T19:47:06","slug":"el-teatro-municipal-solari-sera-escenario-del-taller-de-canto-popular-con-destacadas-disertantes","status":"publish","type":"post","link":"https:\/\/radiobitacora.com.ar\/web\/2025\/06\/06\/el-teatro-municipal-solari-sera-escenario-del-taller-de-canto-popular-con-destacadas-disertantes\/","title":{"rendered":"EL TEATRO MUNICIPAL SOLARI SER\u00c1 ESCENARIO DEL TALLER DE CANTO POPULAR CON DESTACADAS DISERTANTES"},"content":{"rendered":"<p style=\"font-weight: 400;\">Hoy\u00a0<strong>viernes desde las 17.30<\/strong>\u00a0en el Teatro Municipal Solari se desarrollar\u00e1 el\u00a0<strong>Taller de Canto Popular<\/strong>, una propuesta formativa de excelencia que contar\u00e1 con la participaci\u00f3n de\u00a0<strong>Casiana Torres<\/strong>\u00a0y\u00a0<strong>Guadalupe Fleitas<\/strong>, integrantes del Departamento de Folklore de la Universidad de las Artes. La Directora del Coro Infanto Juvenil profesora\u00a0<strong>Selva Vera<\/strong>\u00a0brind\u00f3 detalles en di\u00e1logo con Radio Ciudad 88.3.<\/p>\n<p style=\"font-weight: 400;\"><strong>\u201cEstamos frente a una propuesta innovadora, junto a las profesoras Casiana Torres y Guadalupe Fleitas, que son parte del Departamento de Folklore de la Universidad de las Artes\u201d<\/strong>, destac\u00f3\u00a0<strong>Selva Vera<\/strong>, al remarcar el valor acad\u00e9mico y cultural del encuentro.<\/p>\n<p style=\"font-weight: 400;\">La propuesta, explic\u00f3,\u00a0<strong>\u201cest\u00e1 recorriendo el pa\u00eds llevando dos cuestiones fundamentales: el canto popular y herramientas para la interpretaci\u00f3n. Adem\u00e1s, se busca realizar un mapeo de las cantoras de ra\u00edz folcl\u00f3rica que no pertenezcan al circuito comercial\u201d<\/strong>.<\/p>\n<p style=\"font-weight: 400;\">Desde su mirada formadora y art\u00edstica,\u00a0<strong>Vera<\/strong>\u00a0subray\u00f3:\u00a0<strong>\u201cCantamos a un nivel que no est\u00e1 ligado a una empresa discogr\u00e1fica, que exige contratos complicados de cumplir y dif\u00edciles en la carrera. Para todas nosotras, que le ponemos el cuerpo en la interpretaci\u00f3n popular, esa es la verdadera interpretaci\u00f3n\u201d<\/strong>.<\/p>\n<p style=\"font-weight: 400;\">La directora del Coro Infanto Juvenil tambi\u00e9n puso en valor el apoyo institucional:\u00a0<strong>\u201cTenemos que destacar la decisi\u00f3n inmediata del Intendente Hormaechea, que reunido en su despacho dio el visto favorable a esta propuesta. Esta respuesta es muy valorada por el aporte que hace a la Cultura de la ciudad\u201d<\/strong>.<\/p>\n<p style=\"font-weight: 400;\">La repercusi\u00f3n del taller fue inmediata.\u00a0<strong>\u201cLuego que se abri\u00f3 la convocatoria pasaron solo treinta minutos y se cubri\u00f3 el cupo de participantes\u201d<\/strong>, revel\u00f3\u00a0<strong>Selva Vera<\/strong>, y agreg\u00f3:\u00a0<strong>\u201cM\u00e1s all\u00e1 de esto, estaremos algunas profes de oyentes, como la profe Elidia Andino \u2014la mam\u00e1 de los coros de la ciudad de Goya\u2014 con la idea de adquirir herramientas para todos aquellos que se dedican al canto\u201d<\/strong>.<\/p>\n<p style=\"font-weight: 400;\"><strong>\u201cEstar\u00e1n participando alumnos del ISG, integrantes del Coro Infantil y adultos, adem\u00e1s de algunos que lo hacen de forma independiente\u201d<\/strong>, precis\u00f3.<\/p>\n<p style=\"font-weight: 400;\">Vera remarc\u00f3 adem\u00e1s el car\u00e1cter gratuito del taller:\u00a0<strong>\u201cHay que tener presente que es una actividad gratuita, que en otros lugares tiene un alto costo por la calidad de las profes disertantes\u201d<\/strong>. En ese sentido, anticip\u00f3 que ya est\u00e1 pensando en pr\u00f3ximos espacios para repetir este tipo de encuentros:\u00a0<strong>\u201cHay muchos interesados que quedaron con la intenci\u00f3n de participar, por eso fue invitada la Secretaria de Educaci\u00f3n Sonia Espina para que pueda incorporar este tipo de encuentros formativos a la grilla de la pr\u00f3xima edici\u00f3n de la Feria del Libro\u201d<\/strong>.<\/p>\n<h3>MODALIDAD DEL TALLER Y ENCUENTRO REGIONAL<\/h3>\n<p style=\"font-weight: 400;\">Sobre el desarrollo de la jornada,\u00a0<strong>Selva Vera<\/strong>\u00a0explic\u00f3:\u00a0<strong>\u201cLa modalidad del taller es presencial, dando inicio a las 17:30 hs en el Teatro Municipal. Las clases tendr\u00e1n una duraci\u00f3n de dos horas reloj aproximadamente, con un cierre con algunas canciones que se trabajen en el taller\u201d<\/strong>.<\/p>\n<p style=\"font-weight: 400;\">Luego, la propuesta continuar\u00e1 en otro espacio:\u00a0<strong>\u201cDespu\u00e9s, a las 21:30 hs, nos trasladamos a Amore Mio, compartiendo y recorriendo m\u00fasica folcl\u00f3rica\u201d<\/strong>.<\/p>\n<p style=\"font-weight: 400;\"><strong>Vera<\/strong>\u00a0tambi\u00e9n agradeci\u00f3 a quienes colaboran con el evento: &#8220;<strong>bueno destacar la colaboraci\u00f3n de Federico Taglioretti, brindando el espacio cultural y alojamiento a las profesoras disertantes\u201d<\/strong>.<\/p>\n<p style=\"font-weight: 400;\">El ciclo continuar\u00e1 el\u00a0<strong>s\u00e1bado a las 17:30<\/strong>, con el\u00a0<strong>encuentro de la microrregi\u00f3n NEA<\/strong>, donde se avanzar\u00e1 en el\u00a0<strong>mapa de cantoras de ra\u00edz folcl\u00f3rica<\/strong>, nuevamente en el espacio cultural\u00a0<strong>Amore Mio<\/strong>.<\/p>\n<p style=\"font-weight: 400;\">\n<p style=\"font-weight: 400;\">Direcci\u00f3n de Prensa \u2013 Municipalidad de Goya.<\/p>\n","protected":false},"excerpt":{"rendered":"<p>Hoy\u00a0viernes desde las 17.30\u00a0en el Teatro Municipal Solari se desarrollar\u00e1 el\u00a0Taller de Canto Popular, una propuesta formativa de excelencia que contar\u00e1 con la participaci\u00f3n de\u00a0Casiana Torres\u00a0y\u00a0Guadalupe Fleitas, integrantes del Departamento de Folklore de la Universidad de las Artes. La Directora del Coro Infanto Juvenil profesora\u00a0Selva Vera\u00a0brind\u00f3 detalles en di\u00e1logo con Radio Ciudad 88.3. \u201cEstamos frente [&hellip;]<\/p>\n","protected":false},"author":2,"featured_media":23717,"comment_status":"closed","ping_status":"closed","sticky":false,"template":"","format":"standard","meta":{"footnotes":""},"categories":[56],"tags":[],"class_list":{"0":"post-23716","1":"post","2":"type-post","3":"status-publish","4":"format-standard","5":"has-post-thumbnail","7":"category-locales"},"_links":{"self":[{"href":"https:\/\/radiobitacora.com.ar\/web\/wp-json\/wp\/v2\/posts\/23716","targetHints":{"allow":["GET"]}}],"collection":[{"href":"https:\/\/radiobitacora.com.ar\/web\/wp-json\/wp\/v2\/posts"}],"about":[{"href":"https:\/\/radiobitacora.com.ar\/web\/wp-json\/wp\/v2\/types\/post"}],"author":[{"embeddable":true,"href":"https:\/\/radiobitacora.com.ar\/web\/wp-json\/wp\/v2\/users\/2"}],"replies":[{"embeddable":true,"href":"https:\/\/radiobitacora.com.ar\/web\/wp-json\/wp\/v2\/comments?post=23716"}],"version-history":[{"count":0,"href":"https:\/\/radiobitacora.com.ar\/web\/wp-json\/wp\/v2\/posts\/23716\/revisions"}],"wp:featuredmedia":[{"embeddable":true,"href":"https:\/\/radiobitacora.com.ar\/web\/wp-json\/wp\/v2\/media\/23717"}],"wp:attachment":[{"href":"https:\/\/radiobitacora.com.ar\/web\/wp-json\/wp\/v2\/media?parent=23716"}],"wp:term":[{"taxonomy":"category","embeddable":true,"href":"https:\/\/radiobitacora.com.ar\/web\/wp-json\/wp\/v2\/categories?post=23716"},{"taxonomy":"post_tag","embeddable":true,"href":"https:\/\/radiobitacora.com.ar\/web\/wp-json\/wp\/v2\/tags?post=23716"}],"curies":[{"name":"wp","href":"https:\/\/api.w.org\/{rel}","templated":true}]}}