{"id":23754,"date":"2025-06-09T09:15:08","date_gmt":"2025-06-09T12:15:08","guid":{"rendered":"https:\/\/radiobitacora.com.ar\/web\/?p=23754"},"modified":"2025-06-09T09:15:08","modified_gmt":"2025-06-09T12:15:08","slug":"liberaron-a-juan-grabois-tras-haber-sido-detenido-por-ocupar-el-instituto-juan-domingo-peron-no-tengo-una-imputacion-especifica","status":"publish","type":"post","link":"https:\/\/radiobitacora.com.ar\/web\/2025\/06\/09\/liberaron-a-juan-grabois-tras-haber-sido-detenido-por-ocupar-el-instituto-juan-domingo-peron-no-tengo-una-imputacion-especifica\/","title":{"rendered":"Liberaron a Juan Grabois tras haber sido detenido por ocupar el Instituto Juan Domingo Per\u00f3n: \u201cNo tengo una imputaci\u00f3n espec\u00edfica\u201d"},"content":{"rendered":"<p class=\"paragraph\" data-mrf-recirculation=\"Links inline\">Despu\u00e9s de haber permanecido detenido por unas doce horas aproximadamente, el dirigente del Frente Patria Grande,\u00a0<a title=\"https:\/\/www.infobae.com\/tag\/juan-grabois\/\" href=\"https:\/\/www.infobae.com\/tag\/juan-grabois\/\" target=\"_blank\" rel=\"noopener noreferrer\" data-mrf-link=\"https:\/\/www.infobae.com\/tag\/juan-grabois\/\"><b>Juan Grabois<\/b><\/a>, fue liberado durante la madrugada del domingo. El dirigente hab\u00eda ocupado junto a un grupo de activistas y diputados el edificio del\u00a0<b>Instituto Juan Domingo Per\u00f3n<\/b>, un centro de investigaciones hist\u00f3ricas y de divulgaci\u00f3n que\u00a0<a title=\"https:\/\/www.infobae.com\/politica\/2025\/05\/07\/el-gobierno-anuncio-el-cierre-de-instituto-nacional-juan-domingo-peron\/\" href=\"https:\/\/www.infobae.com\/politica\/2025\/05\/07\/el-gobierno-anuncio-el-cierre-de-instituto-nacional-juan-domingo-peron\/\" target=\"_blank\" rel=\"noopener noreferrer\" data-mrf-link=\"https:\/\/www.infobae.com\/politica\/2025\/05\/07\/el-gobierno-anuncio-el-cierre-de-instituto-nacional-juan-domingo-peron\/\">el Gobierno anunci\u00f3 su cierre esta semana<\/a>.<\/p>\n<p class=\"paragraph\" data-mrf-recirculation=\"Links inline\">\u201cLe agradezco mucho a\u00a0<b>Patricia Bullrich<\/b>\u00a0la posibilidad de esta experiencia de lo que pasa en una alcald\u00eda. La forma en la que trabaja el personal de seguridad es inhumana. Trabajan en oficinas vetustas, sin calefacci\u00f3n, llenas de ratas. Estoy hablando de personal policial, no de los internos, que no los vi. No tienen sistema, es todo manual, computadoras del a\u00f1o 84.\u00a0<b>Son algunas de las cosas que cuando sea presidente voy a poder cambiar.<\/b> Ayudar a que el personal no est\u00e9 en los lugares denigrantes&#8221;, expres\u00f3 el dirigente social a la salida.<\/p>\n<div class=\"jwplayer-ctn\">\n<div>\n<div id=\"AC4DI5RJUREF5LRE2IURUNOTO4-custom_embed3\" class=\"jwplayer jw-reset jw-state-idle jw-stretch-uniform jw-flag-aspect-mode jw-floating-dismissible jw-keep-thumbnail jw-flag-user-inactive jw-breakpoint-5\" tabindex=\"0\" role=\"application\" aria-label=\"Video Player - Juan Grabois detenci\u00f3n\" aria-describedby=\"jw-AC4DI5RJUREF5LRE2IURUNOTO4-custom_embed3-shortcuts-tooltip-explanation\" data-compass-listening=\"true\">\n<div class=\"jw-wrapper jw-reset\">\n<div class=\"jw-controls jw-reset\">\n<div class=\"jw-nextup-container jw-reset\">\n<div class=\"jw-nextup jw-background-color jw-reset jw-nextup-thumbnail-visible\"><\/div>\n<\/div>\n<\/div>\n<\/div>\n<div class=\"afs_ads ad-placement\"><\/div>\n<\/div>\n<\/div>\n<p>El momento de la detenci\u00f3n de Juan Grabois<\/p><\/div>\n<div class=\"inline ad-wrapper\">\n<div class=\"dfpAd ad-inline\">\n<div id=\"infobae\/politica\/nota\/inline\" class=\"infobae\/politica\/nota\/inline arcad\" data-google-query-id=\"CKjgzLan5I0DFbM9uQYdns8Pkg\">\n<div id=\"google_ads_iframe_\/1058609\/infobae\/politica\/nota\/inline_0__container__\"><\/div>\n<\/div>\n<\/div>\n<\/div>\n<p class=\"paragraph\" data-mrf-recirculation=\"Links inline\">Adem\u00e1s, Grabois aclar\u00f3: \u201c<b>No tengo una imputaci\u00f3n espec\u00edfica. Hay una imputaci\u00f3n gen\u00e9rica que le hacen a un n\u00famero indeterminado de personas por la intrusi\u00f3n de un lugar<\/b>, que lo que sucedi\u00f3 fue la permanencia pac\u00edfica de un conjunto de manifestantes que est\u00e1bamos reclamando el derecho a la memoria hist\u00f3rica y que se deje de avsallar con la actitud dictatorial del gobierno de Milei, particularmente Pabtrica Bullrich que es una mujer muy perversa&#8221;.<\/p>\n<div class=\"news-module\" data-mrf-recirculation=\"IL_wv5lqF4aQ7G5etrMMyn62Q\" data-testid=\"text-html\" data-mrf-experience=\"IL_wv5lqF4aQ7G5etrMMyn62Q\">\n<div class=\"recommended-card__image-container\"><img loading=\"lazy\" decoding=\"async\" class=\"recommended-card__image lazyload\" src=\"https:\/\/www.infobae.com\/resizer\/v2\/UKKYOHKEKBA4NEDQNJ5MDF4TYA.jpg?auth=328ba025f608b3be59273ee992f94dfa0c04b99a06675b8a1bd863c43feb6439&amp;smart=true&amp;width=256&amp;height=140&amp;quality=85\" sizes=\"auto, (min-width: 800px) 50vw, 90vw\" alt=\"C\u00f3mo sigue el calendario electoral 2025 tras los comicios en Misiones\" width=\"16\" height=\"9\" data-src=\"https:\/\/www.infobae.com\/resizer\/v2\/UKKYOHKEKBA4NEDQNJ5MDF4TYA.jpg?auth=328ba025f608b3be59273ee992f94dfa0c04b99a06675b8a1bd863c43feb6439&amp;smart=true&amp;width=256&amp;height=140&amp;quality=85\" \/><\/div>\n<div class=\"recommended-card__info\"><span class=\"recommended-card__info-interest-you\">Te puede interesar:<\/span><span class=\"recommended-card__info-title\">C\u00f3mo sigue el calendario electoral 2025 tras los comicios en Misiones<\/span><\/p>\n<div class=\"recommended-card__info-button recommended-card__info-button--deportes\"><\/div>\n<\/div>\n<\/div>\n<p class=\"paragraph\" data-mrf-recirculation=\"Links inline\">Durante el tiempo que estuvo detenido el referente de Argentina Humana, una multitud se acumul\u00f3 en la puerta de la sede de la<b>\u00a0Superintendencia de Investigaciones Federales<\/b>, en la calle Madariaga 6900, en Villa Riachuelo, para exigir su inmediata liberaci\u00f3n.<\/p>\n<div class=\"inline_2_DSK ad-wrapper ad-desktop\">\n<div class=\"dfpAd ad-inline\">\n<div id=\"infobae\/politica\/nota\/inline_2_DSK\" class=\"infobae\/politica\/nota\/inline_2_DSK arcad\" data-google-query-id=\"CLGS57an5I0DFYs3uQYdUAscSw\">\n<div id=\"google_ads_iframe_\/1058609\/infobae\/politica\/nota\/inline_2_DSK_0__container__\"><\/div>\n<\/div>\n<\/div>\n<\/div>\n<p class=\"paragraph\" data-mrf-recirculation=\"Links inline\">Entre las personas reunidas estuvieron presentes los diputados\u00a0<b>Horacio Pietragalla<\/b>,\u00a0<b>Itai Hagman\u00a0<\/b>y\u00a0<b>Natalia Zaracho;<\/b>\u00a0el senador bonaerense\u00a0<b>Federico Fagioli<\/b>; los legisladores\u00a0<b>Federico Mochi, Juan Modarelli, Juan Manuel Valdez, y Leandro Santoro;\u00a0<\/b>y los dirigentes de La Campora,\u00a0<b>Leo Grosso, Daniel Catalano, y Lu Campora<\/b>. Tambi\u00e9n se sumaron los periodistas\u00a0<b>Alejandro Bercovich\u00a0<\/b>y<b>\u00a0\u00c1ngela Lerena<\/b>.<\/p>\n<div class=\"visual__image\"><picture><source srcset=\"https:\/\/www.infobae.com\/resizer\/v2\/QPE5GUCCFRAK3CPTZYMLTYVOQU.jpg?auth=96f753b55632a77435230056edcc496f52bc407f12245bdc919759bd40f66b99&amp;smart=true&amp;width=992&amp;height=661&amp;quality=85\" media=\"(min-width: 1000px)\" \/><source srcset=\"https:\/\/www.infobae.com\/resizer\/v2\/QPE5GUCCFRAK3CPTZYMLTYVOQU.jpg?auth=96f753b55632a77435230056edcc496f52bc407f12245bdc919759bd40f66b99&amp;smart=true&amp;width=768&amp;height=512&amp;quality=85\" media=\"(min-width: 768px)\" \/><source srcset=\"https:\/\/www.infobae.com\/resizer\/v2\/QPE5GUCCFRAK3CPTZYMLTYVOQU.jpg?auth=96f753b55632a77435230056edcc496f52bc407f12245bdc919759bd40f66b99&amp;smart=true&amp;width=577&amp;height=385&amp;quality=85\" media=\"(min-width: 580px)\" \/><source srcset=\"https:\/\/www.infobae.com\/resizer\/v2\/QPE5GUCCFRAK3CPTZYMLTYVOQU.jpg?auth=96f753b55632a77435230056edcc496f52bc407f12245bdc919759bd40f66b99&amp;smart=true&amp;width=420&amp;height=280&amp;quality=85\" media=\"(min-width: 350px)\" \/><source srcset=\"https:\/\/www.infobae.com\/resizer\/v2\/QPE5GUCCFRAK3CPTZYMLTYVOQU.jpg?auth=96f753b55632a77435230056edcc496f52bc407f12245bdc919759bd40f66b99&amp;smart=true&amp;width=350&amp;height=233&amp;quality=85\" media=\"(min-width: 80px)\" \/><img loading=\"lazy\" decoding=\"async\" class=\"global-image\" src=\"https:\/\/www.infobae.com\/resizer\/v2\/QPE5GUCCFRAK3CPTZYMLTYVOQU.jpg?auth=96f753b55632a77435230056edcc496f52bc407f12245bdc919759bd40f66b99&amp;smart=true&amp;width=350&amp;height=233&amp;quality=85\" alt=\"El momento en el que\" width=\"1920\" height=\"1282\" \/><\/picture>El momento en el que Grabois y los militantes tomaron el edificio p\u00fablico<\/div>\n<p class=\"paragraph\" data-mrf-recirculation=\"Links inline\">Todo comenz\u00f3 el s\u00e1bado alrededor de las 14 horas, cuando un aproximado de 50 personas ingresaron en la sede del Instituto Juan Domingo Per\u00f3n, ubicado en Austria 2601, en el barrio de Recoleta. Se trat\u00f3 de una toma organizada por Grabois, Hagman, Zaracho, Fagioli y la diputada provincia<b>\u00a0Luc\u00eda King<\/b>, integrante del Frente Patria Grande, para reclamar por el cierre del edificio p\u00fablico anunciado por el Gobierno.<\/p>\n<div class=\"double-bajalibros-card\"><a class=\"bajalibros-card\" href=\"http:\/\/bajalibros.com\/?externalId=9789500767552\" target=\"_blank\" rel=\"noopener noreferrer\"><img decoding=\"async\" class=\"bajalibros-card-book-img\" src=\"https:\/\/storage-aws-production.publica.la\/prhcontent\/issues\/2024\/05\/P49cczRW1rHZuHOj\/0fe98da2-9283-4b90-bf5b-7dee2fbd8ce2_cover.jpg\" alt=\"book img\" \/><\/a><img decoding=\"async\" class=\"bajalibros-card-book-img\" src=\"https:\/\/storage-aws-production.publica.la\/prhcontent\/issues\/2024\/11\/DKauV6g2zOOb7wy1\/754ed325-774a-4771-b2ee-b84b48af753b_cover.jpg\" alt=\"book img\" \/><\/div>\n<p class=\"paragraph\" data-mrf-recirculation=\"Links inline\">Seg\u00fan indicaron fuentes de la polic\u00eda porte\u00f1a a\u00a0<i>este medio<\/i>, los militantes ingresaron a trav\u00e9s del local gastron\u00f3mico \u201c<b>Un caf\u00e9 con Per\u00f3n<\/b>\u201d, desde donde accedieron a una puerta interna que conectar\u00eda el bar con el centro de estudios. En el interior hab\u00eda al menos dos agentes de la Polic\u00eda Federal (PFA) para custodiar esas dependencias, quienes habr\u00edan forcejado con ellos, y tuvieron que salir ante la protesta.<\/p>\n<p class=\"paragraph\" data-mrf-recirculation=\"Links inline\">Desde los balcones, los militantes colgaron una bandera con las consignas \u201cSi no pod\u00e9s elegir, no hay democracia\u201d y \u201cDefendamos nuestra historia\u201d. Una vez concretada la toma, el dirigente anunci\u00f3 en redes sociales: \u201cHace minutos la juventud del movimiento nacional recuper\u00f3 del odio gorila la antigua residencia de Per\u00f3n y Evita donde funcionaba el instituto de estudios Juan Domingo Per\u00f3n\u00a0<b>disuelto ilegalmente\u00a0<\/b>por el r\u00e9gimen de Milei\u201d.<\/p>\n<div class=\"visual__image\"><picture><source srcset=\"https:\/\/www.infobae.com\/resizer\/v2\/KYWXZKG6IVHWBLF7MDAPUD5LGE.jpeg?auth=c1776bed68d185163884c5648e51b3fe652cdf922558bb168bf5772fe64e4cc3&amp;smart=true&amp;width=992&amp;height=558&amp;quality=85\" media=\"(min-width: 1000px)\" \/><source srcset=\"https:\/\/www.infobae.com\/resizer\/v2\/KYWXZKG6IVHWBLF7MDAPUD5LGE.jpeg?auth=c1776bed68d185163884c5648e51b3fe652cdf922558bb168bf5772fe64e4cc3&amp;smart=true&amp;width=768&amp;height=432&amp;quality=85\" media=\"(min-width: 768px)\" \/><source srcset=\"https:\/\/www.infobae.com\/resizer\/v2\/KYWXZKG6IVHWBLF7MDAPUD5LGE.jpeg?auth=c1776bed68d185163884c5648e51b3fe652cdf922558bb168bf5772fe64e4cc3&amp;smart=true&amp;width=577&amp;height=325&amp;quality=85\" media=\"(min-width: 580px)\" \/><source srcset=\"https:\/\/www.infobae.com\/resizer\/v2\/KYWXZKG6IVHWBLF7MDAPUD5LGE.jpeg?auth=c1776bed68d185163884c5648e51b3fe652cdf922558bb168bf5772fe64e4cc3&amp;smart=true&amp;width=420&amp;height=236&amp;quality=85\" media=\"(min-width: 350px)\" \/><source srcset=\"https:\/\/www.infobae.com\/resizer\/v2\/KYWXZKG6IVHWBLF7MDAPUD5LGE.jpeg?auth=c1776bed68d185163884c5648e51b3fe652cdf922558bb168bf5772fe64e4cc3&amp;smart=true&amp;width=350&amp;height=197&amp;quality=85\" media=\"(min-width: 80px)\" \/><img loading=\"lazy\" decoding=\"async\" class=\"global-image\" src=\"https:\/\/www.infobae.com\/resizer\/v2\/KYWXZKG6IVHWBLF7MDAPUD5LGE.jpeg?auth=c1776bed68d185163884c5648e51b3fe652cdf922558bb168bf5772fe64e4cc3&amp;smart=true&amp;width=350&amp;height=197&amp;quality=85\" alt=\"El cord\u00f3n policial de la\" width=\"1920\" height=\"1080\" \/><\/picture>El cord\u00f3n policial de la Polic\u00eda Federal, frente al local &#8220;Un caf\u00e9 con Per\u00f3n&#8221;. El negocio gastron\u00f3mico est\u00e1 ubicado junto al ex Instituto Per\u00f3n (Cr\u00e9dito: Gast\u00f3n Taylor)<\/div>\n<p class=\"paragraph\" data-mrf-recirculation=\"Links inline\">\u201cAqu\u00ed los antecesores de este gobierno tiraron sus bombas asesinas hace 70 a\u00f1os y el gobierno estafador\u00a0<b>destruy\u00f3 las estatuas de nuestros pr\u00f3ceres\u00a0<\/b>hace 7 d\u00edas\u201d, agreg\u00f3. No obstante, en un di\u00e1logo previo con\u00a0<b>Infobae\u00a0<\/b>explic\u00f3 que se trataba de \u201cun acto de presencia pac\u00edfica<b>\u00a0<\/b>y de reafirmaci\u00f3n del derecho de nuestro pueblo a su memoria hist\u00f3rica, no solamente de los peronistas, de los hijos de peronistas y de los nietos de peronistas, sino de cualquier ciudadano argentino o extranjero que quiera conocer su historia\u201d.<\/p>\n<p class=\"paragraph\" data-mrf-recirculation=\"Links inline\">\u201cAc\u00e1 hab\u00eda un museo, un lugar de homenaje permanente, como dicen las placas que todav\u00eda no sacaron. Varias ya las sacaron. Hicieron una cosa muy fea: pusieron una bolsa mortuoria en la estatua de Per\u00f3n y Evita. Este era un lugar de referencia para gente de todas las ideolog\u00edas y ven\u00edan muchas personas de afuera\u201d del pa\u00eds, finaliz\u00f3.<\/p>\n<p class=\"paragraph\" data-mrf-recirculation=\"Links inline\">Sin embargo, cerca de las 17, los agentes de infanter\u00eda de la PFA avanzaron con el desalojo del edificio, mientras que un cuerpo de la Polic\u00eda de la Ciudad estableci\u00f3 un per\u00edmetro en la zona. Durante el operativo, los uniformados federales lanzaron gas pimienta y, entre golpes y empujones, detuvieron a Juan Grabois, cuando se encontraba en la vereda.<\/p>\n<p class=\"paragraph\" data-mrf-recirculation=\"Links inline\">\u201c<b>Meteme preso Milei, pero la bandera argentina no me la sac\u00e1s<\/b>\u201d, comparti\u00f3 Grabois desde su cuenta personal en X (antes Twitter), en donde adjunto una fotograf\u00eda suya mientras era trasladado en un cami\u00f3n de las fuerzas de seguridad.<\/p>\n<div class=\"visual__image\"><picture><source srcset=\"https:\/\/www.infobae.com\/resizer\/v2\/K6CUHIJDHZATVEARYBJTPI6UGQ.jpg?auth=38033dbe0500b320d10ce93956131637a8f345adfe823f3948937bab7492d575&amp;smart=true&amp;width=992&amp;height=1488&amp;quality=85\" media=\"(min-width: 1000px)\" \/><source srcset=\"https:\/\/www.infobae.com\/resizer\/v2\/K6CUHIJDHZATVEARYBJTPI6UGQ.jpg?auth=38033dbe0500b320d10ce93956131637a8f345adfe823f3948937bab7492d575&amp;smart=true&amp;width=768&amp;height=1152&amp;quality=85\" media=\"(min-width: 768px)\" \/><source srcset=\"https:\/\/www.infobae.com\/resizer\/v2\/K6CUHIJDHZATVEARYBJTPI6UGQ.jpg?auth=38033dbe0500b320d10ce93956131637a8f345adfe823f3948937bab7492d575&amp;smart=true&amp;width=577&amp;height=866&amp;quality=85\" media=\"(min-width: 580px)\" \/><source srcset=\"https:\/\/www.infobae.com\/resizer\/v2\/K6CUHIJDHZATVEARYBJTPI6UGQ.jpg?auth=38033dbe0500b320d10ce93956131637a8f345adfe823f3948937bab7492d575&amp;smart=true&amp;width=420&amp;height=630&amp;quality=85\" media=\"(min-width: 350px)\" \/><source srcset=\"https:\/\/www.infobae.com\/resizer\/v2\/K6CUHIJDHZATVEARYBJTPI6UGQ.jpg?auth=38033dbe0500b320d10ce93956131637a8f345adfe823f3948937bab7492d575&amp;smart=true&amp;width=350&amp;height=525&amp;quality=85\" media=\"(min-width: 80px)\" \/><img loading=\"lazy\" decoding=\"async\" class=\"global-image\" src=\"https:\/\/www.infobae.com\/resizer\/v2\/K6CUHIJDHZATVEARYBJTPI6UGQ.jpg?auth=38033dbe0500b320d10ce93956131637a8f345adfe823f3948937bab7492d575&amp;smart=true&amp;width=350&amp;height=525&amp;quality=85\" alt=\"El posteo de Grabois, tras\" width=\"1920\" height=\"2740\" \/><\/picture>El posteo de Grabois, tras ser detenido y trasladado al cami\u00f3n celular<\/div>\n<p class=\"paragraph\" data-mrf-recirculation=\"Links inline\">Poco despu\u00e9s de que el abogado del dirigente pudiera tomar contacto con \u00e9l, inform\u00f3 que los militantes: \u201cEst\u00e1n bien de salud, los pudimos ver. Lo que pas\u00f3 fue que estuvieron much\u00edsimo tiempo adentro del cami\u00f3n, con condiciones de detenci\u00f3n complejas\u201d.<\/p>\n<p class=\"paragraph\" data-mrf-recirculation=\"Links inline\">&#8220;<b>Es casi una privaci\u00f3n ileg\u00edtima de la libertad.<\/b>\u00a0No hay ninguna prueba de lo que dice la ministra Patricia Bullrich, no privado de la libertad a ning\u00fan polic\u00eda, hab\u00eda muchos compa\u00f1eros y periodistas que lo vieron\u201d, denunci\u00f3 el letrado, al sentenciar:\u00a0<b>\u201cHay una vocaci\u00f3n pol\u00edtica de atacar a Juan Grabois\u201d<\/b>.<\/p>\n<p class=\"paragraph\" data-mrf-recirculation=\"Links inline\">Por su parte, la ministra de Seguridad,\u00a0<b>Patricia Bullrich<\/b>, celebr\u00f3 el accionar policial por haber actuado \u201ccon firmeza y eficacia\u201d, y calific\u00f3 al desalojo como un \u00e9xito. \u201cRecuperamos un edificio tomado por militantes que se cre\u00edan due\u00f1os del Estado.\u00a0<b>Se termin\u00f3 el vale todo<\/b>. Estamos haciendo lo que ning\u00fan gobierno hizo: detener al piquetero que promueve y ejecuta las usurpaciones\u201d, reafirm\u00f3.<\/p>\n<p class=\"paragraph\" data-mrf-recirculation=\"Links inline\">Para las 19.30, el jefe de la Polic\u00eda Federal, comisario general\u00a0<b>Luis Alejandro Rolle<\/b>, brind\u00f3 una conferencia de prensa, en donde inform\u00f3 que \u201chay da\u00f1os y lesiones a cuatro funcionarios policiales\u201d. En concreto, indic\u00f3 que el grupo \u201cviolent\u00f3 una puerta\u201d para ingresar al edificio y que retuvieron a los agentes \u201ccontra su voluntad\u201d.<\/p>\n<div class=\"headline-wrapper\">\n<h2 class=\"header headline-class-h2\">El anuncio del cierre del Instituto Juan Domingo Per\u00f3n<\/h2>\n<\/div>\n<div class=\"undefined ad-wrapper\">\n<div class=\"dfpAd \">\n<div id=\"infobae\/politica\/nota\/undefined\" class=\"infobae\/politica\/nota\/undefined arcad\"><\/div>\n<\/div>\n<\/div>\n<p class=\"paragraph\" data-mrf-recirculation=\"Links inline\">El pasado 7 de mayo, el vocero presidencial,\u00a0<b>Manuel Adorni<\/b>, anunci\u00f3 que el Gobierno cerrar\u00e1 el Instituto Per\u00f3n, junto con la\u00a0<b>Comisi\u00f3n Nacional de Homenaje al Teniente General Juan Per\u00f3n\u00a0<\/b>durante una conferencia de prensa. Seg\u00fan explic\u00f3, la decisi\u00f3n fue tomada porque ambas instituciones representaban \u201cuna carga presupuestaria injustificada\u201d.<\/p>\n<p class=\"paragraph\" data-mrf-recirculation=\"Links inline\">En l\u00ednea con esto, remarc\u00f3 que \u201cla investigaci\u00f3n hist\u00f3rica sobre el expresidente Per\u00f3n ya se lleva adelante a trav\u00e9s de universidades\u201d y otras instituciones que \u201cgarantizan un estudio acad\u00e9mico libre de condicionamientos estatales\u201d.<\/p>\n<div class=\"jwplayer-ctn\">\n<div>\n<div id=\"KR3ML4X73JC6VEDGFYQOIZLN64-custom_embed25\" class=\"jwplayer jw-reset jw-state-idle jw-stretch-uniform jw-flag-aspect-mode jw-floating-dismissible jw-keep-thumbnail jw-flag-user-inactive jw-breakpoint-5\" tabindex=\"0\" role=\"application\" aria-label=\"Video Player - toma del Instituto Per\u00f3n\" aria-describedby=\"jw-KR3ML4X73JC6VEDGFYQOIZLN64-custom_embed25-shortcuts-tooltip-explanation\" data-compass-listening=\"true\">\n<div class=\"jw-wrapper jw-reset\">\n<div class=\"jw-controls jw-reset\">\n<div class=\"jw-nextup-container jw-reset\">\n<div class=\"jw-nextup jw-background-color jw-reset jw-nextup-thumbnail-visible\"><\/div>\n<\/div>\n<\/div>\n<\/div>\n<div class=\"afs_ads ad-placement\"><\/div>\n<\/div>\n<\/div>\n<p>Juan Grabois explic\u00f3 a Infobae los motivos de la ocupaci\u00f3n del Instituto Per\u00f3n<\/p><\/div>\n<p class=\"paragraph\" data-mrf-recirculation=\"Links inline\">Seg\u00fan Grabois, la idea de que exist\u00edan muchos gastos \u201ces totalmente falso\u201d. Por lo que plante\u00f3 que \u201cten\u00edan la posibilidad de d\u00e1rselo a la ONG que ellos quieran para que lo gestione. Hay un mont\u00f3n de gente que est\u00e1 dispuesta a sostener este lugar gratuitamente\u201d.<\/p>\n<div class=\"undefined ad-wrapper\">\n<div class=\"dfpAd \">\n<div id=\"infobae\/politica\/nota\/undefined\" class=\"infobae\/politica\/nota\/undefined arcad\"><\/div>\n<\/div>\n<\/div>\n<p class=\"paragraph\" data-mrf-recirculation=\"Links inline\">A ra\u00edz de esto, el Partido Justicialista (PJ) denunci\u00f3 \u201cpersecuci\u00f3n ideol\u00f3gica\u201d por la medida, y le pidi\u00f3 al Gobierno que le\u00a0<b>transfieran el patrimonio, bienes y documentos\u00a0<\/b>que est\u00e9n en la instituci\u00f3n para\u00a0<b>hacerse cargo de su gesti\u00f3n<\/b>, con el fin de asegurar la continuidad de sus funciones sin financiamiento estatal. Asimismo la cooperativa, que gestiona la concesi\u00f3n del local gastron\u00f3mico \u201cUn caf\u00e9 con Per\u00f3n\u201d, expres\u00f3 su preocupaci\u00f3n por la continuidad de las fuentes de trabajo.<\/p>\n<p class=\"paragraph\" data-mrf-recirculation=\"Links inline\">Al conocerse la protesta, el ministerio de Capital Humano emiti\u00f3 un comunicado, en el que se\u00f1alaron que el organismo \u201ccontaba con 20 empleados y generaba un gasto anual de m\u00e1s de 400 millones de pesos\u201d. Por esos motivos, se avanz\u00f3 con la disoluci\u00f3n, y \u201cse tomaron las acciones pertinentes para resguardar el patrimonio hist\u00f3rico y cultural del Instituto\u201d.<\/p>\n<div class=\"visual__image\"><picture><source srcset=\"https:\/\/www.infobae.com\/resizer\/v2\/VZQLS3M32VCCFAMVSIGYTI6QWQ.jpg?auth=92fd55129221d54c6e7b2720bdbf757cbb7c4dd9c40d84984d5c0536d213cc59&amp;smart=true&amp;width=992&amp;height=1323&amp;quality=85\" media=\"(min-width: 1000px)\" \/><source srcset=\"https:\/\/www.infobae.com\/resizer\/v2\/VZQLS3M32VCCFAMVSIGYTI6QWQ.jpg?auth=92fd55129221d54c6e7b2720bdbf757cbb7c4dd9c40d84984d5c0536d213cc59&amp;smart=true&amp;width=768&amp;height=1024&amp;quality=85\" media=\"(min-width: 768px)\" \/><source srcset=\"https:\/\/www.infobae.com\/resizer\/v2\/VZQLS3M32VCCFAMVSIGYTI6QWQ.jpg?auth=92fd55129221d54c6e7b2720bdbf757cbb7c4dd9c40d84984d5c0536d213cc59&amp;smart=true&amp;width=577&amp;height=769&amp;quality=85\" media=\"(min-width: 580px)\" \/><source srcset=\"https:\/\/www.infobae.com\/resizer\/v2\/VZQLS3M32VCCFAMVSIGYTI6QWQ.jpg?auth=92fd55129221d54c6e7b2720bdbf757cbb7c4dd9c40d84984d5c0536d213cc59&amp;smart=true&amp;width=420&amp;height=560&amp;quality=85\" media=\"(min-width: 350px)\" \/><source srcset=\"https:\/\/www.infobae.com\/resizer\/v2\/VZQLS3M32VCCFAMVSIGYTI6QWQ.jpg?auth=92fd55129221d54c6e7b2720bdbf757cbb7c4dd9c40d84984d5c0536d213cc59&amp;smart=true&amp;width=350&amp;height=467&amp;quality=85\" media=\"(min-width: 80px)\" \/><img loading=\"lazy\" decoding=\"async\" class=\"global-image\" src=\"https:\/\/www.infobae.com\/resizer\/v2\/VZQLS3M32VCCFAMVSIGYTI6QWQ.jpg?auth=92fd55129221d54c6e7b2720bdbf757cbb7c4dd9c40d84984d5c0536d213cc59&amp;smart=true&amp;width=350&amp;height=467&amp;quality=85\" alt=\"El comunicado del Ministerio de\" width=\"1920\" height=\"2400\" \/><\/picture>El comunicado del Ministerio de Capital Humano<\/div>\n<p class=\"paragraph\" data-mrf-recirculation=\"Links inline\">\u201cAfortunadamente, estas medidas de\u00a0<b>salvaguarda del patrimonio<\/b>\u00a0evitaron que se produzca su da\u00f1o, destrucci\u00f3n o desaparici\u00f3n por parte de quienes\u00a0<b>irrumpieron con violencia<\/b>\u00a0en el inmueble en la tarde de hoy&#8221;, cerraron las autoridades.<\/p>\n<p class=\"paragraph\" data-mrf-recirculation=\"Links inline\">Fuentes oficiales confirmaron a\u00a0<i>este medio\u00a0<\/i>que el inmueble donde funcionaba el Instituto Per\u00f3n ser\u00e1 destinado por el Ministerio de Capital Humano a una\u00a0<b>biblioteca para personas con discapacidad<\/b>, mientras que el restor\u00e1n \u201cUn caf\u00e9 con Per\u00f3n\u201d, se adjudicar\u00e1 a un emprendimiento destinado a j\u00f3venes neurodivergentes.<\/p>\n<div class=\"headline-wrapper\">\n<h2 class=\"header headline-class-h2\">El PJ exigi\u00f3 la liberaci\u00f3n de Grabois<\/h2>\n<\/div>\n<p class=\"paragraph\" data-mrf-recirculation=\"Links inline\">Horas m\u00e1s tarde de que se conociera la detenci\u00f3n del l\u00edder de Argentina Humana, el Partido Justicialista emiti\u00f3 un comunicado en apoyo a Juan Grabois y a su compa\u00f1ero de militancia -tambi\u00e9n detenido- Valent\u00edn Peralta Ramos. &#8220;<b>El Partido Justicialista Nacional exige la inmediata liberaci\u00f3n de los compa\u00f1eros Juan Grabois y Valent\u00edn Peralta Ramos<\/b>\u201c, sostuvieron.<\/p>\n<div class=\"visual__image\"><picture><source srcset=\"https:\/\/www.infobae.com\/resizer\/v2\/UAP2KA5WRRBQVCSSLHJOYC6IJU.jpg?auth=1fdd08ccf4faca0a660e341536824556b40818306d11fccb411e10ee76bf4e75&amp;smart=true&amp;width=992&amp;height=558&amp;quality=85\" media=\"(min-width: 1000px)\" \/><source srcset=\"https:\/\/www.infobae.com\/resizer\/v2\/UAP2KA5WRRBQVCSSLHJOYC6IJU.jpg?auth=1fdd08ccf4faca0a660e341536824556b40818306d11fccb411e10ee76bf4e75&amp;smart=true&amp;width=768&amp;height=432&amp;quality=85\" media=\"(min-width: 768px)\" \/><source srcset=\"https:\/\/www.infobae.com\/resizer\/v2\/UAP2KA5WRRBQVCSSLHJOYC6IJU.jpg?auth=1fdd08ccf4faca0a660e341536824556b40818306d11fccb411e10ee76bf4e75&amp;smart=true&amp;width=577&amp;height=325&amp;quality=85\" media=\"(min-width: 580px)\" \/><source srcset=\"https:\/\/www.infobae.com\/resizer\/v2\/UAP2KA5WRRBQVCSSLHJOYC6IJU.jpg?auth=1fdd08ccf4faca0a660e341536824556b40818306d11fccb411e10ee76bf4e75&amp;smart=true&amp;width=420&amp;height=236&amp;quality=85\" media=\"(min-width: 350px)\" \/><source srcset=\"https:\/\/www.infobae.com\/resizer\/v2\/UAP2KA5WRRBQVCSSLHJOYC6IJU.jpg?auth=1fdd08ccf4faca0a660e341536824556b40818306d11fccb411e10ee76bf4e75&amp;smart=true&amp;width=350&amp;height=197&amp;quality=85\" media=\"(min-width: 80px)\" \/><img loading=\"lazy\" decoding=\"async\" class=\"global-image\" src=\"https:\/\/www.infobae.com\/resizer\/v2\/UAP2KA5WRRBQVCSSLHJOYC6IJU.jpg?auth=1fdd08ccf4faca0a660e341536824556b40818306d11fccb411e10ee76bf4e75&amp;smart=true&amp;width=350&amp;height=197&amp;quality=85\" alt=\"El mensaje emitido por el\" width=\"1920\" height=\"1080\" \/><\/picture>El mensaje emitido por el partido peronista en redes sociales (X: @p_justicialista)<\/div>\n<p class=\"paragraph\" data-mrf-recirculation=\"Links inline\">Luego de que el partido peronista se\u00f1alara que el arresto de ambos se dio por haber organizado \u201cuna acci\u00f3n de protesta frente al anunciado cierre del Instituto Nacional Juan Domingo Per\u00f3n\u201d, denunciaron que fueron \u201cdetenidos por defender el patrimonio de los peronistas\u201d.<\/p>\n<p class=\"paragraph\" data-mrf-recirculation=\"Links inline\">\u201cRepudiamos el accionar del gobierno de Milei y de la ministra Bullrich, que orden\u00f3 una detenci\u00f3n ilegal, sin orden judicial\u201d, concluyeron el comunicado. Hasta el cierre de la nota, Grabois y el resto de los militantes continuar\u00edan detenidos.<\/p>\n","protected":false},"excerpt":{"rendered":"<p>Despu\u00e9s de haber permanecido detenido por unas doce horas aproximadamente, el dirigente del Frente Patria Grande,\u00a0Juan Grabois, fue liberado durante la madrugada del domingo. El dirigente hab\u00eda ocupado junto a un grupo de activistas y diputados el edificio del\u00a0Instituto Juan Domingo Per\u00f3n, un centro de investigaciones hist\u00f3ricas y de divulgaci\u00f3n que\u00a0el Gobierno anunci\u00f3 su cierre [&hellip;]<\/p>\n","protected":false},"author":2,"featured_media":23755,"comment_status":"closed","ping_status":"closed","sticky":false,"template":"","format":"standard","meta":{"footnotes":""},"categories":[79],"tags":[],"class_list":{"0":"post-23754","1":"post","2":"type-post","3":"status-publish","4":"format-standard","5":"has-post-thumbnail","7":"category-politica"},"_links":{"self":[{"href":"https:\/\/radiobitacora.com.ar\/web\/wp-json\/wp\/v2\/posts\/23754","targetHints":{"allow":["GET"]}}],"collection":[{"href":"https:\/\/radiobitacora.com.ar\/web\/wp-json\/wp\/v2\/posts"}],"about":[{"href":"https:\/\/radiobitacora.com.ar\/web\/wp-json\/wp\/v2\/types\/post"}],"author":[{"embeddable":true,"href":"https:\/\/radiobitacora.com.ar\/web\/wp-json\/wp\/v2\/users\/2"}],"replies":[{"embeddable":true,"href":"https:\/\/radiobitacora.com.ar\/web\/wp-json\/wp\/v2\/comments?post=23754"}],"version-history":[{"count":0,"href":"https:\/\/radiobitacora.com.ar\/web\/wp-json\/wp\/v2\/posts\/23754\/revisions"}],"wp:featuredmedia":[{"embeddable":true,"href":"https:\/\/radiobitacora.com.ar\/web\/wp-json\/wp\/v2\/media\/23755"}],"wp:attachment":[{"href":"https:\/\/radiobitacora.com.ar\/web\/wp-json\/wp\/v2\/media?parent=23754"}],"wp:term":[{"taxonomy":"category","embeddable":true,"href":"https:\/\/radiobitacora.com.ar\/web\/wp-json\/wp\/v2\/categories?post=23754"},{"taxonomy":"post_tag","embeddable":true,"href":"https:\/\/radiobitacora.com.ar\/web\/wp-json\/wp\/v2\/tags?post=23754"}],"curies":[{"name":"wp","href":"https:\/\/api.w.org\/{rel}","templated":true}]}}