{"id":23758,"date":"2025-06-09T09:18:10","date_gmt":"2025-06-09T12:18:10","guid":{"rendered":"https:\/\/radiobitacora.com.ar\/web\/?p=23758"},"modified":"2025-06-09T09:18:10","modified_gmt":"2025-06-09T12:18:10","slug":"segundo-modulo-del-curso-de-lengua-de-senas-argentina","status":"publish","type":"post","link":"https:\/\/radiobitacora.com.ar\/web\/2025\/06\/09\/segundo-modulo-del-curso-de-lengua-de-senas-argentina\/","title":{"rendered":"SEGUNDO M\u00d3DULO DEL CURSO DE LENGUA DE SE\u00d1AS ARGENTINA"},"content":{"rendered":"<p style=\"font-weight: 400;\">\u201cCreando Puentes Comunicativos\u201d<\/p>\n<p style=\"font-weight: 400;\">La inclusi\u00f3n se construye con acciones concretas, y una de ellas es aprender a comunicarse con todos, este viernes se dict\u00f3 la segunda clase de las 6 proyectadas en la capacitaci\u00f3n que brinda el CO.PRO.DIS (Consejo Provincial de Discapacidad), desde el Ministerio de Desarrollo Social de la Provincia en articulaci\u00f3n con la Municipalidad a trav\u00e9s de la Coordinaci\u00f3n de Discapacidad.<\/p>\n<p style=\"font-weight: 400;\">\n<p style=\"font-weight: 400;\">Se trata de una iniciativa que apunta no solo a brindar conocimientos espec\u00edficos en lengua de se\u00f1as, sino tambi\u00e9n a generar conciencia y compromiso social en torno a la accesibilidad comunicacional.<\/p>\n<p style=\"font-weight: 400;\"><img loading=\"lazy\" decoding=\"async\" class=\"wp-image-23759 alignleft\" src=\"https:\/\/radiobitacora.com.ar\/web\/wp-content\/uploads\/2025\/06\/Lengua-de-Sena-Argentina-segunda-clase-1.jpg\" alt=\"\" width=\"395\" height=\"527\" srcset=\"https:\/\/radiobitacora.com.ar\/web\/wp-content\/uploads\/2025\/06\/Lengua-de-Sena-Argentina-segunda-clase-1.jpg 1200w, https:\/\/radiobitacora.com.ar\/web\/wp-content\/uploads\/2025\/06\/Lengua-de-Sena-Argentina-segunda-clase-1-696x928.jpg 696w, https:\/\/radiobitacora.com.ar\/web\/wp-content\/uploads\/2025\/06\/Lengua-de-Sena-Argentina-segunda-clase-1-1068x1424.jpg 1068w, https:\/\/radiobitacora.com.ar\/web\/wp-content\/uploads\/2025\/06\/Lengua-de-Sena-Argentina-segunda-clase-1-315x420.jpg 315w\" sizes=\"auto, (max-width: 395px) 100vw, 395px\" \/><\/p>\n<p style=\"font-weight: 400;\">Los siguientes m\u00f3dulos est\u00e1n establecidos para los d\u00edas 13 de junio, 27 de junio; 4 y 11 de julio en el horario de 9 y 30 a 12 horas, en la Casa del Bicentenario.<\/p>\n<p style=\"font-weight: 400;\">Direcci\u00f3n de Prensa-Municipalidad de Goya<\/p>\n","protected":false},"excerpt":{"rendered":"<p>\u201cCreando Puentes Comunicativos\u201d La inclusi\u00f3n se construye con acciones concretas, y una de ellas es aprender a comunicarse con todos, este viernes se dict\u00f3 la segunda clase de las 6 proyectadas en la capacitaci\u00f3n que brinda el CO.PRO.DIS (Consejo Provincial de Discapacidad), desde el Ministerio de Desarrollo Social de la Provincia en articulaci\u00f3n con la [&hellip;]<\/p>\n","protected":false},"author":2,"featured_media":23760,"comment_status":"closed","ping_status":"closed","sticky":false,"template":"","format":"standard","meta":{"footnotes":""},"categories":[56],"tags":[],"class_list":{"0":"post-23758","1":"post","2":"type-post","3":"status-publish","4":"format-standard","5":"has-post-thumbnail","7":"category-locales"},"_links":{"self":[{"href":"https:\/\/radiobitacora.com.ar\/web\/wp-json\/wp\/v2\/posts\/23758","targetHints":{"allow":["GET"]}}],"collection":[{"href":"https:\/\/radiobitacora.com.ar\/web\/wp-json\/wp\/v2\/posts"}],"about":[{"href":"https:\/\/radiobitacora.com.ar\/web\/wp-json\/wp\/v2\/types\/post"}],"author":[{"embeddable":true,"href":"https:\/\/radiobitacora.com.ar\/web\/wp-json\/wp\/v2\/users\/2"}],"replies":[{"embeddable":true,"href":"https:\/\/radiobitacora.com.ar\/web\/wp-json\/wp\/v2\/comments?post=23758"}],"version-history":[{"count":0,"href":"https:\/\/radiobitacora.com.ar\/web\/wp-json\/wp\/v2\/posts\/23758\/revisions"}],"wp:featuredmedia":[{"embeddable":true,"href":"https:\/\/radiobitacora.com.ar\/web\/wp-json\/wp\/v2\/media\/23760"}],"wp:attachment":[{"href":"https:\/\/radiobitacora.com.ar\/web\/wp-json\/wp\/v2\/media?parent=23758"}],"wp:term":[{"taxonomy":"category","embeddable":true,"href":"https:\/\/radiobitacora.com.ar\/web\/wp-json\/wp\/v2\/categories?post=23758"},{"taxonomy":"post_tag","embeddable":true,"href":"https:\/\/radiobitacora.com.ar\/web\/wp-json\/wp\/v2\/tags?post=23758"}],"curies":[{"name":"wp","href":"https:\/\/api.w.org\/{rel}","templated":true}]}}