{"id":23769,"date":"2025-06-09T09:27:30","date_gmt":"2025-06-09T12:27:30","guid":{"rendered":"https:\/\/radiobitacora.com.ar\/web\/?p=23769"},"modified":"2025-06-09T09:28:24","modified_gmt":"2025-06-09T12:28:24","slug":"espirometria-en-la-sala-cabecera","status":"publish","type":"post","link":"https:\/\/radiobitacora.com.ar\/web\/2025\/06\/09\/espirometria-en-la-sala-cabecera\/","title":{"rendered":"ESPIROMETR\u00cdA EN LA SALA CABECERA"},"content":{"rendered":"<p style=\"font-weight: 400;\">El s\u00e1bado de 9 a 12 horas, en la sala cabecera los Doctores Mat\u00edas Carpio y Romina Moiron realizaron este examen destinado a personas mayores de 40 a\u00f1os, fumadores, ex fumadores y con s\u00edntomas respiratorios.<\/p>\n<p style=\"font-weight: 400;\"><img loading=\"lazy\" decoding=\"async\" class=\"wp-image-23772 alignleft\" src=\"https:\/\/radiobitacora.com.ar\/web\/wp-content\/uploads\/2025\/06\/espirometria-gratuita-en-Sala-Cabcera-2.jpg\" alt=\"\" width=\"336\" height=\"224\" srcset=\"https:\/\/radiobitacora.com.ar\/web\/wp-content\/uploads\/2025\/06\/espirometria-gratuita-en-Sala-Cabcera-2.jpg 1600w, https:\/\/radiobitacora.com.ar\/web\/wp-content\/uploads\/2025\/06\/espirometria-gratuita-en-Sala-Cabcera-2-696x464.jpg 696w, https:\/\/radiobitacora.com.ar\/web\/wp-content\/uploads\/2025\/06\/espirometria-gratuita-en-Sala-Cabcera-2-1068x712.jpg 1068w, https:\/\/radiobitacora.com.ar\/web\/wp-content\/uploads\/2025\/06\/espirometria-gratuita-en-Sala-Cabcera-2-630x420.jpg 630w\" sizes=\"auto, (max-width: 336px) 100vw, 336px\" \/><\/p>\n<p style=\"font-weight: 400;\">En la oportunidad se examinaron a un total de 36 pacientes, efectu\u00e1ndose diagn\u00f3stico de EPOC (Enfermedad Pulmonar Obstructiva Cr\u00f3nica); en 4 de ellos, un en un grado muy severo<\/p>\n<p style=\"font-weight: 400;\">La enfermedad pulmonar obstructiva cr\u00f3nica (EPOC) es una enfermedad pulmonar com\u00fan que reduce el flujo de aire y causa problemas respiratorios. A veces se denomina \u00abenfisema\u00bb o \u00abbronquitis cr\u00f3nica\u00bb. En las personas con EPOC, la mucosidad puede da\u00f1ar u obstruir los pulmones<\/p>\n<p style=\"font-weight: 400;\">Desde la Subsecretar\u00eda de Salud y los profesionales m\u00e9dicos que desarrollaron la actividad recomiendan sobre la importancia de hacer controles en tiempo prudencial para evitar llegar tarde al diagn\u00f3stico.<\/p>\n<p style=\"font-weight: 400;\">Cuanto antes se diagnostique, antes se trata y evitan complicaciones.<\/p>\n<p><img loading=\"lazy\" decoding=\"async\" class=\"wp-image-23773 alignleft\" src=\"https:\/\/radiobitacora.com.ar\/web\/wp-content\/uploads\/2025\/06\/espirometria-gratuita-en-Sala-Cabcera-3.jpg\" alt=\"\" width=\"345\" height=\"230\" srcset=\"https:\/\/radiobitacora.com.ar\/web\/wp-content\/uploads\/2025\/06\/espirometria-gratuita-en-Sala-Cabcera-3.jpg 1600w, https:\/\/radiobitacora.com.ar\/web\/wp-content\/uploads\/2025\/06\/espirometria-gratuita-en-Sala-Cabcera-3-696x464.jpg 696w, https:\/\/radiobitacora.com.ar\/web\/wp-content\/uploads\/2025\/06\/espirometria-gratuita-en-Sala-Cabcera-3-1068x712.jpg 1068w, https:\/\/radiobitacora.com.ar\/web\/wp-content\/uploads\/2025\/06\/espirometria-gratuita-en-Sala-Cabcera-3-630x420.jpg 630w\" sizes=\"auto, (max-width: 345px) 100vw, 345px\" \/><\/p>\n<p style=\"font-weight: 400;\">Remarcando la principal sugerencia: \u00a1DEJAR DE FUMAR!!<\/p>\n<p style=\"font-weight: 400;\">Dejando el siguiente consejo m\u00e9dico: Si sos mayor de 40 a\u00f1os, fumas o fumaste y tenes\u00a0 falta de aire, tos o catarro, debes consultar.<\/p>\n<p style=\"font-weight: 400;\">Los Doctores Carpio y Moiron agradecieron al Subsecretario de APS Dr. Emilio Mart\u00ednez, , a la sala de cabecera de la Municipalidad de Goya y Enfermeros.<\/p>\n<p style=\"font-weight: 400;\">El titular de APS Municipal, Dr. Emilio Mart\u00ednez, reconoci\u00f3 que la jornada naci\u00f3 del compromiso y la vocaci\u00f3n de la Dra. Romina Moiron y del Dr. Mat\u00edas Carpio.<\/p>\n<p style=\"font-weight: 400;\">El Subsecretario de APS sobre la iniciativa, coment\u00f3: \u201cDos profesionales con vocaci\u00f3n, con ganas de hacer, de dar. Me lo contaron, lo pensamos juntos\u2026 y sin vueltas, lo hicimos realidad.\u201d<\/p>\n<p style=\"font-weight: 400;\">\u201cJuntos planificamos y organizamos una jornada gratuita de Espirometr\u00eda en la Asistencia Municipal (Sala Cabecera). Fue un trabajo en equipo, y eso es lo que m\u00e1s valoro.\u201d Acoto.<\/p>\n<p style=\"font-weight: 400;\"><img loading=\"lazy\" decoding=\"async\" class=\"wp-image-23774 alignleft\" src=\"https:\/\/radiobitacora.com.ar\/web\/wp-content\/uploads\/2025\/06\/espirometria-gratuita-en-Sala-Cabcera-4.jpg\" alt=\"\" width=\"323\" height=\"215\" srcset=\"https:\/\/radiobitacora.com.ar\/web\/wp-content\/uploads\/2025\/06\/espirometria-gratuita-en-Sala-Cabcera-4.jpg 1600w, https:\/\/radiobitacora.com.ar\/web\/wp-content\/uploads\/2025\/06\/espirometria-gratuita-en-Sala-Cabcera-4-696x464.jpg 696w, https:\/\/radiobitacora.com.ar\/web\/wp-content\/uploads\/2025\/06\/espirometria-gratuita-en-Sala-Cabcera-4-1068x712.jpg 1068w, https:\/\/radiobitacora.com.ar\/web\/wp-content\/uploads\/2025\/06\/espirometria-gratuita-en-Sala-Cabcera-4-630x420.jpg 630w\" sizes=\"auto, (max-width: 323px) 100vw, 323px\" \/><\/p>\n<p style=\"font-weight: 400;\">Finalmente evalu\u00f3 de suma importancia este gesto para se\u00f1alar: \u201cAs\u00ed se construye la salud p\u00fablica: con propuestas que nacen desde adentro, con profesionales que se involucran, y con una gesti\u00f3n que escucha y acompa\u00f1a.\u201d<\/p>\n<p style=\"font-weight: 400;\">\u201cEso nos recuerda todos los d\u00edas el Intendente Mariano Hormaechea: estar cerca, actuar con hechos, trabajar en red.\u201d Resumi\u00f3.<\/p>\n<p style=\"font-weight: 400;\">Dejando la siguiente apreciaci\u00f3n sobre la iniciativa: \u201cGracias por demostrar que cuando se trabaja con compromiso, los resultados llegan\u2026 y llegan a quien m\u00e1s lo necesita.\u201d<\/p>\n<p style=\"font-weight: 400;\">Goya hacia adelante. Con salud, con equipo, con coraz\u00f3n.<\/p>\n<p style=\"font-weight: 400;\">Direcci\u00f3n de Prensa-Municipalidad de Goya<\/p>\n","protected":false},"excerpt":{"rendered":"<p>El s\u00e1bado de 9 a 12 horas, en la sala cabecera los Doctores Mat\u00edas Carpio y Romina Moiron realizaron este examen destinado a personas mayores de 40 a\u00f1os, fumadores, ex fumadores y con s\u00edntomas respiratorios. En la oportunidad se examinaron a un total de 36 pacientes, efectu\u00e1ndose diagn\u00f3stico de EPOC (Enfermedad Pulmonar Obstructiva Cr\u00f3nica); en [&hellip;]<\/p>\n","protected":false},"author":2,"featured_media":23775,"comment_status":"closed","ping_status":"closed","sticky":false,"template":"","format":"standard","meta":{"footnotes":""},"categories":[69],"tags":[],"class_list":{"0":"post-23769","1":"post","2":"type-post","3":"status-publish","4":"format-standard","5":"has-post-thumbnail","7":"category-salud"},"_links":{"self":[{"href":"https:\/\/radiobitacora.com.ar\/web\/wp-json\/wp\/v2\/posts\/23769","targetHints":{"allow":["GET"]}}],"collection":[{"href":"https:\/\/radiobitacora.com.ar\/web\/wp-json\/wp\/v2\/posts"}],"about":[{"href":"https:\/\/radiobitacora.com.ar\/web\/wp-json\/wp\/v2\/types\/post"}],"author":[{"embeddable":true,"href":"https:\/\/radiobitacora.com.ar\/web\/wp-json\/wp\/v2\/users\/2"}],"replies":[{"embeddable":true,"href":"https:\/\/radiobitacora.com.ar\/web\/wp-json\/wp\/v2\/comments?post=23769"}],"version-history":[{"count":0,"href":"https:\/\/radiobitacora.com.ar\/web\/wp-json\/wp\/v2\/posts\/23769\/revisions"}],"wp:featuredmedia":[{"embeddable":true,"href":"https:\/\/radiobitacora.com.ar\/web\/wp-json\/wp\/v2\/media\/23775"}],"wp:attachment":[{"href":"https:\/\/radiobitacora.com.ar\/web\/wp-json\/wp\/v2\/media?parent=23769"}],"wp:term":[{"taxonomy":"category","embeddable":true,"href":"https:\/\/radiobitacora.com.ar\/web\/wp-json\/wp\/v2\/categories?post=23769"},{"taxonomy":"post_tag","embeddable":true,"href":"https:\/\/radiobitacora.com.ar\/web\/wp-json\/wp\/v2\/tags?post=23769"}],"curies":[{"name":"wp","href":"https:\/\/api.w.org\/{rel}","templated":true}]}}