{"id":23853,"date":"2025-06-11T09:42:09","date_gmt":"2025-06-11T12:42:09","guid":{"rendered":"https:\/\/radiobitacora.com.ar\/web\/?p=23853"},"modified":"2025-06-11T09:42:09","modified_gmt":"2025-06-11T12:42:09","slug":"los-mercados-festejan-que-cristina-quedo-fuera-de-la-competencia-electoral-pero-en-el-gobierno-hay-preocupacion","status":"publish","type":"post","link":"https:\/\/radiobitacora.com.ar\/web\/2025\/06\/11\/los-mercados-festejan-que-cristina-quedo-fuera-de-la-competencia-electoral-pero-en-el-gobierno-hay-preocupacion\/","title":{"rendered":"Los mercados festejan que Cristina qued\u00f3 fuera de la competencia electoral pero en el Gobierno hay preocupaci\u00f3n"},"content":{"rendered":"<p class=\"paragraph\" data-mrf-recirculation=\"Links inline\">La confirmaci\u00f3n de la condena contra Cristina Kirchner es un dato positivo para los activos argentinos, sobre todo porque la ex presidenta queda fuera de la contienda electoral. Las acciones argentinas ayer cotizaron firmes y terminaron en los m\u00e1ximos del d\u00eda, coincidiendo con los fuertes rumores de una inminente decisi\u00f3n de la Corte Suprema. Pero los razonamientos de los inversores posiblemente no resulten tan lineales, sobre todo observando lo que pas\u00f3 con Lula Da Silva en Brasil: de preso a Presidente casi sin escalas.<\/p>\n<p class=\"paragraph\" data-mrf-recirculation=\"Links inline\">Para los mercados financieros las\u00a0<b>elecciones legislativas<\/b>\u00a0tienen una gravitaci\u00f3n may\u00fascula. Luego del acuerdo con el FMI, las salida del cepo cambiario y la\u00a0<b>baja de la inflaci\u00f3n<\/b>, la pr\u00f3xima gran escala -de acuerdo a la visi\u00f3n de los inversores- es una victoria electoral del Gobierno en octubre. Se trata de un factor clave para consolidar la recuperaci\u00f3n de los activos argentinos y especialmente gatillar una baja adicional del riesgo pa\u00eds.<\/p>\n<p class=\"paragraph\" data-mrf-recirculation=\"Links inline\">La decisi\u00f3n de Cristina Kirchner de candidatearse para los comicios de la provincia de Buenos Aires del 7 de septiembre significaba de hecho un adelantamiento de los tiempos, teniendo en cuenta que la elecci\u00f3n nacional ser\u00e1 a fines de octubre. Pero desde el principio se intu\u00eda que aquella candidatura era testimonial, cuyo objetivo era proclamar una supuesta proscripci\u00f3n en caso de un fallo adverso. \u201cLe pusieron un cepo al voto popular\u201d, dijo ayer quien fuera justamente la creadora del\u00a0<b>cepo cambiario<\/b> tras conocerse el fallo adverso que la condena a prisi\u00f3n.<\/p>\n<p class=\"paragraph\" data-mrf-recirculation=\"Links inline\">Los mercados esperan una confirmaci\u00f3n del liderazgo de Javier Milei en las urnas y las perspectivas hasta ahora eran favorables. La Libertad Avanza viene sumando adhesiones en las elecciones provinciales y todo indica que se encamina a una victoria en octubre. Incluso la propia Cristina hab\u00eda reconocido el riesgo de derrota en la provincia de Buenos Aires, algo que al kirchnerismo ya le ocurri\u00f3 varias veces sobre todo en elecciones legislativas.<\/p>\n<p class=\"paragraph\" data-mrf-recirculation=\"Links inline\">Pero ahora habr\u00e1 que recalcular todo. La ausencia de Cristina implica una rival de fuste menos. Ella ya no podr\u00e1 contar con una victoria segura en los partidos del conurbano que conforman la tercera secci\u00f3n electoral, incluyendo La Matanza, Lomas de Zamora y Quilmes, entre otros.<\/p>\n<div class=\"visual__image\"><picture><source srcset=\"https:\/\/www.infobae.com\/resizer\/v2\/EZ6U74ZKPNEDRGU3Z37GCSXQAE.jpeg?auth=36d215616170c42b40cd65505dd84c4b2339a0350c454102b0e2405f2527e6fb&amp;smart=true&amp;width=992&amp;height=744&amp;quality=85\" media=\"(min-width: 1000px)\" \/><source srcset=\"https:\/\/www.infobae.com\/resizer\/v2\/EZ6U74ZKPNEDRGU3Z37GCSXQAE.jpeg?auth=36d215616170c42b40cd65505dd84c4b2339a0350c454102b0e2405f2527e6fb&amp;smart=true&amp;width=768&amp;height=576&amp;quality=85\" media=\"(min-width: 768px)\" \/><source srcset=\"https:\/\/www.infobae.com\/resizer\/v2\/EZ6U74ZKPNEDRGU3Z37GCSXQAE.jpeg?auth=36d215616170c42b40cd65505dd84c4b2339a0350c454102b0e2405f2527e6fb&amp;smart=true&amp;width=577&amp;height=433&amp;quality=85\" media=\"(min-width: 580px)\" \/><source srcset=\"https:\/\/www.infobae.com\/resizer\/v2\/EZ6U74ZKPNEDRGU3Z37GCSXQAE.jpeg?auth=36d215616170c42b40cd65505dd84c4b2339a0350c454102b0e2405f2527e6fb&amp;smart=true&amp;width=420&amp;height=315&amp;quality=85\" media=\"(min-width: 350px)\" \/><source srcset=\"https:\/\/www.infobae.com\/resizer\/v2\/EZ6U74ZKPNEDRGU3Z37GCSXQAE.jpeg?auth=36d215616170c42b40cd65505dd84c4b2339a0350c454102b0e2405f2527e6fb&amp;smart=true&amp;width=350&amp;height=263&amp;quality=85\" media=\"(min-width: 80px)\" \/><img loading=\"lazy\" decoding=\"async\" class=\"global-image\" src=\"https:\/\/www.infobae.com\/resizer\/v2\/EZ6U74ZKPNEDRGU3Z37GCSXQAE.jpeg?auth=36d215616170c42b40cd65505dd84c4b2339a0350c454102b0e2405f2527e6fb&amp;smart=true&amp;width=350&amp;height=263&amp;quality=85\" alt=\"Ayer comenzaron las protestas sociales,\" width=\"1600\" height=\"1200\" \/><\/picture>Ayer comenzaron las protestas sociales, uno de los temores de los inversores FOTO: CLAUDIO FANCHI\/NA.<\/div>\n<p class=\"paragraph\" data-mrf-recirculation=\"Links inline\">Pero a su vez esta decisi\u00f3n judicial es posible que ayude al peronismo a reagruparse y a ir unido a la elecci\u00f3n, lo que a su vez aumenta sus chances de un mejor papel. A su vez, Cristina tambi\u00e9n buscar\u00e1 victimizarse y sacar mayor r\u00e9dito pol\u00edtico de una situaci\u00f3n in\u00e9dita.<\/p>\n<p class=\"paragraph\" data-mrf-recirculation=\"Links inline\">Todo est\u00e1 por verse. La reacci\u00f3n inicial tras la confirmaci\u00f3n de la\u00a0<b>condena a Cristina<\/b>, el primer reflejo de los inversores, fue favorable. Pero ahora habr\u00e1 que esperar cu\u00e1les son los pr\u00f3ximos pasos de la oposici\u00f3n. Lo m\u00e1s inmediato y a su vez preocupante son posibles episodios violentos en las calles y posibles paros que ya fueron convocados por distintas organizaciones como se\u00f1al de protesta.<\/p>\n<p class=\"paragraph\" data-mrf-recirculation=\"Links inline\">La otra gran inc\u00f3gnita es seguir la reacci\u00f3n de la Casa Rosada. Con Javier Milei de visita en Israel, los comentarios de varios funcionarios -incluso el propio Presidente- fue desestimar el pacto de impunidad que denunciaban desde distintos sectores.<\/p>\n<p class=\"paragraph\" data-mrf-recirculation=\"Links inline\">Ahora se abren dos frentes para el Gobierno. Por un lado, contener las protestas sociales que ya arrancaron desde ayer en rutas y autopistas. La orden de Patricia Bullrich fue la de evitar que sucedan los cortes y mostrarse en control de la situaci\u00f3n.<\/p>\n<p class=\"paragraph\" data-mrf-recirculation=\"Links inline\">Claro que al mismo tiempo el oficialismo pierde el principal enemigo para confrontar, que es el kirchnerismo y en particular Cristina Kirchner. Claramente as\u00ed se desarroll\u00f3 la elecci\u00f3n porte\u00f1a hace un mes y el plan era replicarlo en todo el pa\u00eds, incluyendo la provincia de Buenos Aires. Pero el bombazo judicial de ayer obliga a repensar toda la estrategia de cara a octubre.<\/p>\n","protected":false},"excerpt":{"rendered":"<p>La confirmaci\u00f3n de la condena contra Cristina Kirchner es un dato positivo para los activos argentinos, sobre todo porque la ex presidenta queda fuera de la contienda electoral. Las acciones argentinas ayer cotizaron firmes y terminaron en los m\u00e1ximos del d\u00eda, coincidiendo con los fuertes rumores de una inminente decisi\u00f3n de la Corte Suprema. Pero [&hellip;]<\/p>\n","protected":false},"author":2,"featured_media":23854,"comment_status":"closed","ping_status":"closed","sticky":false,"template":"","format":"standard","meta":{"footnotes":""},"categories":[79],"tags":[],"class_list":{"0":"post-23853","1":"post","2":"type-post","3":"status-publish","4":"format-standard","5":"has-post-thumbnail","7":"category-politica"},"_links":{"self":[{"href":"https:\/\/radiobitacora.com.ar\/web\/wp-json\/wp\/v2\/posts\/23853","targetHints":{"allow":["GET"]}}],"collection":[{"href":"https:\/\/radiobitacora.com.ar\/web\/wp-json\/wp\/v2\/posts"}],"about":[{"href":"https:\/\/radiobitacora.com.ar\/web\/wp-json\/wp\/v2\/types\/post"}],"author":[{"embeddable":true,"href":"https:\/\/radiobitacora.com.ar\/web\/wp-json\/wp\/v2\/users\/2"}],"replies":[{"embeddable":true,"href":"https:\/\/radiobitacora.com.ar\/web\/wp-json\/wp\/v2\/comments?post=23853"}],"version-history":[{"count":0,"href":"https:\/\/radiobitacora.com.ar\/web\/wp-json\/wp\/v2\/posts\/23853\/revisions"}],"wp:featuredmedia":[{"embeddable":true,"href":"https:\/\/radiobitacora.com.ar\/web\/wp-json\/wp\/v2\/media\/23854"}],"wp:attachment":[{"href":"https:\/\/radiobitacora.com.ar\/web\/wp-json\/wp\/v2\/media?parent=23853"}],"wp:term":[{"taxonomy":"category","embeddable":true,"href":"https:\/\/radiobitacora.com.ar\/web\/wp-json\/wp\/v2\/categories?post=23853"},{"taxonomy":"post_tag","embeddable":true,"href":"https:\/\/radiobitacora.com.ar\/web\/wp-json\/wp\/v2\/tags?post=23853"}],"curies":[{"name":"wp","href":"https:\/\/api.w.org\/{rel}","templated":true}]}}