{"id":23894,"date":"2025-06-11T21:04:16","date_gmt":"2025-06-12T00:04:16","guid":{"rendered":"https:\/\/radiobitacora.com.ar\/web\/?p=23894"},"modified":"2025-06-11T21:07:18","modified_gmt":"2025-06-12T00:07:18","slug":"alex-aguinaga-fulmino-a-beccacece-tras-clasificar-a-ecuador-al-mundial-que-no-hable-humo-por-no-decir-otra-cosa","status":"publish","type":"post","link":"https:\/\/radiobitacora.com.ar\/web\/2025\/06\/11\/alex-aguinaga-fulmino-a-beccacece-tras-clasificar-a-ecuador-al-mundial-que-no-hable-humo-por-no-decir-otra-cosa\/","title":{"rendered":"\u00c1LEX AGUINAGA FULMIN\u00d3 A BECCACECE, TRAS CLASIFICAR A ECUADOR AL MUNDIAL: &#8220;QUE NO HABLE HUMO, POR NO DECIR OTRA COSA&#8221;&#8221;"},"content":{"rendered":"<p>El hist\u00f3rico jugador de la Tri critic\u00f3 al entrenador y mencion\u00f3 que &#8220;nunca vio&#8221; a la selecci\u00f3n y que &#8220;parece que sali\u00f3 de una cueva&#8221;.<\/p>\n<div class=\"containerGrid\">\n<div class=\"col6 author\">Pese a que\u00a0<a href=\"https:\/\/www.tycsports.com\/eliminatorias-conmebol\/la-ecuador-de-beccacece-al-mundial-empato-con-peru-que-depende-de-un-milagro-para-clasificar-id666473.html\" target=\"_blank\" rel=\"noopener\">Ecuador se clasific\u00f3 al Mundial 2026, tras empatar 0-0 con Per\u00fa<\/a>, el hist\u00f3rico jugador del Tri,\u00a0<b>\u00c1lex Aguinaga, critic\u00f3 duramente al entrenador Sebasti\u00e1n Beccacece\u00a0<\/b>por sus declaraciones, luego del encuentro disputado en el estadio Nacional de Lima.<\/div>\n<div>\n<p>El DT de 44 a\u00f1os destac\u00f3 el nivel de sus futbolistas jugando fuera del pa\u00eds:\u00a0<i>&#8220;Felicitar a este grupo de jugadores por esta valent\u00eda y coraje,\u00a0<b>no recuerdo a Ecuador jugando as\u00ed de visitante<\/b>. Estoy orgulloso de tener un grupo que\u00a0<b>nos representa a todo Ecuador, que protagoniza en cualquier lugar<\/b>&#8220;.<\/i><\/p>\n<p>Aguinaga replic\u00f3 a los dichos y aludi\u00f3 que el t\u00e9cnico jam\u00e1s observ\u00f3 al Tri, en una entrevista con La Radio Redonda:\u00a0<i>&#8220;<b>Nunca vio a Ecuador yo creo.<\/b>\u00a0Dile que le metimos cinco a Bolivia en Bolivia, en su momento le ganaron a Chile, a Argentina le ganaron 2-0 en la \u00e9poca de (Gustavo) Quinteros.\u00a0<b>Creo que no recuerda porque nunca ha visto, parece que sali\u00f3 de una cueva<\/b>&#8220;.<\/i><\/p>\n<p>&#8220;<i><b>Se acuerdan cuando a (Christian) Ben\u00edtez no le pitan un penal en Uruguay y Ecuador jug\u00f3 muy bien ese d\u00eda<\/b>. Y no estaba yo en la cancha para que no digan que solo me refiero cuando yo jugaba,\u00a0<b>yo hablo de las etapas que Ecuador ha tenido.\u00a0<\/b>A Brasil nosotros perdimos 3-2 jug\u00e1ndole un partidazo\u00a0<b>y al Brasil de Ronaldo, Rivaldo, de grandes figuras, no a este Brasil<\/b><\/i>&#8220;, a\u00f1adi\u00f3 el exjugador de 56 a\u00f1os.<\/p>\n<p><img loading=\"lazy\" decoding=\"async\" class=\"wp-image-23895 alignleft\" src=\"https:\/\/radiobitacora.com.ar\/web\/wp-content\/uploads\/2025\/06\/alex-aguinaga-critico-a-beccacece_862x485.webp\" alt=\"\" width=\"330\" height=\"186\" srcset=\"https:\/\/radiobitacora.com.ar\/web\/wp-content\/uploads\/2025\/06\/alex-aguinaga-critico-a-beccacece_862x485.webp 862w, https:\/\/radiobitacora.com.ar\/web\/wp-content\/uploads\/2025\/06\/alex-aguinaga-critico-a-beccacece_862x485-696x392.webp 696w, https:\/\/radiobitacora.com.ar\/web\/wp-content\/uploads\/2025\/06\/alex-aguinaga-critico-a-beccacece_862x485-746x420.webp 746w\" sizes=\"auto, (max-width: 330px) 100vw, 330px\" \/><\/p>\n<p>Previo al duelo ante el Bicolor, Aguinaga ya hab\u00eda opinado negativamente sobre Beccacece y coment\u00f3 que\u00a0<i>&#8220;<b>no le da gana de trabajar o ya tiene a la familia feliz&#8221;<\/b><\/i>: Y agreg\u00f3:\u00a0<i>&#8220;Entiendo que Enner (Valencia) y Leo (Campana) est\u00e1n lesionados. (Kevin) Rodr\u00edguez hizo un gol en todo el a\u00f1os, tienes a (Miguel) Parrales, Byron Palacios y Daniel Valencia,<b>\u00a0por lo menos ten la decencia, ya ni siquiera hablar de profesionalismo porque a veces la palabra lo sobrepasa, de probarlos&#8221;.<\/b><\/i><\/p>\n<\/div>\n<\/div>\n","protected":false},"excerpt":{"rendered":"<p>El hist\u00f3rico jugador de la Tri critic\u00f3 al entrenador y mencion\u00f3 que &#8220;nunca vio&#8221; a la selecci\u00f3n y que &#8220;parece que sali\u00f3 de una cueva&#8221;. Pese a que\u00a0Ecuador se clasific\u00f3 al Mundial 2026, tras empatar 0-0 con Per\u00fa, el hist\u00f3rico jugador del Tri,\u00a0\u00c1lex Aguinaga, critic\u00f3 duramente al entrenador Sebasti\u00e1n Beccacece\u00a0por sus declaraciones, luego del encuentro [&hellip;]<\/p>\n","protected":false},"author":2,"featured_media":23896,"comment_status":"closed","ping_status":"closed","sticky":false,"template":"","format":"standard","meta":{"footnotes":""},"categories":[78],"tags":[],"class_list":{"0":"post-23894","1":"post","2":"type-post","3":"status-publish","4":"format-standard","5":"has-post-thumbnail","7":"category-deportes"},"_links":{"self":[{"href":"https:\/\/radiobitacora.com.ar\/web\/wp-json\/wp\/v2\/posts\/23894","targetHints":{"allow":["GET"]}}],"collection":[{"href":"https:\/\/radiobitacora.com.ar\/web\/wp-json\/wp\/v2\/posts"}],"about":[{"href":"https:\/\/radiobitacora.com.ar\/web\/wp-json\/wp\/v2\/types\/post"}],"author":[{"embeddable":true,"href":"https:\/\/radiobitacora.com.ar\/web\/wp-json\/wp\/v2\/users\/2"}],"replies":[{"embeddable":true,"href":"https:\/\/radiobitacora.com.ar\/web\/wp-json\/wp\/v2\/comments?post=23894"}],"version-history":[{"count":0,"href":"https:\/\/radiobitacora.com.ar\/web\/wp-json\/wp\/v2\/posts\/23894\/revisions"}],"wp:featuredmedia":[{"embeddable":true,"href":"https:\/\/radiobitacora.com.ar\/web\/wp-json\/wp\/v2\/media\/23896"}],"wp:attachment":[{"href":"https:\/\/radiobitacora.com.ar\/web\/wp-json\/wp\/v2\/media?parent=23894"}],"wp:term":[{"taxonomy":"category","embeddable":true,"href":"https:\/\/radiobitacora.com.ar\/web\/wp-json\/wp\/v2\/categories?post=23894"},{"taxonomy":"post_tag","embeddable":true,"href":"https:\/\/radiobitacora.com.ar\/web\/wp-json\/wp\/v2\/tags?post=23894"}],"curies":[{"name":"wp","href":"https:\/\/api.w.org\/{rel}","templated":true}]}}