{"id":23898,"date":"2025-06-12T09:05:21","date_gmt":"2025-06-12T12:05:21","guid":{"rendered":"https:\/\/radiobitacora.com.ar\/web\/?p=23898"},"modified":"2025-06-12T09:05:21","modified_gmt":"2025-06-12T12:05:21","slug":"el-intendente-mariano-hormaechea-presidio-la-inauguracion-de-la-calle-12-de-octubre-en-la-zona-sur-de-goya","status":"publish","type":"post","link":"https:\/\/radiobitacora.com.ar\/web\/2025\/06\/12\/el-intendente-mariano-hormaechea-presidio-la-inauguracion-de-la-calle-12-de-octubre-en-la-zona-sur-de-goya\/","title":{"rendered":"EL INTENDENTE MARIANO HORMAECHEA PRESIDI\u00d3 LA INAUGURACI\u00d3N DE LA CALLE 12 DE OCTUBRE EN LA ZONA SUR DE GOYA"},"content":{"rendered":"<p style=\"font-weight: 400;\">Programa \u201cMita y Mita\u201d<\/p>\n<p style=\"font-weight: 400;\">NUEVA CUADRA INAUGURADA ENTRE VECINOS Y MUNICIPIO<\/p>\n<p style=\"font-weight: 400;\">Durante el acto de inauguraci\u00f3n de la cuadra 12 de octubre, entre Francisco de Soto y Cortada Clarisa Muniagurria, en el sector de los Barrios Santa Rosa de Lima y Madre Teresa de Calcuta, los vecinos agradecieron la obra de contar con pavimento en hormig\u00f3n armado, porque \u201cmejora la calidad del barrio y valoriza nuestras propiedades\u201d<\/p>\n<p style=\"font-weight: 400;\">El Intendente Mariano Hormaechea, en la ocasi\u00f3n hizo importantes anuncios, uno a la pr\u00f3xima presentaci\u00f3n el mi\u00e9rcoles 18 de junio de \u201cla tercera etapa del Programa Mita y Mita con la novedad de incorporar el arreglo de las veredas\u201d, destacando que antes de fin de a\u00f1o se cumplir\u00e1 con cerca de 75 cuadras asfaltadas\u201d; asimismo destac\u00f3 el acompa\u00f1amiento de los 8 concejales para la aprobaci\u00f3n del proyecto de la \u201cconstrucci\u00f3n de la nueva terminal\u201d, el Jefe Comunal inform\u00f3 que desde el jueves \u201cSe dar\u00e1 inicio al Plan Integral de Bacheo en la ciudad\u201d y por \u00faltimo agradeciendo a la decisi\u00f3n del Gobierno de la Provincia, anunci\u00f3 la posibilidad de \u201campliar la actividad del Frigor\u00edfico Goya, siendo el 2\u00ba en faena de la provincia\u201d<\/p>\n<p style=\"font-weight: 400;\"><img loading=\"lazy\" decoding=\"async\" class=\"wp-image-23899 alignleft\" src=\"https:\/\/radiobitacora.com.ar\/web\/wp-content\/uploads\/2025\/06\/MITA-Y-MITA-NUEVA-INAUGRUACION-1-WALTER-GUTIERREZ-VECINO.jpg\" alt=\"\" width=\"407\" height=\"271\" srcset=\"https:\/\/radiobitacora.com.ar\/web\/wp-content\/uploads\/2025\/06\/MITA-Y-MITA-NUEVA-INAUGRUACION-1-WALTER-GUTIERREZ-VECINO.jpg 1600w, https:\/\/radiobitacora.com.ar\/web\/wp-content\/uploads\/2025\/06\/MITA-Y-MITA-NUEVA-INAUGRUACION-1-WALTER-GUTIERREZ-VECINO-696x464.jpg 696w, https:\/\/radiobitacora.com.ar\/web\/wp-content\/uploads\/2025\/06\/MITA-Y-MITA-NUEVA-INAUGRUACION-1-WALTER-GUTIERREZ-VECINO-1068x712.jpg 1068w, https:\/\/radiobitacora.com.ar\/web\/wp-content\/uploads\/2025\/06\/MITA-Y-MITA-NUEVA-INAUGRUACION-1-WALTER-GUTIERREZ-VECINO-630x420.jpg 630w\" sizes=\"auto, (max-width: 407px) 100vw, 407px\" \/><\/p>\n<p style=\"font-weight: 400;\">Junto al Intendente Mariano Hormaechea, participaron de la actividad, el Vicepresidente 1\u00ba del HCD Concejal Marcelo Frattini, la presidente del Barrio Santa Rosa de Lima, Anal\u00eda Fern\u00e1ndez; funcionarios municipales, concejales, presidentes barriales y p\u00fablico en general.<\/p>\n<p style=\"font-weight: 400;\">\n<p style=\"font-weight: 400;\">WALTER GUTIERREZ<\/p>\n<p style=\"font-weight: 400;\">El vecino, frentistas, encargado de juntar los recursos para la compra de las bolsas de cemento, Walter Guti\u00e9rrez, expres\u00f3 su agradecimiento al Intendente, a la Municipalidad y a cada vecino, para se\u00f1alar: \u201cGracias por el aporte de la Municipalidad, el esfuerzo de cada vecino para la adquisici\u00f3n de la mitad correspondiente a nosotros, cada colaboraci\u00f3n ha sido importante, incluso aquellos vecinos que nos compraban los beneficios ofrecidos, esto no es un asfalto m\u00e1s, es el resultado de un arduo trabajo, significa mucho para nosotros, es la puesta en valor de nuestras propiedades y de todo el barrio, invitamos a los vecinos de todos los barrios a sumarse a esta iniciativa que nos mejora la calidad de vida, gracias a todos.\u201d<\/p>\n<p style=\"font-weight: 400;\">ANALIA FERNANDEZ<\/p>\n<p style=\"font-weight: 400;\">La presidente del Barrio Santa Rosa de Lima Anal\u00eda Fern\u00e1ndez, reconoci\u00f3 el trabajo de los vecinos frentistas, de la Municipalidad, agradeci\u00f3 al Intendente Mariano Hormaechea, para sostener: \u201cEste es un ejemplo del trabajo de los frentistas para lograr su asfalto y dar un mejor bienestar a los vecinos, poniendo en valor la propiedad y el barrio, felicitaciones y muchas gracias.\u201d<\/p>\n<p>&nbsp;<\/p>\n<p><img loading=\"lazy\" decoding=\"async\" class=\"wp-image-23900 alignleft\" src=\"https:\/\/radiobitacora.com.ar\/web\/wp-content\/uploads\/2025\/06\/MITA-Y-MITA-NUEVA-INAUGRUACION-3-DIRECTORA-FORTALECIMIENTO-SILVINA-RAMIREZ.jpg\" alt=\"\" width=\"356\" height=\"237\" srcset=\"https:\/\/radiobitacora.com.ar\/web\/wp-content\/uploads\/2025\/06\/MITA-Y-MITA-NUEVA-INAUGRUACION-3-DIRECTORA-FORTALECIMIENTO-SILVINA-RAMIREZ.jpg 1600w, https:\/\/radiobitacora.com.ar\/web\/wp-content\/uploads\/2025\/06\/MITA-Y-MITA-NUEVA-INAUGRUACION-3-DIRECTORA-FORTALECIMIENTO-SILVINA-RAMIREZ-696x464.jpg 696w, https:\/\/radiobitacora.com.ar\/web\/wp-content\/uploads\/2025\/06\/MITA-Y-MITA-NUEVA-INAUGRUACION-3-DIRECTORA-FORTALECIMIENTO-SILVINA-RAMIREZ-1068x712.jpg 1068w, https:\/\/radiobitacora.com.ar\/web\/wp-content\/uploads\/2025\/06\/MITA-Y-MITA-NUEVA-INAUGRUACION-3-DIRECTORA-FORTALECIMIENTO-SILVINA-RAMIREZ-630x420.jpg 630w\" sizes=\"auto, (max-width: 356px) 100vw, 356px\" \/><\/p>\n<p style=\"font-weight: 400;\">\n<p style=\"font-weight: 400;\">SILVINA RAMIREZ<\/p>\n<p style=\"font-weight: 400;\">La Directora de Fortalecimiento Familiar, Silvina Ramirez, al hacer uso de la palabra, record\u00f3 que su adolescencia pas\u00f3 en ese barrio, porque su familia sali\u00f3 adjudicada con una casa del INVICO, volver despu\u00e9s de tantos a\u00f1os, ver esto es: \u201cGratificante, tener a mis padres en el lugar, con la calle asfaltada es algo muy lindo, facilitando la salida, el tr\u00e1nsito, la limpieza, estas acciones impulsan a que todos debemos trabajar en este programa \u201cMita y Mita\u201d para mejorar la calidad de los vecinos, reconociendo el esfuerzo que hacen para la recolecci\u00f3n de las bolsas de cemento, se merecen el aplauso por esta voluntad manifiesta, gracias, quiero contarles que ahora en mi barrio tambi\u00e9n nos juntamos los vecinos para el asfalto de la cuadra, por eso hay que valorar el programa y afianzar esta relaci\u00f3n de confianza con\u00a0 el vecino y la Municipalidad.\u201d<\/p>\n<p style=\"font-weight: 400;\"><img loading=\"lazy\" decoding=\"async\" class=\"wp-image-23901 alignleft\" src=\"https:\/\/radiobitacora.com.ar\/web\/wp-content\/uploads\/2025\/06\/MITA-Y-MITA-NUEVA-INAUGRUACION-4.jpg\" alt=\"\" width=\"332\" height=\"221\" srcset=\"https:\/\/radiobitacora.com.ar\/web\/wp-content\/uploads\/2025\/06\/MITA-Y-MITA-NUEVA-INAUGRUACION-4.jpg 1600w, https:\/\/radiobitacora.com.ar\/web\/wp-content\/uploads\/2025\/06\/MITA-Y-MITA-NUEVA-INAUGRUACION-4-696x464.jpg 696w, https:\/\/radiobitacora.com.ar\/web\/wp-content\/uploads\/2025\/06\/MITA-Y-MITA-NUEVA-INAUGRUACION-4-1068x712.jpg 1068w, https:\/\/radiobitacora.com.ar\/web\/wp-content\/uploads\/2025\/06\/MITA-Y-MITA-NUEVA-INAUGRUACION-4-630x420.jpg 630w\" sizes=\"auto, (max-width: 332px) 100vw, 332px\" \/><\/p>\n<p style=\"font-weight: 400;\">MARIANO HORMAECHEA<\/p>\n<p style=\"font-weight: 400;\">El Intendente Mariano Hormaechea, al dirigirse a los presentes, vecinos, funcionarios municipales, concejales, presidentes barriales, destac\u00f3 el avance del programa que permite estar llegando a los turnos otorgados, incluso anticip\u00f3 que antes de fin de a\u00f1o se estar\u00eda en las 75 cuadras, por medio del \u201cMita y Mita\u201d, para manifestar: \u201cEstamos contentos porque tenemos continuidad en las inauguraciones en este importante programa, reflejadas en las palabras de los vecinos, en relaci\u00f3n al significado del Mita y Mita; que posibilita desarrollar la ciudad, con pavimento, cord\u00f3n cuneta, estamos llegando a las 70 cuadras comprometidos, en la \u00faltima reuni\u00f3n mantenida proyectamos llegar a los 75 turnos dados, antes de fin de a\u00f1o estaremos cumpliendo, ese objetivo, esto como resultados del trabajo del equipo municipal, la Direcci\u00f3n de Consejos Vecinales, el Plenario de Consejos Vecinales, en esta segunda etapa, hemos planteado para avanzar en este sentido, hoy podemos anunciar que el pr\u00f3ximo mi\u00e9rcoles 18 de junio, estaremos convocando para la presentaci\u00f3n de la 3\u00aa edici\u00f3n del programa, donde incluiremos una nueva iniciativa el mejoramiento de las veredas, ah\u00ed daremos a conocer detalles.\u201d<\/p>\n<p style=\"font-weight: 400;\">\n<p style=\"font-weight: 400;\">NUEVA TERMINAL<\/p>\n<p style=\"font-weight: 400;\">El jefe comunal en sus palabras, indic\u00f3: \u201cPara los goyanos, para nosotros como equipo municipal, ha sido un d\u00eda muy importante, porque 8 concejales, en la sesi\u00f3n del HCD, nuestros concejales aprobaron con su votaci\u00f3n 8 a 7 el proyecto de la nueva terminal, agradezco p\u00fablicamente a Marcelo Frattini; Vivian Merlo; Susana Quiroz; M\u00f3nica Cortinovis; Gabriela Refojos; Jorge Zorzoli; Sebasti\u00e1n Mazzaro y Jos\u00e9 Novello; reitero mi agradecimiento porque nos permite avanzar sobre la nueva terminal. Convocaremos a toda la ciudadan\u00eda sobre el proyecto, c\u00f3mo ser\u00e1 esta nueva terminal, a la C\u00e1mara Empresarial, la Asociaci\u00f3n de Comercio, a los comerciantes que est\u00e1n en la zona de la actual terminal, quer\u00eda que sepan de esta aprobaci\u00f3n dada por estos concejales, en la sesi\u00f3n del mi\u00e9rcoles.<\/p>\n<p style=\"font-weight: 400;\">\n<p style=\"font-weight: 400;\">PLAN BACHEO<\/p>\n<p style=\"font-weight: 400;\">\u201cOtro aspecto que es bueno poder contar, es a partir de este jueves, estaremos arrancando con el Plan Integral de Bacheo, hemos relevado la situaci\u00f3n de las calles, trataremos de molestar lo menos posible al vecino, es necesario, sobre todo en la zona c\u00e9ntrica, ser\u00e1 con Obras P\u00fablicas para mejorar la ciudad.\u201d A\u00f1adi\u00f3 el Intendente<\/p>\n<p style=\"font-weight: 400;\">AMPLIACI\u00d3N FRIGOR\u00cdFICO<\/p>\n<p style=\"font-weight: 400;\">Finalmente Mariano Hormaechea, informo: \u201cEs un d\u00eda importante de anuncios, el Gobernador present\u00f3 la ayuda financiada por el FODIN (FODIN N\u00b05684, que permitir\u00e1 canalizar recursos hacia inversiones clave para la modernizaci\u00f3n, adecuaci\u00f3n sanitaria y ampliaci\u00f3n de capacidad en plantas de faena); \u00a0que permitir\u00e1 la ampliaci\u00f3n del Frigor\u00edfico Goya, que es el segundo en la faena en la provincia, podremos avanzar en la ampliaci\u00f3n del frigor\u00edfico, tan \u00fatil tan necesaria, gracias a los vecinos por la confianza depositada en este equipo municipal, nosotros seguiremos llevando adelante el proyecto de ciudad planteado a los goyanos, siempre hacia adelante.\u201d<\/p>\n<p style=\"font-weight: 400;\">\n<p style=\"font-weight: 400;\">CORTE DE CINTAS<\/p>\n<p style=\"font-weight: 400;\">Tras lo cual el Intendente Municipal Mariano Hormaechea, junto a los vecinos del barrio, presidentes barriales, funcionarios municipales y concejales, procedieron al tradicional corte de cintas para dejar oficialmente inaugurada la calle 12 de octubre, en la zona de los Barrios Santa Rosa de Lima y Madre Teresa de Calcuta.<\/p>\n<p style=\"font-weight: 400;\">\n<p style=\"font-weight: 400;\">Direcci\u00f3n de Prensa-Municipalidad de Goya<\/p>\n","protected":false},"excerpt":{"rendered":"<p>Programa \u201cMita y Mita\u201d NUEVA CUADRA INAUGURADA ENTRE VECINOS Y MUNICIPIO Durante el acto de inauguraci\u00f3n de la cuadra 12 de octubre, entre Francisco de Soto y Cortada Clarisa Muniagurria, en el sector de los Barrios Santa Rosa de Lima y Madre Teresa de Calcuta, los vecinos agradecieron la obra de contar con pavimento en [&hellip;]<\/p>\n","protected":false},"author":2,"featured_media":23902,"comment_status":"closed","ping_status":"closed","sticky":false,"template":"","format":"standard","meta":{"footnotes":""},"categories":[56],"tags":[],"class_list":{"0":"post-23898","1":"post","2":"type-post","3":"status-publish","4":"format-standard","5":"has-post-thumbnail","7":"category-locales"},"_links":{"self":[{"href":"https:\/\/radiobitacora.com.ar\/web\/wp-json\/wp\/v2\/posts\/23898","targetHints":{"allow":["GET"]}}],"collection":[{"href":"https:\/\/radiobitacora.com.ar\/web\/wp-json\/wp\/v2\/posts"}],"about":[{"href":"https:\/\/radiobitacora.com.ar\/web\/wp-json\/wp\/v2\/types\/post"}],"author":[{"embeddable":true,"href":"https:\/\/radiobitacora.com.ar\/web\/wp-json\/wp\/v2\/users\/2"}],"replies":[{"embeddable":true,"href":"https:\/\/radiobitacora.com.ar\/web\/wp-json\/wp\/v2\/comments?post=23898"}],"version-history":[{"count":0,"href":"https:\/\/radiobitacora.com.ar\/web\/wp-json\/wp\/v2\/posts\/23898\/revisions"}],"wp:featuredmedia":[{"embeddable":true,"href":"https:\/\/radiobitacora.com.ar\/web\/wp-json\/wp\/v2\/media\/23902"}],"wp:attachment":[{"href":"https:\/\/radiobitacora.com.ar\/web\/wp-json\/wp\/v2\/media?parent=23898"}],"wp:term":[{"taxonomy":"category","embeddable":true,"href":"https:\/\/radiobitacora.com.ar\/web\/wp-json\/wp\/v2\/categories?post=23898"},{"taxonomy":"post_tag","embeddable":true,"href":"https:\/\/radiobitacora.com.ar\/web\/wp-json\/wp\/v2\/tags?post=23898"}],"curies":[{"name":"wp","href":"https:\/\/api.w.org\/{rel}","templated":true}]}}