{"id":23911,"date":"2025-06-12T11:28:10","date_gmt":"2025-06-12T14:28:10","guid":{"rendered":"https:\/\/radiobitacora.com.ar\/web\/?p=23911"},"modified":"2025-06-12T11:28:10","modified_gmt":"2025-06-12T14:28:10","slug":"milei-hablo-de-la-condena-a-cfk-soy-el-primer-presidente-que-no-interfiere-con-la-justicia-y-los-resultados-estan-a-la-vista","status":"publish","type":"post","link":"https:\/\/radiobitacora.com.ar\/web\/2025\/06\/12\/milei-hablo-de-la-condena-a-cfk-soy-el-primer-presidente-que-no-interfiere-con-la-justicia-y-los-resultados-estan-a-la-vista\/","title":{"rendered":"Milei habl\u00f3 de la condena a CFK: \u201cSoy el primer presidente que no interfiere con la Justicia y los resultados est\u00e1n a la vista\u201d"},"content":{"rendered":"<p class=\"paragraph\" data-mrf-recirculation=\"Links inline\"><b>Javier Milei<\/b>\u00a0<b>habl\u00f3 por primera vez en p\u00fablico<\/b>\u00a0sobre el fallo que\u00a0<b>confirm\u00f3 la condena a Cristina Kirchner<\/b>\u00a0por los\u00a0<b>negociados con L\u00e1zaro B\u00e1ez\u00a0<\/b>en Santa Cruz.<\/p>\n<p class=\"paragraph\" data-mrf-recirculation=\"Links inline\">El presidente ofreci\u00f3 una\u00a0<b>clase magistral<\/b>\u00a0en la\u00a0<b>Universidad Hebrea de Jerusal\u00e9n\u00a0<\/b>frente cientos de estudiantes que ocuparon el aula Magna. En un momento\u00a0<b>dej\u00f3 de leer su discurso<\/b>, y se refiri\u00f3 al\u00a0<b>hecho judicial\u00a0<\/b>que\u00a0<b>impact\u00f3 de lleno<\/b> en la agenda pol\u00edtica de la Argentina.<\/p>\n<p class=\"paragraph\" data-mrf-recirculation=\"Links inline\"><b>\u201cAl ser el primer presidente que no interfiere con la Justicia,<\/b>\u00a0<b>los resultados est\u00e1n a la vista y la Justicia independiente hizo lo que ten\u00eda que hacer\u201d,<\/b> asegur\u00f3 el presidente en la Universidad Hebrea.<\/p>\n<p class=\"paragraph\" data-mrf-recirculation=\"Links inline\">Y a\u00f1adi\u00f3:\u00a0<b>\u201cTodo es m\u00e9rito del Poder Judicial, de la Corte Suprema<\/b>.\u00a0<b>Lo \u00fanico que puedo decir es que he sido consistente con mi visi\u00f3n republicana,<\/b> y dejar que los jueces actuaran libremente\u201d.<\/p>\n<p class=\"paragraph\" data-mrf-recirculation=\"Links inline\">A continuaci\u00f3n,<b> los aplausos sonaron durante segundos.<\/b><\/p>\n<p class=\"paragraph\" data-mrf-recirculation=\"Links inline\">Adem\u00e1s de aludir a la decisi\u00f3n judicial, la frase pareciera estar dirigida tambi\u00e9n a otros gobiernos y mandatarios que durante su paso por la Casa Rosada estuvieron muy pendientes de las decisiones de los tribunales.<\/p>\n<div class=\"visual__image\"><picture><source srcset=\"https:\/\/www.infobae.com\/resizer\/v2\/UVFBQC2CKNF2PE43QWRWWN6YG4.jpg?auth=367b2fc0a0238bec245fc0039d6340b70408c2b7216413b6270ee15a91089142&amp;smart=true&amp;width=992&amp;height=558&amp;quality=85\" media=\"(min-width: 1000px)\" \/><source srcset=\"https:\/\/www.infobae.com\/resizer\/v2\/UVFBQC2CKNF2PE43QWRWWN6YG4.jpg?auth=367b2fc0a0238bec245fc0039d6340b70408c2b7216413b6270ee15a91089142&amp;smart=true&amp;width=768&amp;height=432&amp;quality=85\" media=\"(min-width: 768px)\" \/><source srcset=\"https:\/\/www.infobae.com\/resizer\/v2\/UVFBQC2CKNF2PE43QWRWWN6YG4.jpg?auth=367b2fc0a0238bec245fc0039d6340b70408c2b7216413b6270ee15a91089142&amp;smart=true&amp;width=577&amp;height=325&amp;quality=85\" media=\"(min-width: 580px)\" \/><source srcset=\"https:\/\/www.infobae.com\/resizer\/v2\/UVFBQC2CKNF2PE43QWRWWN6YG4.jpg?auth=367b2fc0a0238bec245fc0039d6340b70408c2b7216413b6270ee15a91089142&amp;smart=true&amp;width=420&amp;height=236&amp;quality=85\" media=\"(min-width: 350px)\" \/><source srcset=\"https:\/\/www.infobae.com\/resizer\/v2\/UVFBQC2CKNF2PE43QWRWWN6YG4.jpg?auth=367b2fc0a0238bec245fc0039d6340b70408c2b7216413b6270ee15a91089142&amp;smart=true&amp;width=350&amp;height=197&amp;quality=85\" media=\"(min-width: 80px)\" \/><img loading=\"lazy\" decoding=\"async\" class=\"global-image\" src=\"https:\/\/www.infobae.com\/resizer\/v2\/UVFBQC2CKNF2PE43QWRWWN6YG4.jpg?auth=367b2fc0a0238bec245fc0039d6340b70408c2b7216413b6270ee15a91089142&amp;smart=true&amp;width=350&amp;height=197&amp;quality=85\" alt=\"Javier Milei ofreci\u00f3 una clase\" width=\"1920\" height=\"1080\" \/><\/picture>Javier Milei ofreci\u00f3 una clase magistral en la Universidad Hebrea de Jerusal\u00e9n<\/div>\n<p class=\"paragraph\" data-mrf-recirculation=\"Links inline\">Milei sigui\u00f3 las alternativas<b>\u00a0<\/b>sobre el fallo de la Corte\u00a0<b>desde Jerusal\u00e9n,<\/b>\u00a0pero\u00a0<b>evit\u00f3 en ese momento<\/b>\u00a0las declaraciones p\u00fablicas o los posteos en X.<\/p>\n<p class=\"paragraph\" data-mrf-recirculation=\"Links inline\">S\u00f3lo\u00a0<b>se comunicaba a Buenos Aires<\/b>\u00a0para tener informaci\u00f3n actualizada, al margen de las noticias publicadas en los medios.<\/p>\n<p class=\"paragraph\" data-mrf-recirculation=\"Links inline\">Pero cerca de la medianoche en Jerusal\u00e9n,\u00a0<b>cuando la noticia volaba desde la Argentina al mundo,<\/b>\u00a0el presidente poste\u00f3 lac\u00f3nico en su cuenta oficial en X.<\/p>\n<p class=\"paragraph\" data-mrf-recirculation=\"Links inline\"><b>\u201cJusticia. Fin\u201d<\/b>, escribi\u00f3 al estilo\u00a0<b>Manuel Adorni<\/b>, su vocero.<\/p>\n<div class=\"visual__image\"><picture><source srcset=\"https:\/\/www.infobae.com\/resizer\/v2\/KRFBLEUV6JEBRN6V73S7A5TN64.JPG?auth=0f2706bc240499627a8cda679fb2eb3e14dce090be82fda2c4ac6e5d7b09b6cd&amp;smart=true&amp;width=992&amp;height=661&amp;quality=85\" media=\"(min-width: 1000px)\" \/><source srcset=\"https:\/\/www.infobae.com\/resizer\/v2\/KRFBLEUV6JEBRN6V73S7A5TN64.JPG?auth=0f2706bc240499627a8cda679fb2eb3e14dce090be82fda2c4ac6e5d7b09b6cd&amp;smart=true&amp;width=768&amp;height=512&amp;quality=85\" media=\"(min-width: 768px)\" \/><source srcset=\"https:\/\/www.infobae.com\/resizer\/v2\/KRFBLEUV6JEBRN6V73S7A5TN64.JPG?auth=0f2706bc240499627a8cda679fb2eb3e14dce090be82fda2c4ac6e5d7b09b6cd&amp;smart=true&amp;width=577&amp;height=385&amp;quality=85\" media=\"(min-width: 580px)\" \/><source srcset=\"https:\/\/www.infobae.com\/resizer\/v2\/KRFBLEUV6JEBRN6V73S7A5TN64.JPG?auth=0f2706bc240499627a8cda679fb2eb3e14dce090be82fda2c4ac6e5d7b09b6cd&amp;smart=true&amp;width=420&amp;height=280&amp;quality=85\" media=\"(min-width: 350px)\" \/><source srcset=\"https:\/\/www.infobae.com\/resizer\/v2\/KRFBLEUV6JEBRN6V73S7A5TN64.JPG?auth=0f2706bc240499627a8cda679fb2eb3e14dce090be82fda2c4ac6e5d7b09b6cd&amp;smart=true&amp;width=350&amp;height=233&amp;quality=85\" media=\"(min-width: 80px)\" \/><img loading=\"lazy\" decoding=\"async\" class=\"global-image\" src=\"https:\/\/www.infobae.com\/resizer\/v2\/KRFBLEUV6JEBRN6V73S7A5TN64.JPG?auth=0f2706bc240499627a8cda679fb2eb3e14dce090be82fda2c4ac6e5d7b09b6cd&amp;smart=true&amp;width=350&amp;height=233&amp;quality=85\" alt=\"Cristina Fern\u00e1ndez de Kirchner sale\" width=\"3977\" height=\"2651\" \/><\/picture>Cristina Fern\u00e1ndez de Kirchner sale al balc\u00f3n de su casa tras sufrir una condena de seis a\u00f1os por corrupci\u00f3n p\u00fablica<\/div>\n<p class=\"paragraph\" data-mrf-recirculation=\"Links inline\">La opini\u00f3n de Milei fue\u00a0<b>espont\u00e1nea\u00a0<\/b>en la Universidad Hebrea,\u00a0<b>pero la sombra de CFK\u00a0<\/b>apareci\u00f3 durante toda la gira presidencial por Jerusal\u00e9n.<\/p>\n<p class=\"paragraph\" data-mrf-recirculation=\"Links inline\">En Israel\u00a0<b>no se olvidan\u00a0<\/b>del\u00a0<b>memorando\u00a0<\/b>firmado por Cristina Fern\u00e1ndez con\u00a0<b>el regimen de Ir\u00e1n\u00a0<\/b>para cerrar la causa AMIA y\u00a0<b>evitar la condena<\/b>\u00a0a los terroristas que recibieron instrucciones de Teher\u00e1n.<\/p>\n<p class=\"paragraph\" data-mrf-recirculation=\"Links inline\"><b>Tambi\u00e9n se recuerda el asesinato del fiscal federal Alberto Nisman,<\/b>\u00a0que hab\u00eda\u00a0<b>presentado\u00a0<\/b>una denuncia penal contra la expresidenta por su memo con Ir\u00e1n.<\/p>\n<p class=\"paragraph\" data-mrf-recirculation=\"Links inline\">Y m\u00e1s cerca en el tiempo, la sociedad israel\u00ed le cuestiona a Cristina Fern\u00e1ndez de Kirchner que\u00a0<b>haya estado impasible<\/b>\u00a0frente al ataque terrorista cometido por\u00a0<b>Hamas\u00a0<\/b>el 7 de octubre de 2023.<\/p>\n<div class=\"jwplayer-ctn\">\n<div>\n<div id=\"GNNIAOCRAZFM3AN7QVRGNHNODQ-custom_embed17\" class=\"jwplayer jw-reset jw-state-idle jw-stretch-uniform jw-flag-aspect-mode jw-floating-dismissible jw-keep-thumbnail jw-flag-user-inactive jw-breakpoint-5\" tabindex=\"0\" role=\"application\" aria-label=\"Video Player - Milei recibi\u00f3 el Premio Nobel Jud\u00edo en Israel\" aria-describedby=\"jw-GNNIAOCRAZFM3AN7QVRGNHNODQ-custom_embed17-shortcuts-tooltip-explanation\" data-compass-listening=\"true\">\n<div class=\"jw-wrapper jw-reset\">\n<div class=\"jw-controls jw-reset\">\n<div class=\"jw-nextup-container jw-reset\">\n<div class=\"jw-nextup jw-background-color jw-reset jw-nextup-thumbnail-visible\">\n<div class=\"jw-nextup-tooltip jw-reset\">\n<div class=\"jw-nextup-body jw-reset\">\n<div class=\"jw-nextup-duration jw-reset\"><\/div>\n<\/div>\n<\/div>\n<p><button class=\"jw-icon jw-nextup-close jw-reset\" type=\"button\" aria-label=\"Cerrar\"><\/button><\/div>\n<\/div>\n<\/div>\n<\/div>\n<div class=\"afs_ads ad-placement\"><\/div>\n<\/div>\n<\/div>\n<p>Milei recibi\u00f3 el Premio Nobel Jud\u00edo en Israel<\/p><\/div>\n<p class=\"paragraph\" data-mrf-recirculation=\"Links inline\"><b>La s\u00edntesis de la opini\u00f3n israel\u00ed sobre CFK\u00a0<\/b>apareci\u00f3 n\u00edtida cuando el empresario\u00a0<b>David Hatchwell<\/b>, en nombre de la Fundaci\u00f3n T<i>he Genesis Price,<\/i>\u00a0ley\u00f3 los\u00a0<b>fundamentos\u00a0<\/b>que tuvieron en cuenta para conceder el\u00a0<b>Premio Nobel Jud\u00edo<\/b>\u00a0a Milei.<\/p>\n<p class=\"paragraph\" data-mrf-recirculation=\"Links inline\">Hatchwell record\u00f3 la posici\u00f3n presidencial sobre Hamas y Hezbollah, su actitud cuando se conoci\u00f3 que\u00a0<b>Shiri Bibas y sus hijos Ariel y Kfir\u00a0<\/b>hab\u00edan sido asesinados,\u00a0<b>su decisi\u00f3n de alinear<\/b>\u00a0<b>los votos de Argentina<\/b>\u00a0con Israel y Estados Unidos en la ONU, y\u00a0<b>su compromiso para lograr la libertad de los cuatro rehenes argentinos\u00a0<\/b>que a\u00fan est\u00e1n en Gaza.<\/p>\n<div class=\"undefined ad-wrapper\">\n<div class=\"dfpAd \">\n<div id=\"infobae\/politica\/nota\/undefined\" class=\"infobae\/politica\/nota\/undefined arcad\"><\/div>\n<\/div>\n<\/div>\n<p class=\"paragraph\" data-mrf-recirculation=\"Links inline\">Entonces, cuando Milei\u00a0<b>refiere a la situaci\u00f3n judicial de CFK\u00a0<\/b>en la Universidad Hebrea,\u00a0<b>no s\u00f3lo le est\u00e1 hablando<\/b>\u00a0a la opini\u00f3n p\u00fablica de la Argentina:\u00a0<b>es un gui\u00f1o pol\u00edtico a la sociedad israel\u00ed,<\/b>\u00a0que ya lo adopt\u00f3 como\u00a0<i>hijo pr\u00f3digo<\/i>.<\/p>\n<div class=\"visual__image\"><picture><source srcset=\"https:\/\/www.infobae.com\/resizer\/v2\/JTTVE4QVVFHNTLMTUHFSD4BSNI.jpeg?auth=a30c0aef01a5fa5e534caef11d21c6c47ba62c152c6f7f015daa9785e96bcf02&amp;smart=true&amp;width=992&amp;height=558&amp;quality=85\" media=\"(min-width: 1000px)\" \/><source srcset=\"https:\/\/www.infobae.com\/resizer\/v2\/JTTVE4QVVFHNTLMTUHFSD4BSNI.jpeg?auth=a30c0aef01a5fa5e534caef11d21c6c47ba62c152c6f7f015daa9785e96bcf02&amp;smart=true&amp;width=768&amp;height=432&amp;quality=85\" media=\"(min-width: 768px)\" \/><source srcset=\"https:\/\/www.infobae.com\/resizer\/v2\/JTTVE4QVVFHNTLMTUHFSD4BSNI.jpeg?auth=a30c0aef01a5fa5e534caef11d21c6c47ba62c152c6f7f015daa9785e96bcf02&amp;smart=true&amp;width=577&amp;height=325&amp;quality=85\" media=\"(min-width: 580px)\" \/><source srcset=\"https:\/\/www.infobae.com\/resizer\/v2\/JTTVE4QVVFHNTLMTUHFSD4BSNI.jpeg?auth=a30c0aef01a5fa5e534caef11d21c6c47ba62c152c6f7f015daa9785e96bcf02&amp;smart=true&amp;width=420&amp;height=236&amp;quality=85\" media=\"(min-width: 350px)\" \/><source srcset=\"https:\/\/www.infobae.com\/resizer\/v2\/JTTVE4QVVFHNTLMTUHFSD4BSNI.jpeg?auth=a30c0aef01a5fa5e534caef11d21c6c47ba62c152c6f7f015daa9785e96bcf02&amp;smart=true&amp;width=350&amp;height=197&amp;quality=85\" media=\"(min-width: 80px)\" \/><img loading=\"lazy\" decoding=\"async\" class=\"global-image\" src=\"https:\/\/www.infobae.com\/resizer\/v2\/JTTVE4QVVFHNTLMTUHFSD4BSNI.jpeg?auth=a30c0aef01a5fa5e534caef11d21c6c47ba62c152c6f7f015daa9785e96bcf02&amp;smart=true&amp;width=350&amp;height=197&amp;quality=85\" alt=\"Stan Polovets, co fundador the\" width=\"1920\" height=\"1080\" \/><\/picture>Stan Polovets, co fundador the Genesis Prize, Karina Milei, Javier Milei, e Isaac Herzog, presidente de Israel<\/div>\n<p class=\"paragraph\" data-mrf-recirculation=\"Links inline\">\u201cMe han comentado que\u00a0<b>es la primera vez que le otorgan este premio a un no jud\u00edo<\/b>\u201d, se\u00f1al\u00f3 el jefe de Estado en el discurso que pronunci\u00f3 cuando agradeci\u00f3 el reconocimiento. \u201cPerm\u00edtanme citar a (Jorge Luis) Borges: \u2018Si pertenecemos a la civilizaci\u00f3n occidental, entonces todos nosotros, a pesar de las muchas aventuras de la sangre, somos griegos y jud\u00edos. Yo no soy jud\u00edo, pero eso no me impide sentir como propia la historia del pueblo jud\u00edo\u2019. Y vaya que es as\u00ed&#8230;\u201d, remat\u00f3.<\/p>\n<div class=\"visual__image\"><picture><source srcset=\"https:\/\/www.infobae.com\/resizer\/v2\/T67WOS53NRH7TGPEQYVIY6F2GE.jpg?auth=5fd8ce854cbefcb66ad0b026f5f38840c1de207fd9f0a0067b213f9ebb3d50c4&amp;smart=true&amp;width=992&amp;height=661&amp;quality=85\" media=\"(min-width: 1000px)\" \/><source srcset=\"https:\/\/www.infobae.com\/resizer\/v2\/T67WOS53NRH7TGPEQYVIY6F2GE.jpg?auth=5fd8ce854cbefcb66ad0b026f5f38840c1de207fd9f0a0067b213f9ebb3d50c4&amp;smart=true&amp;width=768&amp;height=512&amp;quality=85\" media=\"(min-width: 768px)\" \/><source srcset=\"https:\/\/www.infobae.com\/resizer\/v2\/T67WOS53NRH7TGPEQYVIY6F2GE.jpg?auth=5fd8ce854cbefcb66ad0b026f5f38840c1de207fd9f0a0067b213f9ebb3d50c4&amp;smart=true&amp;width=577&amp;height=385&amp;quality=85\" media=\"(min-width: 580px)\" \/><source srcset=\"https:\/\/www.infobae.com\/resizer\/v2\/T67WOS53NRH7TGPEQYVIY6F2GE.jpg?auth=5fd8ce854cbefcb66ad0b026f5f38840c1de207fd9f0a0067b213f9ebb3d50c4&amp;smart=true&amp;width=420&amp;height=280&amp;quality=85\" media=\"(min-width: 350px)\" \/><source srcset=\"https:\/\/www.infobae.com\/resizer\/v2\/T67WOS53NRH7TGPEQYVIY6F2GE.jpg?auth=5fd8ce854cbefcb66ad0b026f5f38840c1de207fd9f0a0067b213f9ebb3d50c4&amp;smart=true&amp;width=350&amp;height=233&amp;quality=85\" media=\"(min-width: 80px)\" \/><img loading=\"lazy\" decoding=\"async\" class=\"global-image\" src=\"https:\/\/www.infobae.com\/resizer\/v2\/T67WOS53NRH7TGPEQYVIY6F2GE.jpg?auth=5fd8ce854cbefcb66ad0b026f5f38840c1de207fd9f0a0067b213f9ebb3d50c4&amp;smart=true&amp;width=350&amp;height=233&amp;quality=85\" alt=\"Javier Milei y Benjam\u00edn Netanyahu\" width=\"2388\" height=\"1638\" \/><\/picture>Javier Milei y Benjam\u00edn Netanyahu se saludan en el Parlamento de Israel, (Jerusal\u00e9n)<\/div>\n<p class=\"paragraph\" data-mrf-recirculation=\"Links inline\">Pero los cuestionamientos de Milei a CFK\u00a0<b>no terminaron en su clase acad\u00e9mica<\/b>\u00a0en la Universidad Hebrea<b>.<\/b>\u00a0<b>Continuar\u00e1n hoy a las 17.00 (seis horas menos en la Argentina),<\/b>\u00a0cuando el Presidente reciba<b>\u00a0<\/b>en el hotel\u00a0<i>King David\u00a0<\/i>a<b>\u00a0Netanyahu<\/b>\u00a0para firmar el\u00a0<b>Memorando de la Democracia y la Libertad.<\/b><\/p>\n<div class=\"undefined ad-wrapper\">\n<div class=\"dfpAd \">\n<div id=\"infobae\/politica\/nota\/undefined\" class=\"infobae\/politica\/nota\/undefined arcad\"><\/div>\n<\/div>\n<\/div>\n<p class=\"paragraph\" data-mrf-recirculation=\"Links inline\"><b>Es un hecho at\u00edpico\u00a0<\/b>que el premier israel\u00ed firme acuerdos bilaterales\u00a0<b>en un hotel cinco estrellas<\/b>\u00a0muy cerca del\u00a0<i>Muro de los Lamentos<\/i>, y por eso hoy el King David apareci\u00f3\u00a0<b>custodiado\u00a0<\/b>como si fuera una fortaleza.<\/p>\n<p class=\"paragraph\" data-mrf-recirculation=\"Links inline\">En el lobby del hotel se desplegaron dos detectores de metales, hab\u00eda<b>\u00a0agentes de seguridad\u00a0<\/b>y\u00a0<b>perros entrenados<\/b>\u00a0que olfateaban a los turistas y sus equipajes. La ceremonia\u00a0<b>ocurrir\u00e1\u00a0<\/b>adonde se sirve el desayuno,\u00a0<b>reconocido<\/b>\u00a0por su abundancia en d\u00e1tiles y un\u00a0<i>inolvidable<\/i>\u00a0arenque ahumado.<\/p>\n<p class=\"paragraph\" data-mrf-recirculation=\"Links inline\">El texto del\u00a0<b>Memor\u00e1ndum a favor de la democracia y la libertad\u00a0<\/b>fue<b>\u00a0elaborado\u00a0<\/b>entre el canciller Werthein y el embajador Wahnish, quien<b>\u00a0negoci\u00f3 su versi\u00f3n final<\/b>\u00a0con la Oficina del Primer Ministro,\u00a0<b>acorde<\/b>\u00a0a las instrucciones directas de Milei.<\/p>\n<p class=\"paragraph\" data-mrf-recirculation=\"Links inline\">Se trata de un convenio diplom\u00e1tico que fortalece la alianza geopol\u00edtica entre Argentina e Israel por su defensa de la democracia y la libertad.<\/p>\n<p class=\"paragraph\" data-mrf-recirculation=\"Links inline\">Y en su<b>\u00a0primera palabra<\/b>\u00a0&#8211;<i>Memorando<\/i>&#8211; Milei\u00a0<b>encripta<\/b>\u00a0un concepto pol\u00edtico que implica un cuestionamiento directo a\u00a0<b>Cristina Fern\u00e1ndez de Kirchner<\/b>\u00a0y su decisi\u00f3n de suscribir con Ir\u00e1n un\u00a0<i>memo\u00a0<\/i>destinado a\u00a0<b>cerrar la causa AMIA y<\/b>\u00a0evitar\u00a0<b>la condena<\/b>\u00a0a los terroristas financiados por Teher\u00e1n.<\/p>\n<p class=\"paragraph\" data-mrf-recirculation=\"Links inline\">Cuando concluya la firma del Memorando, el presidente<b>se mover\u00e1 rumbo al aeropuerto Ben Gurion<\/b>de Tel Aviv. All\u00ed abordar\u00e1 el avi\u00f3n oficial que lo llevar\u00e1 a<b>Madrid (Espa\u00f1a)<\/b>,<b>ultima escala<\/b>de la gira oficial.<\/p>\n","protected":false},"excerpt":{"rendered":"<p>Javier Milei\u00a0habl\u00f3 por primera vez en p\u00fablico\u00a0sobre el fallo que\u00a0confirm\u00f3 la condena a Cristina Kirchner\u00a0por los\u00a0negociados con L\u00e1zaro B\u00e1ez\u00a0en Santa Cruz. El presidente ofreci\u00f3 una\u00a0clase magistral\u00a0en la\u00a0Universidad Hebrea de Jerusal\u00e9n\u00a0frente cientos de estudiantes que ocuparon el aula Magna. En un momento\u00a0dej\u00f3 de leer su discurso, y se refiri\u00f3 al\u00a0hecho judicial\u00a0que\u00a0impact\u00f3 de lleno en la agenda [&hellip;]<\/p>\n","protected":false},"author":2,"featured_media":23912,"comment_status":"closed","ping_status":"closed","sticky":false,"template":"","format":"standard","meta":{"footnotes":""},"categories":[79],"tags":[],"class_list":{"0":"post-23911","1":"post","2":"type-post","3":"status-publish","4":"format-standard","5":"has-post-thumbnail","7":"category-politica"},"_links":{"self":[{"href":"https:\/\/radiobitacora.com.ar\/web\/wp-json\/wp\/v2\/posts\/23911","targetHints":{"allow":["GET"]}}],"collection":[{"href":"https:\/\/radiobitacora.com.ar\/web\/wp-json\/wp\/v2\/posts"}],"about":[{"href":"https:\/\/radiobitacora.com.ar\/web\/wp-json\/wp\/v2\/types\/post"}],"author":[{"embeddable":true,"href":"https:\/\/radiobitacora.com.ar\/web\/wp-json\/wp\/v2\/users\/2"}],"replies":[{"embeddable":true,"href":"https:\/\/radiobitacora.com.ar\/web\/wp-json\/wp\/v2\/comments?post=23911"}],"version-history":[{"count":0,"href":"https:\/\/radiobitacora.com.ar\/web\/wp-json\/wp\/v2\/posts\/23911\/revisions"}],"wp:featuredmedia":[{"embeddable":true,"href":"https:\/\/radiobitacora.com.ar\/web\/wp-json\/wp\/v2\/media\/23912"}],"wp:attachment":[{"href":"https:\/\/radiobitacora.com.ar\/web\/wp-json\/wp\/v2\/media?parent=23911"}],"wp:term":[{"taxonomy":"category","embeddable":true,"href":"https:\/\/radiobitacora.com.ar\/web\/wp-json\/wp\/v2\/categories?post=23911"},{"taxonomy":"post_tag","embeddable":true,"href":"https:\/\/radiobitacora.com.ar\/web\/wp-json\/wp\/v2\/tags?post=23911"}],"curies":[{"name":"wp","href":"https:\/\/api.w.org\/{rel}","templated":true}]}}