{"id":23914,"date":"2025-06-12T11:31:55","date_gmt":"2025-06-12T14:31:55","guid":{"rendered":"https:\/\/radiobitacora.com.ar\/web\/?p=23914"},"modified":"2025-06-12T11:31:55","modified_gmt":"2025-06-12T14:31:55","slug":"el-momento-en-el-que-se-estrello-el-avion-de-air-india-con-mas-de-240-personas-a-bordo","status":"publish","type":"post","link":"https:\/\/radiobitacora.com.ar\/web\/2025\/06\/12\/el-momento-en-el-que-se-estrello-el-avion-de-air-india-con-mas-de-240-personas-a-bordo\/","title":{"rendered":"El momento en el que se estrell\u00f3 el avi\u00f3n de Air India con m\u00e1s de 240 personas a bordo"},"content":{"rendered":"<p class=\"paragraph\" data-mrf-recirculation=\"Links inline\">M\u00e1s de 240 personas iban a bordo del Boeing 787 de la compa\u00f1\u00eda Air India que se estrell\u00f3 este jueves por la tarde en el exterior del per\u00edmetro del aeropuerto de Ahmedabad, en el oeste de la India, confirm\u00f3 la autoridad de aviaci\u00f3n civil de la India.<\/p>\n<p class=\"paragraph\" data-mrf-recirculation=\"Links inline\">En un comunicado, la\u00a0<b>Direcci\u00f3n General de Aviaci\u00f3n Civil<\/b>\u00a0(DGCA) identific\u00f3 la aeronave como un Boeing 787 con matr\u00edcula VT-ANB, que operaba el vuelo AI-171 con destino a Londres-Gatwick. A bordo viajaban 2 pilotos, 10 tripulantes de cabina y 230 pasajeros.<\/p>\n<div class=\"inline ad-wrapper\">\n<div class=\"dfpAd ad-inline\">\n<div id=\"america\/mundo\/nota\/inline\" class=\"america\/mundo\/nota\/inline arcad\" data-google-query-id=\"CIa6z--L7I0DFUlI3QIdeVQ8rQ\">\n<div id=\"google_ads_iframe_\/1058609\/america\/mundo\/nota\/inline_0__container__\"><\/div>\n<\/div>\n<\/div>\n<\/div>\n<p class=\"paragraph\" data-mrf-recirculation=\"Links inline\">El avi\u00f3n estaba al mando del capit\u00e1n\u00a0<b>Sumeet Sabharwal<\/b>, un experimentado piloto instructor con 8.200 horas de vuelo, acompa\u00f1ado por el primer oficial Clive Kundar, con 1.100 horas de experiencia, seg\u00fan detall\u00f3 el organismo regulador.<\/p>\n<p class=\"paragraph\" data-mrf-recirculation=\"Links inline\">De acuerdo con el informe de los controladores a\u00e9reos (ATC), el avi\u00f3n despeg\u00f3 de la pista 23 a las 13:39 hora local. Tras la llamada de \u201cMAYDAY\u201d, la aeronave no volvi\u00f3 a responder a las comunicaciones y se precipit\u00f3 a tierra, donde se observ\u00f3 una densa columna de humo negro.<\/p>\n<p class=\"paragraph\" data-mrf-recirculation=\"Links inline\">El jefe de Gobierno de Gujarat,<b>\u00a0Bhupendra Patel<\/b>, expres\u00f3 su \u201cprofunda angustia\u201d por el accidente y asegur\u00f3 haber ordenado la creaci\u00f3n de un \u201ccorredor verde\u201d para el traslado urgente de los heridos a los hospitales.<\/p>\n<p class=\"paragraph\" data-mrf-recirculation=\"Links inline\">Asimismo, el ministro del Interior de la India,<b>\u00a0Amit Shah<\/b>, garantiz\u00f3 el \u201cpleno apoyo del Gobierno Central\u201d y el despliegue de equipos de la Fuerza Nacional de Respuesta a Desastres (NDRF, por sus siglas en ingl\u00e9s) para colaborar en las labores de rescate.<\/p>\n<div class=\"visual__image\"><picture><source srcset=\"https:\/\/www.infobae.com\/resizer\/v2\/B77ETQVUPZGNVFOJHP22IPNNBA.PNG?auth=3d7c53c747bc774e59bd9c67db953544a1393b061db58c0e27e6a3b1ccb8c46b&amp;smart=true&amp;width=992&amp;height=606&amp;quality=85\" media=\"(min-width: 1000px)\" \/><source srcset=\"https:\/\/www.infobae.com\/resizer\/v2\/B77ETQVUPZGNVFOJHP22IPNNBA.PNG?auth=3d7c53c747bc774e59bd9c67db953544a1393b061db58c0e27e6a3b1ccb8c46b&amp;smart=true&amp;width=768&amp;height=469&amp;quality=85\" media=\"(min-width: 768px)\" \/><source srcset=\"https:\/\/www.infobae.com\/resizer\/v2\/B77ETQVUPZGNVFOJHP22IPNNBA.PNG?auth=3d7c53c747bc774e59bd9c67db953544a1393b061db58c0e27e6a3b1ccb8c46b&amp;smart=true&amp;width=577&amp;height=353&amp;quality=85\" media=\"(min-width: 580px)\" \/><source srcset=\"https:\/\/www.infobae.com\/resizer\/v2\/B77ETQVUPZGNVFOJHP22IPNNBA.PNG?auth=3d7c53c747bc774e59bd9c67db953544a1393b061db58c0e27e6a3b1ccb8c46b&amp;smart=true&amp;width=420&amp;height=257&amp;quality=85\" media=\"(min-width: 350px)\" \/><source srcset=\"https:\/\/www.infobae.com\/resizer\/v2\/B77ETQVUPZGNVFOJHP22IPNNBA.PNG?auth=3d7c53c747bc774e59bd9c67db953544a1393b061db58c0e27e6a3b1ccb8c46b&amp;smart=true&amp;width=350&amp;height=214&amp;quality=85\" media=\"(min-width: 80px)\" \/><img loading=\"lazy\" decoding=\"async\" class=\"global-image\" src=\"https:\/\/www.infobae.com\/resizer\/v2\/B77ETQVUPZGNVFOJHP22IPNNBA.PNG?auth=3d7c53c747bc774e59bd9c67db953544a1393b061db58c0e27e6a3b1ccb8c46b&amp;smart=true&amp;width=350&amp;height=214&amp;quality=85\" alt=\"Un avi\u00f3n de Air India\" width=\"458\" height=\"289\" \/><\/picture>Un avi\u00f3n de Air India se estrell\u00f3 poco despu\u00e9s de despegar de Ahmedabad con m\u00e1s de 240 pasajeros a bordo<\/div>\n<p class=\"paragraph\" data-mrf-recirculation=\"Links inline\">El aeropuerto de Gatwick confirm\u00f3 este jueves que el avi\u00f3n de Air India ten\u00eda previsto aterrizar en la terminal londinense a las 18:25 hora local (17.25 GMT).<\/p>\n<p class=\"paragraph\" data-mrf-recirculation=\"Links inline\">En la cuenta de X, Gatwick se\u00f1al\u00f3 que el avi\u00f3n de pasajeros se estrell\u00f3 poco despu\u00e9s de salir del aeropuerto de Ahmedabad, pero no pudo aportar m\u00e1s detalles del siniestro.<\/p>\n<p class=\"paragraph\" data-mrf-recirculation=\"Links inline\">Se estima que en la aeronave, que cubr\u00eda una ruta muy usada por brit\u00e1nicos de origen indio, viajaban m\u00e1s de 200 personas a bordo y se estrell\u00f3 en las inmediaciones del aeropuerto de Ahmedabad, en el estado de Gujarat, India.<\/p>\n<p class=\"paragraph\" data-mrf-recirculation=\"Links inline\">Seg\u00fan Air India, el vuelo AI171 \u201cse vio involucrado en un incidente hoy, 12 de junio de 2025\u201d.<\/p>\n<p class=\"paragraph\" data-mrf-recirculation=\"Links inline\">Las im\u00e1genes transmitidas por medios locales muestran\u00a0<b>espesas columnas de humo negro<\/b>\u00a0elev\u00e1ndose desde las inmediaciones del aeropuerto. Testigos presenciales indicaron que el incidente ocurri\u00f3 pocos minutos despu\u00e9s del despegue, pero\u00a0<b>a\u00fan no hay confirmaci\u00f3n oficial sobre v\u00edctimas fatales o heridos<\/b>.<\/p>\n<div class=\"visual__image\"><picture><source srcset=\"https:\/\/www.infobae.com\/resizer\/v2\/VLBVUYPGDFGXFFGU5DEAWHSITU.jpg?auth=bca5fabf9d9ca7382d9662ae632e13f92932734f6572d2059c3aa39191d7cd55&amp;smart=true&amp;width=992&amp;height=558&amp;quality=85\" media=\"(min-width: 1000px)\" \/><source srcset=\"https:\/\/www.infobae.com\/resizer\/v2\/VLBVUYPGDFGXFFGU5DEAWHSITU.jpg?auth=bca5fabf9d9ca7382d9662ae632e13f92932734f6572d2059c3aa39191d7cd55&amp;smart=true&amp;width=768&amp;height=432&amp;quality=85\" media=\"(min-width: 768px)\" \/><source srcset=\"https:\/\/www.infobae.com\/resizer\/v2\/VLBVUYPGDFGXFFGU5DEAWHSITU.jpg?auth=bca5fabf9d9ca7382d9662ae632e13f92932734f6572d2059c3aa39191d7cd55&amp;smart=true&amp;width=577&amp;height=325&amp;quality=85\" media=\"(min-width: 580px)\" \/><source srcset=\"https:\/\/www.infobae.com\/resizer\/v2\/VLBVUYPGDFGXFFGU5DEAWHSITU.jpg?auth=bca5fabf9d9ca7382d9662ae632e13f92932734f6572d2059c3aa39191d7cd55&amp;smart=true&amp;width=420&amp;height=236&amp;quality=85\" media=\"(min-width: 350px)\" \/><source srcset=\"https:\/\/www.infobae.com\/resizer\/v2\/VLBVUYPGDFGXFFGU5DEAWHSITU.jpg?auth=bca5fabf9d9ca7382d9662ae632e13f92932734f6572d2059c3aa39191d7cd55&amp;smart=true&amp;width=350&amp;height=197&amp;quality=85\" media=\"(min-width: 80px)\" \/><img loading=\"lazy\" decoding=\"async\" class=\"global-image\" src=\"https:\/\/www.infobae.com\/resizer\/v2\/VLBVUYPGDFGXFFGU5DEAWHSITU.jpg?auth=bca5fabf9d9ca7382d9662ae632e13f92932734f6572d2059c3aa39191d7cd55&amp;smart=true&amp;width=350&amp;height=197&amp;quality=85\" alt=\"Personal de emergencia trabaja en\" width=\"2292\" height=\"1293\" \/><\/picture>Personal de emergencia trabaja en el lugar del accidente de un avi\u00f3n de Air India en Ahmedabad, India, el 12 de junio de 2025, en esta imagen fija tomada de un video. ANI\/Reuters TV v\u00eda REUTERS<\/div>\n<p class=\"paragraph\" data-mrf-recirculation=\"Links inline\">En un breve comunicado,\u00a0<b>Air India<\/b>\u00a0inform\u00f3 que uno de sus vuelos que cubr\u00eda la ruta entre\u00a0<b>Ahmedabad y Londres-Gatwick<\/b>\u00a0estuvo\u00a0<b>\u201cinvolucrado en un incidente\u201d<\/b>, sin ofrecer mayores detalles hasta el momento.<\/p>\n<p class=\"paragraph\" data-mrf-recirculation=\"Links inline\">Posteriormente, la aerol\u00ednea confirm\u00f3 que su vuelo\u00a0<b>171\u00a0<\/b>entre la ciudad occidental de\u00a0<b>Ahmedabad\u00a0<\/b>y\u00a0<b>Londres Gatwick<\/b>\u00a0se hab\u00eda estrellado en un \u201ctr\u00e1gico accidente\u201d.<\/p>\n<p class=\"paragraph\" data-mrf-recirculation=\"Links inline\">\u201cCon profundo pesar confirmo que el vuelo 171 de Air India que operaba Ahmedabad Londres Gatwick ha sufrido hoy un tr\u00e1gico accidente\u201d, dijo el presidente de Air India, Natarajan Chandrasekaran, en un comunicado.<\/p>\n<p class=\"paragraph\" data-mrf-recirculation=\"Links inline\">\u201cNuestros pensamientos y m\u00e1s profundas condolencias est\u00e1n con las familias y seres queridos de todos los afectados por este devastador suceso\u201d, dijo, a\u00f1adiendo que se ha activado un centro de emergencia y se ha creado un equipo de apoyo para las familias que busquen informaci\u00f3n.<\/p>\n<p class=\"paragraph\" data-mrf-recirculation=\"Links inline\">De acuerdo con los informes de la empresa a\u00e9rea, los entre los pasajeros a bordo del avi\u00f3n accidentado iban\u00a0<b>169 indios, 53 brit\u00e1nicos, 7 portugueses\u00a0<\/b>y<b>\u00a0un canadiense<\/b><\/p>\n<div class=\"undefined ad-wrapper\">\n<div class=\"dfpAd \">\n<div id=\"america\/mundo\/nota\/undefined\" class=\"america\/mundo\/nota\/undefined arcad\"><\/div>\n<\/div>\n<\/div>\n<p class=\"paragraph\" data-mrf-recirculation=\"Links inline\">Las autoridades de aviaci\u00f3n civil y equipos de emergencia se encuentran en la zona del siniestro. Se espera que en las pr\u00f3ximas horas se emita un parte oficial sobre las causas del accidente y el estado de los ocupantes del avi\u00f3n.<\/p>\n","protected":false},"excerpt":{"rendered":"<p>M\u00e1s de 240 personas iban a bordo del Boeing 787 de la compa\u00f1\u00eda Air India que se estrell\u00f3 este jueves por la tarde en el exterior del per\u00edmetro del aeropuerto de Ahmedabad, en el oeste de la India, confirm\u00f3 la autoridad de aviaci\u00f3n civil de la India. En un comunicado, la\u00a0Direcci\u00f3n General de Aviaci\u00f3n Civil\u00a0(DGCA) [&hellip;]<\/p>\n","protected":false},"author":2,"featured_media":23915,"comment_status":"closed","ping_status":"closed","sticky":false,"template":"","format":"standard","meta":{"footnotes":""},"categories":[80],"tags":[],"class_list":{"0":"post-23914","1":"post","2":"type-post","3":"status-publish","4":"format-standard","5":"has-post-thumbnail","7":"category-internacionales"},"_links":{"self":[{"href":"https:\/\/radiobitacora.com.ar\/web\/wp-json\/wp\/v2\/posts\/23914","targetHints":{"allow":["GET"]}}],"collection":[{"href":"https:\/\/radiobitacora.com.ar\/web\/wp-json\/wp\/v2\/posts"}],"about":[{"href":"https:\/\/radiobitacora.com.ar\/web\/wp-json\/wp\/v2\/types\/post"}],"author":[{"embeddable":true,"href":"https:\/\/radiobitacora.com.ar\/web\/wp-json\/wp\/v2\/users\/2"}],"replies":[{"embeddable":true,"href":"https:\/\/radiobitacora.com.ar\/web\/wp-json\/wp\/v2\/comments?post=23914"}],"version-history":[{"count":0,"href":"https:\/\/radiobitacora.com.ar\/web\/wp-json\/wp\/v2\/posts\/23914\/revisions"}],"wp:featuredmedia":[{"embeddable":true,"href":"https:\/\/radiobitacora.com.ar\/web\/wp-json\/wp\/v2\/media\/23915"}],"wp:attachment":[{"href":"https:\/\/radiobitacora.com.ar\/web\/wp-json\/wp\/v2\/media?parent=23914"}],"wp:term":[{"taxonomy":"category","embeddable":true,"href":"https:\/\/radiobitacora.com.ar\/web\/wp-json\/wp\/v2\/categories?post=23914"},{"taxonomy":"post_tag","embeddable":true,"href":"https:\/\/radiobitacora.com.ar\/web\/wp-json\/wp\/v2\/tags?post=23914"}],"curies":[{"name":"wp","href":"https:\/\/api.w.org\/{rel}","templated":true}]}}