{"id":23917,"date":"2025-06-12T11:36:31","date_gmt":"2025-06-12T14:36:31","guid":{"rendered":"https:\/\/radiobitacora.com.ar\/web\/?p=23917"},"modified":"2025-06-12T11:36:31","modified_gmt":"2025-06-12T14:36:31","slug":"167-dias-encerrado-en-una-quinta-de-don-torcuato-cuando-carlos-menem-se-convirtio-en-el-primer-presidente-constitucional-preso","status":"publish","type":"post","link":"https:\/\/radiobitacora.com.ar\/web\/2025\/06\/12\/167-dias-encerrado-en-una-quinta-de-don-torcuato-cuando-carlos-menem-se-convirtio-en-el-primer-presidente-constitucional-preso\/","title":{"rendered":"167 d\u00edas encerrado en una quinta de Don Torcuato: cuando Carlos Menem se convirti\u00f3 en el primer presidente constitucional preso"},"content":{"rendered":"<p class=\"paragraph\" data-mrf-recirculation=\"Links inline\">La reciente ratificaci\u00f3n de<a title=\"https:\/\/www.infobae.com\/judiciales\/2025\/06\/10\/cristina-kirchner-ira-presa-y-no-podra-ser-candidata-la-corte-confirmo-su-condena-por-corrupcion-en-el-caso-vialidad\/\" href=\"https:\/\/www.infobae.com\/judiciales\/2025\/06\/10\/cristina-kirchner-ira-presa-y-no-podra-ser-candidata-la-corte-confirmo-su-condena-por-corrupcion-en-el-caso-vialidad\/\" target=\"_blank\" rel=\"noopener noreferrer\" data-mrf-link=\"https:\/\/www.infobae.com\/judiciales\/2025\/06\/10\/cristina-kirchner-ira-presa-y-no-podra-ser-candidata-la-corte-confirmo-su-condena-por-corrupcion-en-el-caso-vialidad\/\">\u00a0la condena a la ex presidenta Cristina Fern\u00e1ndez de Kirchner<\/a>\u00a0por parte de la Corte Suprema de Justicia de la Naci\u00f3n a seis a\u00f1os de prisi\u00f3n e inhabilitaci\u00f3n perpetua para ejercer cargos p\u00fablicos por el delito de administraci\u00f3n fraudulenta en el caso de la obra p\u00fablica concedida al empresario L\u00e1zaro B\u00e1ez en la provincia de Santa Cruz, vuelve a poner en el centro de la escena\u00a0<b>la detenci\u00f3n de Carlos Menem,<\/b><a title=\"https:\/\/www.infobae.com\/sociedad\/2025\/06\/10\/los-presidentes-argentinos-ante-la-justicia-golpes-militares-prisiones-domiciliarias-y-denuncias-de-corrupcion\/\" href=\"https:\/\/www.infobae.com\/sociedad\/2025\/06\/10\/los-presidentes-argentinos-ante-la-justicia-golpes-militares-prisiones-domiciliarias-y-denuncias-de-corrupcion\/\" target=\"_blank\" rel=\"noopener noreferrer\" data-mrf-link=\"https:\/\/www.infobae.com\/sociedad\/2025\/06\/10\/los-presidentes-argentinos-ante-la-justicia-golpes-militares-prisiones-domiciliarias-y-denuncias-de-corrupcion\/\"><b>\u00a0el primer presidente preso<\/b><\/a><b>\u00a0luego de la recuperaci\u00f3n de la democracia en 1983<\/b>.<\/p>\n<p class=\"paragraph\" data-mrf-recirculation=\"Links inline\">Casualmente, hoy se cumplen 35 a\u00f1os del d\u00eda en el que Menem expuls\u00f3 a su familia de la Quinta de Olivos. Ocurri\u00f3 exactamente un 12 de junio de 1990, luego de que Zulema Yoma, su mujer y su hija Zulemita salieran como tantas ma\u00f1anas despu\u00e9s de la asunci\u00f3n del poder y de instalarse en el nuevo hogar a realizar sus actividades.<\/p>\n<p class=\"paragraph\" data-mrf-recirculation=\"Links inline\">Pero al regresar, ya entrada la tarde se encontraron con una sorpresa: se les impidi\u00f3 el ingreso por estricta orden del presidente de la Naci\u00f3n, que\u00a0<b>hab\u00eda rubricado un decreto que especificaba que su esposa no pod\u00eda entrar<\/b>, mientras el jefe de la Casa Militar, brigadier Andr\u00e9s Antonietti, desplegaba agentes de polic\u00eda en el frente de la casa y los alrededores.<\/p>\n<p class=\"paragraph\" data-mrf-recirculation=\"Links inline\">Entretanto, el secretario legal y t\u00e9cnico Ra\u00fal Granillo Ocampo se esforzaba por aclarar que la orden impartida por Menem no involucraba a sus hijos, pero Carlos Junior, que se encontraba dentro de la residencia, sali\u00f3 a aclarar que no hab\u00eda sido as\u00ed, que\u00a0<b>los ech\u00f3 a todos<\/b>. Y fue m\u00e1s all\u00e1 cuando afirm\u00f3 que esa determinaci\u00f3n lo alejaba de su padre para siempre.<\/p>\n<div class=\"visual__image\"><picture><source srcset=\"https:\/\/www.infobae.com\/resizer\/v2\/V6N7WBQ3KRAXPOCECTRXCFVV3I.jpg?auth=01005be4712d80123026efa4103b79164ae4f91f3723bb18a9e36ef3ee4afd4f&amp;smart=true&amp;width=992&amp;height=661&amp;quality=85\" media=\"(min-width: 1000px)\" \/><source srcset=\"https:\/\/www.infobae.com\/resizer\/v2\/V6N7WBQ3KRAXPOCECTRXCFVV3I.jpg?auth=01005be4712d80123026efa4103b79164ae4f91f3723bb18a9e36ef3ee4afd4f&amp;smart=true&amp;width=768&amp;height=512&amp;quality=85\" media=\"(min-width: 768px)\" \/><source srcset=\"https:\/\/www.infobae.com\/resizer\/v2\/V6N7WBQ3KRAXPOCECTRXCFVV3I.jpg?auth=01005be4712d80123026efa4103b79164ae4f91f3723bb18a9e36ef3ee4afd4f&amp;smart=true&amp;width=577&amp;height=385&amp;quality=85\" media=\"(min-width: 580px)\" \/><source srcset=\"https:\/\/www.infobae.com\/resizer\/v2\/V6N7WBQ3KRAXPOCECTRXCFVV3I.jpg?auth=01005be4712d80123026efa4103b79164ae4f91f3723bb18a9e36ef3ee4afd4f&amp;smart=true&amp;width=420&amp;height=280&amp;quality=85\" media=\"(min-width: 350px)\" \/><source srcset=\"https:\/\/www.infobae.com\/resizer\/v2\/V6N7WBQ3KRAXPOCECTRXCFVV3I.jpg?auth=01005be4712d80123026efa4103b79164ae4f91f3723bb18a9e36ef3ee4afd4f&amp;smart=true&amp;width=350&amp;height=233&amp;quality=85\" media=\"(min-width: 80px)\" \/><img loading=\"lazy\" decoding=\"async\" class=\"global-image\" src=\"https:\/\/www.infobae.com\/resizer\/v2\/V6N7WBQ3KRAXPOCECTRXCFVV3I.jpg?auth=01005be4712d80123026efa4103b79164ae4f91f3723bb18a9e36ef3ee4afd4f&amp;smart=true&amp;width=350&amp;height=233&amp;quality=85\" alt=\"Carlos Menem permaneci\u00f3 solo cinco\" width=\"780\" height=\"520\" \/><\/picture>Carlos Menem permaneci\u00f3 solo cinco meses y medio preso en una quinta de Don Torcuato<\/div>\n<div class=\"inline_2_DSK ad-wrapper ad-desktop\">\n<div class=\"dfpAd ad-inline\">\n<div id=\"infobae\/sociedad\/nota\/inline_2_DSK\" class=\"infobae\/sociedad\/nota\/inline_2_DSK arcad\" data-google-query-id=\"CLPyg5iN7I0DFTmwlQIdDfEkjw\">\n<div id=\"google_ads_iframe_\/1058609\/infobae\/sociedad\/nota\/inline_2_DSK_0__container__\"><\/div>\n<\/div>\n<\/div>\n<\/div>\n<p class=\"paragraph\" data-mrf-recirculation=\"Links inline\">El esc\u00e1ndalo no ten\u00eda precedentes: los medios de comunicaci\u00f3n se agolpaban en la puerta de la quinta para escuchar a la hasta ah\u00ed Primera Dama. Curiosamente Zulema ven\u00eda de hablar con ellos hac\u00eda poco, precisamente el 7 de junio, el d\u00eda del periodista, en el que denunci\u00f3 su lucha contra los corruptos, quiz\u00e1 el motivo de su expulsi\u00f3n de la residencia presidencial.<\/p>\n<p class=\"paragraph\" data-mrf-recirculation=\"Links inline\">Ya fuera de la casa, Zulema sub\u00eda la apuesta y\u00a0<b>acusaba de corrupci\u00f3n al propio presidente y a sus lugartenientes<\/b>. Menem por su parte prepar\u00f3 el terreno. Hab\u00eda partido el 28 de mayo para una gira que culminar\u00eda en Roma, justo para presenciar el partido de inauguraci\u00f3n del Mundial de Italia 90 entre Argentina y Camer\u00fan que termin\u00f3 con derrota para el seleccionado nacional.<\/p>\n<p class=\"paragraph\" data-mrf-recirculation=\"Links inline\">Menem fue presidente durante dos per\u00edodos: El transcurrido entre 1989\/95, y luego result\u00f3 reelecto hasta fines de 1999. La causa que lo llev\u00f3 a estar detenido fue la de\u00a0<b>la venta ilegal de armas a Croacia y Ecuador<\/b>. El juez federal Jorge Urso lo llam\u00f3 el 7 de junio de 2001 para que prestara declaraci\u00f3n indagatoria, el ex presidente se neg\u00f3 y termin\u00f3 preso como\u00a0<b>presunto jefe de una asociaci\u00f3n il\u00edcita y coautor de falsedad ideol\u00f3gica<\/b>. Cumpli\u00f3 prisi\u00f3n preventiva durante 167 d\u00edas en una casaquinta de Don Torcuato que pertenec\u00eda a Armando Gostani\u00e1n, su amigo y Director de la Casa de Moneda durante toda su gesti\u00f3n.<\/p>\n<div class=\"visual__image\"><picture><source srcset=\"https:\/\/www.infobae.com\/resizer\/v2\/NBZ2XMW4QNDXPNWSKZN5VAWDQU.jpg?auth=6ff697d0afacea3e4c98c07a1b2167d9a7019b98903cf97584c440f061617dd5&amp;smart=true&amp;width=992&amp;height=558&amp;quality=85\" media=\"(min-width: 1000px)\" \/><source srcset=\"https:\/\/www.infobae.com\/resizer\/v2\/NBZ2XMW4QNDXPNWSKZN5VAWDQU.jpg?auth=6ff697d0afacea3e4c98c07a1b2167d9a7019b98903cf97584c440f061617dd5&amp;smart=true&amp;width=768&amp;height=432&amp;quality=85\" media=\"(min-width: 768px)\" \/><source srcset=\"https:\/\/www.infobae.com\/resizer\/v2\/NBZ2XMW4QNDXPNWSKZN5VAWDQU.jpg?auth=6ff697d0afacea3e4c98c07a1b2167d9a7019b98903cf97584c440f061617dd5&amp;smart=true&amp;width=577&amp;height=325&amp;quality=85\" media=\"(min-width: 580px)\" \/><source srcset=\"https:\/\/www.infobae.com\/resizer\/v2\/NBZ2XMW4QNDXPNWSKZN5VAWDQU.jpg?auth=6ff697d0afacea3e4c98c07a1b2167d9a7019b98903cf97584c440f061617dd5&amp;smart=true&amp;width=420&amp;height=236&amp;quality=85\" media=\"(min-width: 350px)\" \/><source srcset=\"https:\/\/www.infobae.com\/resizer\/v2\/NBZ2XMW4QNDXPNWSKZN5VAWDQU.jpg?auth=6ff697d0afacea3e4c98c07a1b2167d9a7019b98903cf97584c440f061617dd5&amp;smart=true&amp;width=350&amp;height=197&amp;quality=85\" media=\"(min-width: 80px)\" \/><img loading=\"lazy\" decoding=\"async\" class=\"global-image\" src=\"https:\/\/www.infobae.com\/resizer\/v2\/NBZ2XMW4QNDXPNWSKZN5VAWDQU.jpg?auth=6ff697d0afacea3e4c98c07a1b2167d9a7019b98903cf97584c440f061617dd5&amp;smart=true&amp;width=350&amp;height=197&amp;quality=85\" alt=\"Carlos Menem junto a su\" width=\"1920\" height=\"1080\" \/><\/picture>Carlos Menem junto a su hermano Eduardo, la ma\u00f1ana luego de conocerse la noticia que la Corte Suprema acord\u00f3 la descalificaci\u00f3n de la figura de asociaci\u00f3n il\u00edcita para la causa de contrabando de armas (NA)<\/div>\n<p class=\"paragraph\" data-mrf-recirculation=\"Links inline\">Ten\u00eda setenta a\u00f1os para entonces, por lo que le correspond\u00eda el beneficio del encierro domiciliario. Hac\u00eda menos de dos meses que se hab\u00eda casado -el 26 de mayo de 2001 y despu\u00e9s de tres a\u00f1os de relaci\u00f3n- con\u00a0<b>Cecilia Bolocco<\/b>, quien hab\u00eda quedado como garante judicial del arresto. La prensa cubr\u00eda los acontecimientos desde fuera de un per\u00edmetro delimitado por una lona verde de una residencia de seis mil metros cuadrados. Su rutina, signaban los medios por entonces, se hab\u00eda desacoplado: alternaba estados de \u00e1nimo as\u00ed como visitas de dirigentes pol\u00edticos, empresarios y personajes de la far\u00e1ndula. Jugaba a las cartas, dorm\u00eda siesta, ve\u00eda pel\u00edculas, le\u00eda y a veces lo sorprend\u00edan manifestaciones partidarias desde las inmediaciones.<\/p>\n<p class=\"paragraph\" data-mrf-recirculation=\"Links inline\">Ese expediente provoc\u00f3 todo tipo de pol\u00e9micas y gener\u00f3 idas, vueltas y opiniones diversas. En setiembre de 2011 termin\u00f3 absuelto por el Tribunal Oral en lo Penal Econ\u00f3mico N\u00b0 3. Pero en marzo de 2013, la Sala I de la C\u00e1mara de Casaci\u00f3n revoc\u00f3 la absoluci\u00f3n, conden\u00f3 a Menem por contrabando agravado y orden\u00f3 al mencionado tribunal oral que hab\u00eda dictaminado la absoluci\u00f3n que estableciera una pena. Tiempo despu\u00e9s fue condenado a siete a\u00f1os de prisi\u00f3n. La sentencia fue confirmada por el Tribunal de Casaci\u00f3n en 2017.<\/p>\n<p class=\"paragraph\" data-mrf-recirculation=\"Links inline\">El expediente sigui\u00f3 su curso hasta llegar a la Corte Suprema, que orden\u00f3 a otra sala de la C\u00e1mara Federal de Casaci\u00f3n Penal revisar la sentencia para respetar la garant\u00eda del \u201cdoble conforme\u201d. As\u00ed, en octubre de 2018 la Sala I\u00a0<b>termin\u00f3 absolviendo a los imputados por prescripci\u00f3n<\/b>.<\/p>\n<div class=\"visual__image\"><picture><source srcset=\"https:\/\/www.infobae.com\/resizer\/v2\/KMFB4556MZHSLI5MWYM4VQH7FY.jpg?auth=d64cfcd0de02592419a75df88c5919c4b7fb4c772aef3410c1aaad059fd0736a&amp;smart=true&amp;width=992&amp;height=661&amp;quality=85\" media=\"(min-width: 1000px)\" \/><source srcset=\"https:\/\/www.infobae.com\/resizer\/v2\/KMFB4556MZHSLI5MWYM4VQH7FY.jpg?auth=d64cfcd0de02592419a75df88c5919c4b7fb4c772aef3410c1aaad059fd0736a&amp;smart=true&amp;width=768&amp;height=512&amp;quality=85\" media=\"(min-width: 768px)\" \/><source srcset=\"https:\/\/www.infobae.com\/resizer\/v2\/KMFB4556MZHSLI5MWYM4VQH7FY.jpg?auth=d64cfcd0de02592419a75df88c5919c4b7fb4c772aef3410c1aaad059fd0736a&amp;smart=true&amp;width=577&amp;height=385&amp;quality=85\" media=\"(min-width: 580px)\" \/><source srcset=\"https:\/\/www.infobae.com\/resizer\/v2\/KMFB4556MZHSLI5MWYM4VQH7FY.jpg?auth=d64cfcd0de02592419a75df88c5919c4b7fb4c772aef3410c1aaad059fd0736a&amp;smart=true&amp;width=420&amp;height=280&amp;quality=85\" media=\"(min-width: 350px)\" \/><source srcset=\"https:\/\/www.infobae.com\/resizer\/v2\/KMFB4556MZHSLI5MWYM4VQH7FY.jpg?auth=d64cfcd0de02592419a75df88c5919c4b7fb4c772aef3410c1aaad059fd0736a&amp;smart=true&amp;width=350&amp;height=233&amp;quality=85\" media=\"(min-width: 80px)\" \/><img loading=\"lazy\" decoding=\"async\" class=\"global-image\" src=\"https:\/\/www.infobae.com\/resizer\/v2\/KMFB4556MZHSLI5MWYM4VQH7FY.jpg?auth=d64cfcd0de02592419a75df88c5919c4b7fb4c772aef3410c1aaad059fd0736a&amp;smart=true&amp;width=350&amp;height=233&amp;quality=85\" alt=\"La Corte Suprema de Justicia\" width=\"1860\" height=\"1295\" \/><\/picture>La Corte Suprema de Justicia lo exculp\u00f3 porque se hab\u00eda violado su derecho a ser juzgado en un plazo razonable y qued\u00f3 libre (NA)<\/div>\n<p class=\"paragraph\" data-mrf-recirculation=\"Links inline\">Fueron varios procesos judiciales los que debi\u00f3 enfrentar, como el juicio oral relacionado con el atentado contra la sede de la AMIA ocurrido el 18 de julio de 1994, que dej\u00f3 un saldo de 85 muertos y donde estuvo sospechado de encubrimiento pero termin\u00f3 absuelto.<\/p>\n<p class=\"paragraph\" data-mrf-recirculation=\"Links inline\">Otra investigaci\u00f3n en la que lo absolvieron fue en la de la venta del Predio Ferial de Palermo a la Sociedad Rural Argentina. Primero, en marzo de 2019 result\u00f3 sentenciado a tres a\u00f1os y nueve meses de prisi\u00f3n por apropiaci\u00f3n indebida de un espacio p\u00fablico en favor de un tercero, delito de peculado. Pero para fines de ese a\u00f1o la Sala III de la C\u00e1mara de Casaci\u00f3n determin\u00f3 que se hab\u00eda violado la garant\u00eda de ser juzgado en un plazo razonable.<\/p>\n<p class=\"paragraph\" data-mrf-recirculation=\"Links inline\">Haciendo un poco de historia,\u00a0<b>la primera vez que Carlos Menem fue detenido sucedi\u00f3 un a\u00f1o despu\u00e9s de haberse recibido como abogado<\/b>, en 1956, acusado de participar en una conspiraci\u00f3n peronista para derrocar al gobierno de facto.<\/p>\n<p class=\"paragraph\" data-mrf-recirculation=\"Links inline\">Hasta que el 24 de marzo de 1976 la historia volvi\u00f3 a repetirse cuando era gobernador de La Rioja. Entre quienes lo derrocaron y lo apresaron estaba nada menos que C\u00e9sar Santos Gerardo del Coraz\u00f3n de Jes\u00fas Milani, quien luego en 2013 y hasta 2015 fuera Jefe del Estado Mayor del Ej\u00e9rcito durante la presidencia de Cristina Fern\u00e1ndez de Kirchner. Menem con total tranquilidad les augur\u00f3 en esa oportunidad que volver\u00edan a verse las caras cuando fuera presidente de la Naci\u00f3n.<\/p>\n<div class=\"visual__image\"><picture><source srcset=\"https:\/\/www.infobae.com\/resizer\/v2\/AUR5CN2TXBGI5OLSWKC77JPWFI.jpg?auth=44f11bc8d9737bb0306c4f3c8726813d8d923d1e952c918b62954a43fda01ed1&amp;smart=true&amp;width=992&amp;height=558&amp;quality=85\" media=\"(min-width: 1000px)\" \/><source srcset=\"https:\/\/www.infobae.com\/resizer\/v2\/AUR5CN2TXBGI5OLSWKC77JPWFI.jpg?auth=44f11bc8d9737bb0306c4f3c8726813d8d923d1e952c918b62954a43fda01ed1&amp;smart=true&amp;width=768&amp;height=432&amp;quality=85\" media=\"(min-width: 768px)\" \/><source srcset=\"https:\/\/www.infobae.com\/resizer\/v2\/AUR5CN2TXBGI5OLSWKC77JPWFI.jpg?auth=44f11bc8d9737bb0306c4f3c8726813d8d923d1e952c918b62954a43fda01ed1&amp;smart=true&amp;width=577&amp;height=325&amp;quality=85\" media=\"(min-width: 580px)\" \/><source srcset=\"https:\/\/www.infobae.com\/resizer\/v2\/AUR5CN2TXBGI5OLSWKC77JPWFI.jpg?auth=44f11bc8d9737bb0306c4f3c8726813d8d923d1e952c918b62954a43fda01ed1&amp;smart=true&amp;width=420&amp;height=236&amp;quality=85\" media=\"(min-width: 350px)\" \/><source srcset=\"https:\/\/www.infobae.com\/resizer\/v2\/AUR5CN2TXBGI5OLSWKC77JPWFI.jpg?auth=44f11bc8d9737bb0306c4f3c8726813d8d923d1e952c918b62954a43fda01ed1&amp;smart=true&amp;width=350&amp;height=197&amp;quality=85\" media=\"(min-width: 80px)\" \/><img loading=\"lazy\" decoding=\"async\" class=\"global-image\" src=\"https:\/\/www.infobae.com\/resizer\/v2\/AUR5CN2TXBGI5OLSWKC77JPWFI.jpg?auth=44f11bc8d9737bb0306c4f3c8726813d8d923d1e952c918b62954a43fda01ed1&amp;smart=true&amp;width=350&amp;height=197&amp;quality=85\" alt=\"Una imagen de cuando Carlos\" width=\"1920\" height=\"1080\" \/><\/picture>Una imagen de cuando Carlos Menem fue un preso pol\u00edtico en Las Lomitas, Formosa, en 1980<\/div>\n<p class=\"paragraph\" data-mrf-recirculation=\"Links inline\">Estuvo una semana recluido en el Regimiento de Infanter\u00eda 15 de La Rioja y luego fue llevado al barco 33 Orientales en el puerto de Buenos Aires. En julio de 1976 lo trasladaron a un centro de detenci\u00f3n en Magdalena. Y un a\u00f1o despu\u00e9s le negaron la salida de la c\u00e1rcel cuando muri\u00f3 su madre, Mohibe Akil. Ya en 1978 abandon\u00f3 el penal gracias a un decreto de Jorge Videla y pas\u00f3 al r\u00e9gimen de domicilio forzado en Mar del Plata, hasta que fue obligado a trasladarse a Tandil.<\/p>\n<p class=\"paragraph\" data-mrf-recirculation=\"Links inline\">En febrero de 1980, tras 19 meses de domicilio forzado, Menem regres\u00f3 libre a Buenos Aires y volvi\u00f3 a la actividad pol\u00edtica. Pero en setiembre de ese a\u00f1o la dictadura lo volvi\u00f3 a detener en su departamento de Cochabamba al 2600, en Capital Federal.\u00a0<a title=\"https:\/\/www.infobae.com\/sociedad\/2021\/02\/14\/la-intimidad-de-carlos-menem-cuando-estuvo-preso-en-las-lomitas-un-amor-secreto-la-lectura-de-la-biblia-y-futbol-con-los-wichis\/\" href=\"https:\/\/www.infobae.com\/sociedad\/2021\/02\/14\/la-intimidad-de-carlos-menem-cuando-estuvo-preso-en-las-lomitas-un-amor-secreto-la-lectura-de-la-biblia-y-futbol-con-los-wichis\/\" target=\"_blank\" rel=\"noopener noreferrer\" data-mrf-link=\"https:\/\/www.infobae.com\/sociedad\/2021\/02\/14\/la-intimidad-de-carlos-menem-cuando-estuvo-preso-en-las-lomitas-un-amor-secreto-la-lectura-de-la-biblia-y-futbol-con-los-wichis\/\"><b>Termin\u00f3 primero en el cuartel de Gendarmer\u00eda de Las Lomitas<\/b><\/a>, a 250 kil\u00f3metros de la capital formose\u00f1a. Y finalmente en la casa de la familia Meza, donde vivi\u00f3 un romance con Martha, docente y pol\u00edtica como \u00e9l, fruto del cual tuvo otro hijo, Carlos Nair.<\/p>\n<div class=\"undefined ad-wrapper\">\n<div class=\"dfpAd \">\n<div id=\"infobae\/sociedad\/nota\/undefined\" class=\"infobae\/sociedad\/nota\/undefined arcad\"><\/div>\n<\/div>\n<\/div>\n<p class=\"paragraph\" data-mrf-recirculation=\"Links inline\">Reci\u00e9n el 8 de enero de 1981 logr\u00f3 obtener su libertad, se instal\u00f3 en La Rioja. Y en 1983 volvi\u00f3 a convertirse en gobernador de la provincia, el camino previo hasta llegar al sill\u00f3n de Rivadavia seis a\u00f1os m\u00e1s tarde.<\/p>\n","protected":false},"excerpt":{"rendered":"<p>La reciente ratificaci\u00f3n de\u00a0la condena a la ex presidenta Cristina Fern\u00e1ndez de Kirchner\u00a0por parte de la Corte Suprema de Justicia de la Naci\u00f3n a seis a\u00f1os de prisi\u00f3n e inhabilitaci\u00f3n perpetua para ejercer cargos p\u00fablicos por el delito de administraci\u00f3n fraudulenta en el caso de la obra p\u00fablica concedida al empresario L\u00e1zaro B\u00e1ez en la [&hellip;]<\/p>\n","protected":false},"author":2,"featured_media":23918,"comment_status":"closed","ping_status":"closed","sticky":false,"template":"","format":"standard","meta":{"footnotes":""},"categories":[79],"tags":[],"class_list":{"0":"post-23917","1":"post","2":"type-post","3":"status-publish","4":"format-standard","5":"has-post-thumbnail","7":"category-politica"},"_links":{"self":[{"href":"https:\/\/radiobitacora.com.ar\/web\/wp-json\/wp\/v2\/posts\/23917","targetHints":{"allow":["GET"]}}],"collection":[{"href":"https:\/\/radiobitacora.com.ar\/web\/wp-json\/wp\/v2\/posts"}],"about":[{"href":"https:\/\/radiobitacora.com.ar\/web\/wp-json\/wp\/v2\/types\/post"}],"author":[{"embeddable":true,"href":"https:\/\/radiobitacora.com.ar\/web\/wp-json\/wp\/v2\/users\/2"}],"replies":[{"embeddable":true,"href":"https:\/\/radiobitacora.com.ar\/web\/wp-json\/wp\/v2\/comments?post=23917"}],"version-history":[{"count":0,"href":"https:\/\/radiobitacora.com.ar\/web\/wp-json\/wp\/v2\/posts\/23917\/revisions"}],"wp:featuredmedia":[{"embeddable":true,"href":"https:\/\/radiobitacora.com.ar\/web\/wp-json\/wp\/v2\/media\/23918"}],"wp:attachment":[{"href":"https:\/\/radiobitacora.com.ar\/web\/wp-json\/wp\/v2\/media?parent=23917"}],"wp:term":[{"taxonomy":"category","embeddable":true,"href":"https:\/\/radiobitacora.com.ar\/web\/wp-json\/wp\/v2\/categories?post=23917"},{"taxonomy":"post_tag","embeddable":true,"href":"https:\/\/radiobitacora.com.ar\/web\/wp-json\/wp\/v2\/tags?post=23917"}],"curies":[{"name":"wp","href":"https:\/\/api.w.org\/{rel}","templated":true}]}}