{"id":23923,"date":"2025-06-12T19:44:01","date_gmt":"2025-06-12T22:44:01","guid":{"rendered":"https:\/\/radiobitacora.com.ar\/web\/?p=23923"},"modified":"2025-06-12T19:44:01","modified_gmt":"2025-06-12T22:44:01","slug":"goya-puso-en-marcha-un-plan-integral-de-bacheo-de-hormigon-en-calles-centricas-y-zonas-puntuales","status":"publish","type":"post","link":"https:\/\/radiobitacora.com.ar\/web\/2025\/06\/12\/goya-puso-en-marcha-un-plan-integral-de-bacheo-de-hormigon-en-calles-centricas-y-zonas-puntuales\/","title":{"rendered":"GOYA PUSO EN MARCHA UN PLAN INTEGRAL DE BACHEO DE HORMIG\u00d3N EN CALLES C\u00c9NTRICAS Y ZONAS PUNTUALES"},"content":{"rendered":"<p style=\"font-weight: 400;\">Con el objetivo de mejorar la transitabilidad y la seguridad vial, el intendente de Goya, doctor Mariano Hormaechea, encabez\u00f3 este mi\u00e9rcoles el lanzamiento de un programa integral de bacheo de hormig\u00f3n que abarcar\u00e1 tanto el casco c\u00e9ntrico como zonas puntuales fuera del centro. El jefe comunal estuvo acompa\u00f1ado por el secretario de Obras y Servicios P\u00fablicos, Guillermo Peluffo, y el subsecretario de Obras P\u00fablicas, V\u00edctor Verd\u00fan, quienes detallaron el alcance de esta importante intervenci\u00f3n urbana.<\/p>\n<p style=\"font-weight: 400;\">El plan se inicia a partir de un relevamiento exhaustivo realizado por el \u00e1rea t\u00e9cnica del municipio, que permiti\u00f3 identificar con precisi\u00f3n los sectores con losas deterioradas que requieren renovaci\u00f3n. \u201cYa existe un relevamiento completo de todo lo que hay que levantar; se trata nada m\u00e1s que de levantar lo que est\u00e1 deteriorado y rehacerlo con hormig\u00f3n\u201d, explic\u00f3 Peluffo.<\/p>\n<p><img loading=\"lazy\" decoding=\"async\" class=\"wp-image-23924 alignleft\" src=\"https:\/\/radiobitacora.com.ar\/web\/wp-content\/uploads\/2025\/06\/WhatsApp-Image-2025-06-12-at-10.11.54-1.jpeg\" alt=\"\" width=\"387\" height=\"258\" srcset=\"https:\/\/radiobitacora.com.ar\/web\/wp-content\/uploads\/2025\/06\/WhatsApp-Image-2025-06-12-at-10.11.54-1.jpeg 1600w, https:\/\/radiobitacora.com.ar\/web\/wp-content\/uploads\/2025\/06\/WhatsApp-Image-2025-06-12-at-10.11.54-1-696x464.jpeg 696w, https:\/\/radiobitacora.com.ar\/web\/wp-content\/uploads\/2025\/06\/WhatsApp-Image-2025-06-12-at-10.11.54-1-1068x712.jpeg 1068w, https:\/\/radiobitacora.com.ar\/web\/wp-content\/uploads\/2025\/06\/WhatsApp-Image-2025-06-12-at-10.11.54-1-630x420.jpeg 630w\" sizes=\"auto, (max-width: 387px) 100vw, 387px\" \/><\/p>\n<p style=\"font-weight: 400;\">El trabajo consiste en la extracci\u00f3n de las losas rajadas o desniveladas y su posterior reemplazo con nuevo hormig\u00f3n, asegurando una base s\u00f3lida mediante la colocaci\u00f3n de arena cemento, y contemplando tambi\u00e9n el tomado de juntas para garantizar mayor durabilidad.<\/p>\n<p style=\"font-weight: 400;\">En cuanto a la metodolog\u00eda, se aplicar\u00e1 una l\u00f3gica sectorizada, comenzando por la zona c\u00e9ntrica \u2014donde se concentra el tr\u00e1nsito vehicular \u2014 y extendi\u00e9ndose progresivamente hacia otros puntos de la ciudad ya identificados. En todos los casos, se busca minimizar las molestias a los vecinos y conductores, implementando cortes parciales o intervenciones por media calzada, siempre que sea posible.<\/p>\n<p><img loading=\"lazy\" decoding=\"async\" class=\"wp-image-23925 alignleft\" src=\"https:\/\/radiobitacora.com.ar\/web\/wp-content\/uploads\/2025\/06\/WhatsApp-Image-2025-06-12-at-10.11.53.jpeg\" alt=\"\" width=\"350\" height=\"233\" srcset=\"https:\/\/radiobitacora.com.ar\/web\/wp-content\/uploads\/2025\/06\/WhatsApp-Image-2025-06-12-at-10.11.53.jpeg 1600w, https:\/\/radiobitacora.com.ar\/web\/wp-content\/uploads\/2025\/06\/WhatsApp-Image-2025-06-12-at-10.11.53-696x464.jpeg 696w, https:\/\/radiobitacora.com.ar\/web\/wp-content\/uploads\/2025\/06\/WhatsApp-Image-2025-06-12-at-10.11.53-1068x712.jpeg 1068w, https:\/\/radiobitacora.com.ar\/web\/wp-content\/uploads\/2025\/06\/WhatsApp-Image-2025-06-12-at-10.11.53-630x420.jpeg 630w\" sizes=\"auto, (max-width: 350px) 100vw, 350px\" \/><\/p>\n<p style=\"font-weight: 400;\">\u201cEl criterio es evitar interrumpir el tr\u00e1nsito por completo. Se va a trabajar por tramos, de manera organizada, evaluando cada situaci\u00f3n puntual\u201d, indic\u00f3 Guillermo Peluffo, Secretario de Obras P\u00fablicas.<\/p>\n<p style=\"font-weight: 400;\">Con este lanzamiento, la Municipalidad de Goya reafirma su compromiso con el mantenimiento y mejora constante del espacio p\u00fablico, priorizando obras que impactan directamente en la calidad de vida de los vecinos.<\/p>\n<p style=\"font-weight: 400;\">\n<p style=\"font-weight: 400;\">\n<p style=\"font-weight: 400;\">\n<p style=\"font-weight: 400;\">Direcci\u00f3n de Prensa \u2013 Municipalidad de Goya.<\/p>\n","protected":false},"excerpt":{"rendered":"<p>Con el objetivo de mejorar la transitabilidad y la seguridad vial, el intendente de Goya, doctor Mariano Hormaechea, encabez\u00f3 este mi\u00e9rcoles el lanzamiento de un programa integral de bacheo de hormig\u00f3n que abarcar\u00e1 tanto el casco c\u00e9ntrico como zonas puntuales fuera del centro. El jefe comunal estuvo acompa\u00f1ado por el secretario de Obras y Servicios [&hellip;]<\/p>\n","protected":false},"author":2,"featured_media":23926,"comment_status":"closed","ping_status":"closed","sticky":false,"template":"","format":"standard","meta":{"footnotes":""},"categories":[1],"tags":[],"class_list":{"0":"post-23923","1":"post","2":"type-post","3":"status-publish","4":"format-standard","5":"has-post-thumbnail","7":"category-sin-categoria"},"_links":{"self":[{"href":"https:\/\/radiobitacora.com.ar\/web\/wp-json\/wp\/v2\/posts\/23923","targetHints":{"allow":["GET"]}}],"collection":[{"href":"https:\/\/radiobitacora.com.ar\/web\/wp-json\/wp\/v2\/posts"}],"about":[{"href":"https:\/\/radiobitacora.com.ar\/web\/wp-json\/wp\/v2\/types\/post"}],"author":[{"embeddable":true,"href":"https:\/\/radiobitacora.com.ar\/web\/wp-json\/wp\/v2\/users\/2"}],"replies":[{"embeddable":true,"href":"https:\/\/radiobitacora.com.ar\/web\/wp-json\/wp\/v2\/comments?post=23923"}],"version-history":[{"count":0,"href":"https:\/\/radiobitacora.com.ar\/web\/wp-json\/wp\/v2\/posts\/23923\/revisions"}],"wp:featuredmedia":[{"embeddable":true,"href":"https:\/\/radiobitacora.com.ar\/web\/wp-json\/wp\/v2\/media\/23926"}],"wp:attachment":[{"href":"https:\/\/radiobitacora.com.ar\/web\/wp-json\/wp\/v2\/media?parent=23923"}],"wp:term":[{"taxonomy":"category","embeddable":true,"href":"https:\/\/radiobitacora.com.ar\/web\/wp-json\/wp\/v2\/categories?post=23923"},{"taxonomy":"post_tag","embeddable":true,"href":"https:\/\/radiobitacora.com.ar\/web\/wp-json\/wp\/v2\/tags?post=23923"}],"curies":[{"name":"wp","href":"https:\/\/api.w.org\/{rel}","templated":true}]}}