{"id":23928,"date":"2025-06-12T19:55:33","date_gmt":"2025-06-12T22:55:33","guid":{"rendered":"https:\/\/radiobitacora.com.ar\/web\/?p=23928"},"modified":"2025-06-12T19:55:33","modified_gmt":"2025-06-12T22:55:33","slug":"premios-concurso-de-comidas-tipicas","status":"publish","type":"post","link":"https:\/\/radiobitacora.com.ar\/web\/2025\/06\/12\/premios-concurso-de-comidas-tipicas\/","title":{"rendered":"PREMIOS CONCURSO DE COMIDAS T\u00cdPICAS:"},"content":{"rendered":"<p style=\"font-weight: 400;\">MARIANO HORMAECHEA CONVOC\u00d3 A SEGUIR PENSANDO JUNTOS EL CRECIMIENTO DEL EVENTO<\/p>\n<p style=\"font-weight: 400;\">El intendente Mariano Hormaechea encabez\u00f3 el acto de premiaci\u00f3n de una propuesta que ya se consolida como tradici\u00f3n local. \u201cEsto vino para quedarse\u201d, afirm\u00f3.<\/p>\n<p style=\"font-weight: 400;\">Este jueves 12 de junio, en el Sal\u00f3n de Acuerdos de la Municipalidad de Goya, se llev\u00f3 a cabo el acto de entrega de premios del Concurso de Comidas T\u00edpicas 2025, una propuesta impulsada por el municipio junto a los Consejos Vecinales, que tuvo lugar el pasado 25 de mayo en el predio Costa Surub\u00ed, con la participaci\u00f3n de m\u00e1s de 30 comisiones.<\/p>\n<p style=\"font-weight: 400;\">El evento fue presidido por el intendente Mariano Hormaechea, acompa\u00f1ado por el secretario de Gobierno, doctor Pablo Fern\u00e1ndez, el director de Consejos Vecinales, Jos\u00e9 Casco, el presidente del Plenario de Consejos Vecinales, Carlos V\u00e1zquez, e\u00a0 integrantes del jurado del concurso como Lourdes Mart\u00ednez y los periodistas Patricia Sol Benetti y Javier Sol\u00eds.<\/p>\n<p><img loading=\"lazy\" decoding=\"async\" class=\"wp-image-23929 alignleft\" src=\"https:\/\/radiobitacora.com.ar\/web\/wp-content\/uploads\/2025\/06\/ENTREGA-DE-PREMIOS-9.jpeg\" alt=\"\" width=\"359\" height=\"247\" srcset=\"https:\/\/radiobitacora.com.ar\/web\/wp-content\/uploads\/2025\/06\/ENTREGA-DE-PREMIOS-9.jpeg 1548w, https:\/\/radiobitacora.com.ar\/web\/wp-content\/uploads\/2025\/06\/ENTREGA-DE-PREMIOS-9-100x70.jpeg 100w, https:\/\/radiobitacora.com.ar\/web\/wp-content\/uploads\/2025\/06\/ENTREGA-DE-PREMIOS-9-218x150.jpeg 218w, https:\/\/radiobitacora.com.ar\/web\/wp-content\/uploads\/2025\/06\/ENTREGA-DE-PREMIOS-9-696x479.jpeg 696w, https:\/\/radiobitacora.com.ar\/web\/wp-content\/uploads\/2025\/06\/ENTREGA-DE-PREMIOS-9-1068x735.jpeg 1068w, https:\/\/radiobitacora.com.ar\/web\/wp-content\/uploads\/2025\/06\/ENTREGA-DE-PREMIOS-9-610x420.jpeg 610w\" sizes=\"auto, (max-width: 359px) 100vw, 359px\" \/><\/p>\n<p style=\"font-weight: 400;\">Durante el acto, se entregaron distinciones a los cinco mejores platos t\u00edpicos del concurso. El jurado evalu\u00f3 diversos aspectos: la presentaci\u00f3n del plato, la manipulaci\u00f3n de los alimentos, la est\u00e9tica del stand y la vestimenta del cocinero o cocineros.<\/p>\n<p style=\"font-weight: 400;\">\n<ul>\n<li style=\"font-weight: 400;\">1\u00ba lugar: Barrio Laguna Bosco (buseca). Entreg\u00f3 el intendente Mariano Hormaechea.<\/li>\n<li style=\"font-weight: 400;\">2\u00ba lugar: Barrio Prefectura Naval (empanadas). Entregaron Pablo Fern\u00e1ndez y el intendente Hormaechea.<\/li>\n<li style=\"font-weight: 400;\">3\u00ba lugar: Barrio Virgen de Lourdes (buseca). Entreg\u00f3 Carlos V\u00e1zquez.<\/li>\n<\/ul>\n<p style=\"font-weight: 400;\">* \u00a0\u00a0\u00a0\u00a0\u00a0\u00a0\u00a0\u00a0\u00a0\u00a0\u00a0 4\u00ba lugar: Hockey San Ram\u00f3n (pastelitos). Entreg\u00f3 Jos\u00e9 Casco.<\/p>\n<ul>\n<li style=\"font-weight: 400;\">5\u00ba lugar: \u201cAmigos Peregrinos\u201d (empanadas). Entregaron Patricia Sol Benetti, Lourdes Mart\u00ednez y Javier Sol\u00eds.<\/li>\n<\/ul>\n<p><img loading=\"lazy\" decoding=\"async\" class=\"wp-image-23930 alignleft\" src=\"https:\/\/radiobitacora.com.ar\/web\/wp-content\/uploads\/2025\/06\/ENTREGA-DE-PREMIOS-4.jpeg\" alt=\"\" width=\"344\" height=\"229\" srcset=\"https:\/\/radiobitacora.com.ar\/web\/wp-content\/uploads\/2025\/06\/ENTREGA-DE-PREMIOS-4.jpeg 1600w, https:\/\/radiobitacora.com.ar\/web\/wp-content\/uploads\/2025\/06\/ENTREGA-DE-PREMIOS-4-696x464.jpeg 696w, https:\/\/radiobitacora.com.ar\/web\/wp-content\/uploads\/2025\/06\/ENTREGA-DE-PREMIOS-4-1068x712.jpeg 1068w, https:\/\/radiobitacora.com.ar\/web\/wp-content\/uploads\/2025\/06\/ENTREGA-DE-PREMIOS-4-630x420.jpeg 630w\" sizes=\"auto, (max-width: 344px) 100vw, 344px\" \/><\/p>\n<p style=\"font-weight: 400;\">EL INTENDENTE HORMAECHEA: \u201cESTE EVENTO VINO PARA QUEDARSE\u201d<\/p>\n<p style=\"font-weight: 400;\">En su intervenci\u00f3n, el intendente Mariano Hormaechea destac\u00f3 el compromiso de las comisiones vecinales: \u201cQuiero agradecer a las comisiones vecinales de todos los barrios por el compromiso con su comunidad. Esta actividad es una m\u00e1s de tantas que realizamos juntos durante el a\u00f1o, y que se suma al trabajo social enorme que hacen en cada barrio\u201d.<\/p>\n<p style=\"font-weight: 400;\">Ponder\u00f3 adem\u00e1s el trabajo del jurado: \u201cAgradezco tambi\u00e9n a los jurados que se sumaron. Su aporte fue muy importante. Esta actividad de las comidas t\u00edpicas del 25 de mayo ya es parte del calendario de la ciudad. Se hizo con la intenci\u00f3n de celebrar la fecha patria, pero tambi\u00e9n de generar un ingreso tan necesario para las comisiones vecinales\u201d.<\/p>\n<p style=\"font-weight: 400;\">El jefe comunal celebr\u00f3 el \u00e9xito de la feria: \u201cSe pudo vender todo. El desaf\u00edo ahora es que juntos pensemos c\u00f3mo mejorar para que el a\u00f1o que viene pueda capitalizarse m\u00e1s y generar m\u00e1s ingresos para que las comisiones inviertan en sus barrios\u201d.<\/p>\n<p style=\"font-weight: 400;\">Adem\u00e1s, dej\u00f3 abierta la puerta a nuevas ideas: \u201cTenemos todo un a\u00f1o por delante para conversar, escuchar propuestas, inquietudes, ideas o riesgos. Las puertas del municipio est\u00e1n abiertas para que esta fiesta cultural y gastron\u00f3mica siga creciendo. Celebramos una fecha hist\u00f3rica trabajando juntos\u201d.<\/p>\n<p style=\"font-weight: 400;\">Y cerr\u00f3 con un llamado a la creatividad y al compromiso: \u201cComo dijo Patricia, no se trata solo de hacer la comida m\u00e1s rica, sino de sumar condimentos como la presentaci\u00f3n del stand, la vestimenta, el servicio. Todo suma y potencia esta propuesta. Ya est\u00e1 la iniciativa en marcha y vamos a generar espacios para organizar la pr\u00f3xima edici\u00f3n\u201d.<\/p>\n<p><img loading=\"lazy\" decoding=\"async\" class=\"wp-image-23931 alignleft\" src=\"https:\/\/radiobitacora.com.ar\/web\/wp-content\/uploads\/2025\/06\/ENTREGA-DE-PREMIOS-5.jpeg\" alt=\"\" width=\"397\" height=\"282\" srcset=\"https:\/\/radiobitacora.com.ar\/web\/wp-content\/uploads\/2025\/06\/ENTREGA-DE-PREMIOS-5.jpeg 1502w, https:\/\/radiobitacora.com.ar\/web\/wp-content\/uploads\/2025\/06\/ENTREGA-DE-PREMIOS-5-100x70.jpeg 100w, https:\/\/radiobitacora.com.ar\/web\/wp-content\/uploads\/2025\/06\/ENTREGA-DE-PREMIOS-5-696x494.jpeg 696w, https:\/\/radiobitacora.com.ar\/web\/wp-content\/uploads\/2025\/06\/ENTREGA-DE-PREMIOS-5-1068x758.jpeg 1068w, https:\/\/radiobitacora.com.ar\/web\/wp-content\/uploads\/2025\/06\/ENTREGA-DE-PREMIOS-5-592x420.jpeg 592w\" sizes=\"auto, (max-width: 397px) 100vw, 397px\" \/><\/p>\n<p style=\"font-weight: 400;\">PATRICIA SOL BENETTI: \u201cUN PLATO DE COMIDA QUE TANTO NOS UNE\u201d<\/p>\n<p style=\"font-weight: 400;\">La periodista Patricia Sol Benetti, en representaci\u00f3n del jurado, emocion\u00f3 a los presentes con sus palabras: \u201cFue un honor y un orgullo haber compartido ese tiempo con todos ustedes. A pesar del fr\u00edo y la lluvia de ese 25 de mayo, vivimos un d\u00eda patrio pensando en nuestra identidad, que tambi\u00e9n se expresa en un plato de comida que tanto nos une\u201d.<\/p>\n<p style=\"font-weight: 400;\">Felicit\u00f3 a todos los participantes: \u201cM\u00e1s all\u00e1 de los ganadores, todos pusieron lo mejor de s\u00ed. Algunos platos eran espectaculares, pero falt\u00f3 tener en cuenta otros aspectos que tambi\u00e9n eran parte de la evaluaci\u00f3n. Eso es algo a mejorar, tanto desde los participantes como desde el municipio y nosotros como comunicadores\u201d.<\/p>\n<p style=\"font-weight: 400;\">Finalmente, valor\u00f3 la iniciativa: \u201cFelicitaciones al municipio por esta propuesta que permite no solo celebrar nuestra identidad, sino tambi\u00e9n recaudar recursos para las obras que emprenden los consejos vecinales. Ojal\u00e1 se repita todos los a\u00f1os\u201d.<\/p>\n<p style=\"font-weight: 400;\">CARLOS V\u00c1ZQUEZ: \u201cEL APOYO DEL INTENDENTE ES FUNDAMENTAL\u201d<\/p>\n<p style=\"font-weight: 400;\">Por su parte, el presidente del Plenario de Consejos Vecinales, Carlos V\u00e1zquez, expres\u00f3: \u201cGracias por estar y acompa\u00f1ar esta iniciativa que surgi\u00f3 de ustedes, Jos\u00e9, y sobre todo del intendente, que siempre apoya a los consejos vecinales\u201d.<\/p>\n<p style=\"font-weight: 400;\">V\u00e1zquez subray\u00f3 la importancia del incentivo otorgado por la comuna: \u201cEste incentivo que entrega el intendente es muy importante para los proyectos que cada comisi\u00f3n tiene en su barrio. Todos pusieron su esfuerzo, y eso merece reconocimiento\u201d.<\/p>\n<p><img loading=\"lazy\" decoding=\"async\" class=\"wp-image-23932 alignleft\" src=\"https:\/\/radiobitacora.com.ar\/web\/wp-content\/uploads\/2025\/06\/ENTREGA-DE-PREMIOS-7.jpeg\" alt=\"\" width=\"336\" height=\"247\" srcset=\"https:\/\/radiobitacora.com.ar\/web\/wp-content\/uploads\/2025\/06\/ENTREGA-DE-PREMIOS-7.jpeg 1450w, https:\/\/radiobitacora.com.ar\/web\/wp-content\/uploads\/2025\/06\/ENTREGA-DE-PREMIOS-7-80x60.jpeg 80w, https:\/\/radiobitacora.com.ar\/web\/wp-content\/uploads\/2025\/06\/ENTREGA-DE-PREMIOS-7-696x512.jpeg 696w, https:\/\/radiobitacora.com.ar\/web\/wp-content\/uploads\/2025\/06\/ENTREGA-DE-PREMIOS-7-1068x785.jpeg 1068w, https:\/\/radiobitacora.com.ar\/web\/wp-content\/uploads\/2025\/06\/ENTREGA-DE-PREMIOS-7-571x420.jpeg 571w\" sizes=\"auto, (max-width: 336px) 100vw, 336px\" \/><\/p>\n<p style=\"font-weight: 400;\">UNA PROPUESTA QUE UNE CULTURA, TRADICI\u00d3N Y COMUNIDAD<\/p>\n<p style=\"font-weight: 400;\">El Concurso de Comidas T\u00edpicas se consolida como una expresi\u00f3n aut\u00e9ntica de la identidad goyana. Lo gastron\u00f3mico, lo social y lo barrial se entrelazan en una actividad que ya se gan\u00f3 el coraz\u00f3n de la comunidad.<\/p>\n<p style=\"font-weight: 400;\">Como dijo el intendente Hormaechea: \u201cEs una celebraci\u00f3n de nuestras ra\u00edces, pero tambi\u00e9n una oportunidad para trabajar juntos y fortalecer los lazos que nos unen como ciudad\u201d.<\/p>\n<p style=\"font-weight: 400;\">\n<p style=\"font-weight: 400;\">Direcci\u00f3n de Prensa \u2013 Municipalidad de Goya.<\/p>\n","protected":false},"excerpt":{"rendered":"<p>MARIANO HORMAECHEA CONVOC\u00d3 A SEGUIR PENSANDO JUNTOS EL CRECIMIENTO DEL EVENTO El intendente Mariano Hormaechea encabez\u00f3 el acto de premiaci\u00f3n de una propuesta que ya se consolida como tradici\u00f3n local. \u201cEsto vino para quedarse\u201d, afirm\u00f3. Este jueves 12 de junio, en el Sal\u00f3n de Acuerdos de la Municipalidad de Goya, se llev\u00f3 a cabo el [&hellip;]<\/p>\n","protected":false},"author":2,"featured_media":23933,"comment_status":"closed","ping_status":"closed","sticky":false,"template":"","format":"standard","meta":{"footnotes":""},"categories":[56],"tags":[],"class_list":{"0":"post-23928","1":"post","2":"type-post","3":"status-publish","4":"format-standard","5":"has-post-thumbnail","7":"category-locales"},"_links":{"self":[{"href":"https:\/\/radiobitacora.com.ar\/web\/wp-json\/wp\/v2\/posts\/23928","targetHints":{"allow":["GET"]}}],"collection":[{"href":"https:\/\/radiobitacora.com.ar\/web\/wp-json\/wp\/v2\/posts"}],"about":[{"href":"https:\/\/radiobitacora.com.ar\/web\/wp-json\/wp\/v2\/types\/post"}],"author":[{"embeddable":true,"href":"https:\/\/radiobitacora.com.ar\/web\/wp-json\/wp\/v2\/users\/2"}],"replies":[{"embeddable":true,"href":"https:\/\/radiobitacora.com.ar\/web\/wp-json\/wp\/v2\/comments?post=23928"}],"version-history":[{"count":0,"href":"https:\/\/radiobitacora.com.ar\/web\/wp-json\/wp\/v2\/posts\/23928\/revisions"}],"wp:featuredmedia":[{"embeddable":true,"href":"https:\/\/radiobitacora.com.ar\/web\/wp-json\/wp\/v2\/media\/23933"}],"wp:attachment":[{"href":"https:\/\/radiobitacora.com.ar\/web\/wp-json\/wp\/v2\/media?parent=23928"}],"wp:term":[{"taxonomy":"category","embeddable":true,"href":"https:\/\/radiobitacora.com.ar\/web\/wp-json\/wp\/v2\/categories?post=23928"},{"taxonomy":"post_tag","embeddable":true,"href":"https:\/\/radiobitacora.com.ar\/web\/wp-json\/wp\/v2\/tags?post=23928"}],"curies":[{"name":"wp","href":"https:\/\/api.w.org\/{rel}","templated":true}]}}