{"id":23935,"date":"2025-06-12T19:58:01","date_gmt":"2025-06-12T22:58:01","guid":{"rendered":"https:\/\/radiobitacora.com.ar\/web\/?p=23935"},"modified":"2025-06-12T19:58:16","modified_gmt":"2025-06-12T22:58:16","slug":"cultura-en-accion-se-viene-la-7a-edicion-de-la-feria-del-libro-goya","status":"publish","type":"post","link":"https:\/\/radiobitacora.com.ar\/web\/2025\/06\/12\/cultura-en-accion-se-viene-la-7a-edicion-de-la-feria-del-libro-goya\/","title":{"rendered":"\u201cCULTURA EN ACCI\u00d3N\u201d: SE VIENE LA 7\u00aa EDICI\u00d3N DE LA FERIA DEL LIBRO GOYA"},"content":{"rendered":"<p style=\"font-weight: 400;\">La ciudad se prepara para vivir uno de los acontecimientos culturales m\u00e1s esperados del a\u00f1o: del 4 al 13 de julio se desarrollar\u00e1 la 7\u00aa edici\u00f3n de la Feria del Libro de Goya. El evento, organizado por la Secretar\u00eda de Educaci\u00f3n de la Municipalidad de Goya, promete ser un punto de encuentro entre autores, lectores, artistas y familias, con propuestas para todas las edades.<\/p>\n<p style=\"font-weight: 400;\">El Multiespacio Antonio Villarreal, en el Predio Costa Surub\u00ed, ser\u00e1 el escenario donde se desplegar\u00e1 esta fiesta del libro y las palabras. Durante diez d\u00edas, el p\u00fablico podr\u00e1 recorrer los stands de escritores y expositores que ofrecer\u00e1n una amplia y diversa selecci\u00f3n de t\u00edtulos para todos los gustos.<\/p>\n<p style=\"font-weight: 400;\">Adem\u00e1s, la Feria ser\u00e1 una verdadera experiencia cultural con la presencia de m\u00fasica en vivo, charlas, talleres, propuestas gastron\u00f3micas y actividades recreativas, pensadas para que cada jornada se transforme en una vivencia \u00fanica y enriquecedora.<\/p>\n<p style=\"font-weight: 400;\">\u201cVen\u00ed a disfrutar de un ambiente literario \u00fanico y encontr\u00e1 tu pr\u00f3ximo libro favorito\u201d, invitan desde la organizaci\u00f3n, en una apuesta por acercar el mundo de la lectura a toda la comunidad, en un espacio de acceso libre, gratuito e inclusivo.<\/p>\n<p style=\"font-weight: 400;\">La Feria del Libro de Goya se consolida a\u00f1o tras a\u00f1o como el gran evento cultural de la regi\u00f3n, uniendo arte, conocimiento y participaci\u00f3n ciudadana.<\/p>\n<p style=\"font-weight: 400;\">\u00a1Est\u00e1n todos invitados a ser parte de esta celebraci\u00f3n de la cultura viva en Goya!<\/p>\n<p style=\"font-weight: 400;\">#feriadellibrogoya<\/p>\n<p style=\"font-weight: 400;\">#vuelvelaferia<\/p>\n<p style=\"font-weight: 400;\">#fdlgoya<\/p>\n<p style=\"font-weight: 400;\">Direcci\u00f3n de Prensa \u2013 Municipalidad de Goya<\/p>\n","protected":false},"excerpt":{"rendered":"<p>La ciudad se prepara para vivir uno de los acontecimientos culturales m\u00e1s esperados del a\u00f1o: del 4 al 13 de julio se desarrollar\u00e1 la 7\u00aa edici\u00f3n de la Feria del Libro de Goya. El evento, organizado por la Secretar\u00eda de Educaci\u00f3n de la Municipalidad de Goya, promete ser un punto de encuentro entre autores, lectores, [&hellip;]<\/p>\n","protected":false},"author":2,"featured_media":23936,"comment_status":"closed","ping_status":"closed","sticky":false,"template":"","format":"standard","meta":{"footnotes":""},"categories":[56],"tags":[],"class_list":{"0":"post-23935","1":"post","2":"type-post","3":"status-publish","4":"format-standard","5":"has-post-thumbnail","7":"category-locales"},"_links":{"self":[{"href":"https:\/\/radiobitacora.com.ar\/web\/wp-json\/wp\/v2\/posts\/23935","targetHints":{"allow":["GET"]}}],"collection":[{"href":"https:\/\/radiobitacora.com.ar\/web\/wp-json\/wp\/v2\/posts"}],"about":[{"href":"https:\/\/radiobitacora.com.ar\/web\/wp-json\/wp\/v2\/types\/post"}],"author":[{"embeddable":true,"href":"https:\/\/radiobitacora.com.ar\/web\/wp-json\/wp\/v2\/users\/2"}],"replies":[{"embeddable":true,"href":"https:\/\/radiobitacora.com.ar\/web\/wp-json\/wp\/v2\/comments?post=23935"}],"version-history":[{"count":0,"href":"https:\/\/radiobitacora.com.ar\/web\/wp-json\/wp\/v2\/posts\/23935\/revisions"}],"wp:featuredmedia":[{"embeddable":true,"href":"https:\/\/radiobitacora.com.ar\/web\/wp-json\/wp\/v2\/media\/23936"}],"wp:attachment":[{"href":"https:\/\/radiobitacora.com.ar\/web\/wp-json\/wp\/v2\/media?parent=23935"}],"wp:term":[{"taxonomy":"category","embeddable":true,"href":"https:\/\/radiobitacora.com.ar\/web\/wp-json\/wp\/v2\/categories?post=23935"},{"taxonomy":"post_tag","embeddable":true,"href":"https:\/\/radiobitacora.com.ar\/web\/wp-json\/wp\/v2\/tags?post=23935"}],"curies":[{"name":"wp","href":"https:\/\/api.w.org\/{rel}","templated":true}]}}