{"id":23944,"date":"2025-06-12T20:08:34","date_gmt":"2025-06-12T23:08:34","guid":{"rendered":"https:\/\/radiobitacora.com.ar\/web\/?p=23944"},"modified":"2025-06-12T20:09:50","modified_gmt":"2025-06-12T23:09:50","slug":"los-jardineros-participaran-de-su-concurso-de-pesca-de-costa-en-el-inga","status":"publish","type":"post","link":"https:\/\/radiobitacora.com.ar\/web\/2025\/06\/12\/los-jardineros-participaran-de-su-concurso-de-pesca-de-costa-en-el-inga\/","title":{"rendered":"LOS JARDINEROS PARTICIPAR\u00c1N DE SU CONCURSO DE PESCA DE COSTA EN EL INGA"},"content":{"rendered":"<p style=\"font-weight: 400;\">Lorena Jara \u2013JIN N\u00b0 12<\/p>\n<p style=\"font-weight: 400;\">La vicedirectora del JIN N\u00b012, Lorena Jara, en contacto con Radio Ciudad coment\u00f3 sobre la realizaci\u00f3n de su 3\u00aa edici\u00f3n del Concurso de Pesca de Costa, en Playa El Inga, el s\u00e1bado 14 de junio desde las 9 horas.<\/p>\n<p style=\"font-weight: 400;\">La docente explic\u00f3 que el Jard\u00edn de Infantes Nucleado comprende 15 salas de 4 y 5 a\u00f1os; y este encuentro de pesca forma parte del Proyecto Institucional de la entidad educativa. Es la finalizaci\u00f3n, como parte de la formaci\u00f3n en relaci\u00f3n al Concurso Nacional del Surub\u00ed, el Mundial de Pesca. \u201cEntendimos que durante la fecha del Mundial de Pesca todos estar\u00edan abocados a ese certamen, por lo que propusimos correr nuestra fecha y hacerlo el s\u00e1bado 14 en el escenario costero de la costanera norte, el Inga\u201d, explic\u00f3.<\/p>\n<p style=\"font-weight: 400;\">La maestra jardinera coment\u00f3 que para este concurso siempre cuentan con la colaboraci\u00f3n de la Barra Pesquera del Club Hurac\u00e1n.<\/p>\n<p style=\"font-weight: 400;\">DESARROLLO DEL CONCURSO<\/p>\n<p style=\"font-weight: 400;\">La vicedirectora del jard\u00edn se\u00f1al\u00f3: \u201cPara la fecha del s\u00e1bado hemos establecido la modalidad de hacer por horario: de 9 a 10 horas, los ni\u00f1os de las salas de 5 a\u00f1os; y desde las 10 hasta las 11 horas, los de las salas de 4 a\u00f1os\u201d.<\/p>\n<p style=\"font-weight: 400;\">En el di\u00e1logo radial reconoci\u00f3 el acompa\u00f1amiento y apoyo de la Municipalidad, \u201cdesde el propio intendente Mariano Hormaechea, la secretaria de Educaci\u00f3n Sonia Espina, el director de Deportes Alejandro Lago, y debemos agradecer que nos hayan facilitado el servicio de ambulancia con sus respectivos agentes, los integrantes del EMU\u201d.<\/p>\n<p style=\"font-weight: 400;\"><img loading=\"lazy\" decoding=\"async\" class=\"aligncenter size-full wp-image-23948\" src=\"https:\/\/radiobitacora.com.ar\/web\/wp-content\/uploads\/2025\/06\/481711153_953160113593191_8704038308034500925_n-1.jpg\" alt=\"\" width=\"1600\" height=\"1066\" srcset=\"https:\/\/radiobitacora.com.ar\/web\/wp-content\/uploads\/2025\/06\/481711153_953160113593191_8704038308034500925_n-1.jpg 1600w, https:\/\/radiobitacora.com.ar\/web\/wp-content\/uploads\/2025\/06\/481711153_953160113593191_8704038308034500925_n-1-696x464.jpg 696w, https:\/\/radiobitacora.com.ar\/web\/wp-content\/uploads\/2025\/06\/481711153_953160113593191_8704038308034500925_n-1-1068x712.jpg 1068w, https:\/\/radiobitacora.com.ar\/web\/wp-content\/uploads\/2025\/06\/481711153_953160113593191_8704038308034500925_n-1-630x420.jpg 630w\" sizes=\"auto, (max-width: 1600px) 100vw, 1600px\" \/><\/p>\n<p style=\"font-weight: 400;\">APOYO Y COLABORACI\u00d3N<\/p>\n<p style=\"font-weight: 400;\">\u201cPara la organizaci\u00f3n del concurso de pesca de costa contamos como todas las ediciones con la colaboraci\u00f3n de los integrantes de la Barra Pesquera del Club Hurac\u00e1n, que ofician de fiscales del certamen. Adem\u00e1s del acompa\u00f1amiento de las docentes y la familia de los \u201cjardineritos\u201d. Es una excelente oportunidad para ir a la costa y estar junto a nuestros ni\u00f1os\u201d, sostuvo.<\/p>\n<p style=\"font-weight: 400;\">\u201cPara la jornada deportiva estimamos la participaci\u00f3n de unos 450 ni\u00f1os con sus familias\u201d.<\/p>\n<p style=\"font-weight: 400;\">Tambi\u00e9n explic\u00f3 que se ha fijado una fecha alternativa ante el eventual caso de malas condiciones clim\u00e1ticas, particularmente lluvias. Si ello ocurriera, la realizaci\u00f3n del evento se traslada al 28 del corriente mes, a la misma hora, con la misma modalidad.<\/p>\n<p style=\"font-weight: 400;\">La docente afirm\u00f3 que se \u00a0inculca a los ni\u00f1os la pesca y devoluci\u00f3n, \u201cporque en este espacio l\u00fadico, de entretenimiento, est\u00e1 basado en contenidos curriculares, en el marco del proyecto institucional que desarrollamos\u201d.<\/p>\n<p style=\"font-weight: 400;\">Por \u00faltimo, la vicedirectora del JIN N\u00b012 Lorena Jara curs\u00f3 la invitaci\u00f3n al p\u00fablico en general a que asista \u201ccon su mate y silleta para acompa\u00f1ar a los ni\u00f1os pescadores\u201d, donde podr\u00e1n desatar toda la pasi\u00f3n por este deporte.<\/p>\n<p style=\"font-weight: 400;\">Direcci\u00f3n de Prensa-Municipalidad de Goya<\/p>\n","protected":false},"excerpt":{"rendered":"<p>Lorena Jara \u2013JIN N\u00b0 12 La vicedirectora del JIN N\u00b012, Lorena Jara, en contacto con Radio Ciudad coment\u00f3 sobre la realizaci\u00f3n de su 3\u00aa edici\u00f3n del Concurso de Pesca de Costa, en Playa El Inga, el s\u00e1bado 14 de junio desde las 9 horas. La docente explic\u00f3 que el Jard\u00edn de Infantes Nucleado comprende 15 [&hellip;]<\/p>\n","protected":false},"author":2,"featured_media":23947,"comment_status":"closed","ping_status":"closed","sticky":false,"template":"","format":"standard","meta":{"footnotes":""},"categories":[56],"tags":[],"class_list":{"0":"post-23944","1":"post","2":"type-post","3":"status-publish","4":"format-standard","5":"has-post-thumbnail","7":"category-locales"},"_links":{"self":[{"href":"https:\/\/radiobitacora.com.ar\/web\/wp-json\/wp\/v2\/posts\/23944","targetHints":{"allow":["GET"]}}],"collection":[{"href":"https:\/\/radiobitacora.com.ar\/web\/wp-json\/wp\/v2\/posts"}],"about":[{"href":"https:\/\/radiobitacora.com.ar\/web\/wp-json\/wp\/v2\/types\/post"}],"author":[{"embeddable":true,"href":"https:\/\/radiobitacora.com.ar\/web\/wp-json\/wp\/v2\/users\/2"}],"replies":[{"embeddable":true,"href":"https:\/\/radiobitacora.com.ar\/web\/wp-json\/wp\/v2\/comments?post=23944"}],"version-history":[{"count":0,"href":"https:\/\/radiobitacora.com.ar\/web\/wp-json\/wp\/v2\/posts\/23944\/revisions"}],"wp:featuredmedia":[{"embeddable":true,"href":"https:\/\/radiobitacora.com.ar\/web\/wp-json\/wp\/v2\/media\/23947"}],"wp:attachment":[{"href":"https:\/\/radiobitacora.com.ar\/web\/wp-json\/wp\/v2\/media?parent=23944"}],"wp:term":[{"taxonomy":"category","embeddable":true,"href":"https:\/\/radiobitacora.com.ar\/web\/wp-json\/wp\/v2\/categories?post=23944"},{"taxonomy":"post_tag","embeddable":true,"href":"https:\/\/radiobitacora.com.ar\/web\/wp-json\/wp\/v2\/tags?post=23944"}],"curies":[{"name":"wp","href":"https:\/\/api.w.org\/{rel}","templated":true}]}}