{"id":23957,"date":"2025-06-13T10:03:12","date_gmt":"2025-06-13T13:03:12","guid":{"rendered":"https:\/\/radiobitacora.com.ar\/web\/?p=23957"},"modified":"2025-06-13T10:03:12","modified_gmt":"2025-06-13T13:03:12","slug":"modernizacion-en-gobiernos-locales","status":"publish","type":"post","link":"https:\/\/radiobitacora.com.ar\/web\/2025\/06\/13\/modernizacion-en-gobiernos-locales\/","title":{"rendered":"MODERNIZACI\u00d3N EN GOBIERNOS LOCALES"},"content":{"rendered":"<p style=\"font-weight: 400;\">Goya, sede de la Mesa de Trabajo, cont\u00f3 con la presencia y participaci\u00f3n de los intendentes de la regi\u00f3n.<\/p>\n<p style=\"font-weight: 400;\">Organizado por el Instituto Provincial de Estad\u00edstica y Ciencia de Datos, en colaboraci\u00f3n con TELCO del Gobierno de Corrientes, en el nuevo edificio de la Usina del Conocimiento se realiz\u00f3 la jornada junto a intendentes de la Regi\u00f3n R\u00edo Santa Luc\u00eda.<\/p>\n<p style=\"font-weight: 400;\">Los jefes comunales de Bella Vista, Noelia Bazzi, de Lavalle, Hugo Perrotta, y de San Isidro, Carlos Mart\u00ednez, dejaron sus consideraciones sobre el encuentro, donde se compartieron experiencias, se elabor\u00f3 un diagn\u00f3stico com\u00fan sobre la gesti\u00f3n p\u00fablica local, desde los valiosos aportes que acercan a una gesti\u00f3n m\u00e1s moderna, eficiente y participativa.<\/p>\n<p style=\"font-weight: 400;\"><img loading=\"lazy\" decoding=\"async\" class=\"wp-image-23958 alignleft\" src=\"https:\/\/radiobitacora.com.ar\/web\/wp-content\/uploads\/2025\/06\/MODERNIZACION-DE-MUNICIPIOS-1-NOELIA-BAZZI-INTENDENTE-BELLA-VISTA.jpg\" alt=\"\" width=\"400\" height=\"302\" srcset=\"https:\/\/radiobitacora.com.ar\/web\/wp-content\/uploads\/2025\/06\/MODERNIZACION-DE-MUNICIPIOS-1-NOELIA-BAZZI-INTENDENTE-BELLA-VISTA.jpg 1410w, https:\/\/radiobitacora.com.ar\/web\/wp-content\/uploads\/2025\/06\/MODERNIZACION-DE-MUNICIPIOS-1-NOELIA-BAZZI-INTENDENTE-BELLA-VISTA-80x60.jpg 80w, https:\/\/radiobitacora.com.ar\/web\/wp-content\/uploads\/2025\/06\/MODERNIZACION-DE-MUNICIPIOS-1-NOELIA-BAZZI-INTENDENTE-BELLA-VISTA-696x526.jpg 696w, https:\/\/radiobitacora.com.ar\/web\/wp-content\/uploads\/2025\/06\/MODERNIZACION-DE-MUNICIPIOS-1-NOELIA-BAZZI-INTENDENTE-BELLA-VISTA-1068x807.jpg 1068w, https:\/\/radiobitacora.com.ar\/web\/wp-content\/uploads\/2025\/06\/MODERNIZACION-DE-MUNICIPIOS-1-NOELIA-BAZZI-INTENDENTE-BELLA-VISTA-556x420.jpg 556w\" sizes=\"auto, (max-width: 400px) 100vw, 400px\" \/><\/p>\n<p style=\"font-weight: 400;\">INTENDENTE DE BELLA VISTA<\/p>\n<p style=\"font-weight: 400;\">\u201cEl Plan Estrat\u00e9gico Participativo es la base fundamental de toda ciudad que crece\u201d, afirm\u00f3 la intendente de Bella Vista.<\/p>\n<p style=\"font-weight: 400;\">\n<p style=\"font-weight: 400;\">INTEGRACI\u00d3N DE LOS MUNICIPIOS DE LA MICRORREGI\u00d3N<\/p>\n<p style=\"font-weight: 400;\">Noelia Bazzi, sobre la mesa de trabajo de modernizaci\u00f3n de los gobiernos locales, opin\u00f3: \u201cTodo lo que est\u00e9 relacionado al trabajo, a la integraci\u00f3n de la Microrregi\u00f3n R\u00edo Santa Luc\u00eda, la articulaci\u00f3n de los intendentes con el gobierno de la provincia, es fundamental. En esta propuesta de transmitirnos experiencias y conocer el desarrollo de TELCO, el Instituto de Datos de Ciencias de Corrientes, suman herramientas a los municipios sobre la modernizaci\u00f3n que propone el gobierno provincial\u201d.<\/p>\n<p style=\"font-weight: 400;\">\n<p style=\"font-weight: 400;\">PLAN ESTRAT\u00c9GICO PARTICIPATIVO BELLA VISTA 2035<\/p>\n<p style=\"font-weight: 400;\">La intendente coment\u00f3: \u201cEn el trabajo de modernizaci\u00f3n y desarrollo es necesario contar con un Plan Estrat\u00e9gico Participativo, es la base de toda ciudad que crece, como la nuestra, y las que est\u00e1n en la costa del Paran\u00e1. Nosotros estamos en la etapa final, para la impresi\u00f3n del documento Bella Vista 2035, lo hacemos a 10 a\u00f1os porque iniciamos tarde en relaci\u00f3n a otras municipalidades, de all\u00ed el planteo de 2023 a 7 a\u00f1os era poco, por eso pusimos hasta 2035. Estimo que para el mes de julio haremos la presentaci\u00f3n correspondiente\u201d.<\/p>\n<p style=\"font-weight: 400;\">\n<p style=\"font-weight: 400;\">ELECCIONES ADHESI\u00d3N AL DECRETO PROVINCIAL<\/p>\n<p style=\"font-weight: 400;\">Finalmente, Noelia Bazzi indic\u00f3 sobre el llamado a elecciones en su municipalidad: \u201cNosotros elevamos desde el Ejecutivo al Concejo Deliberante el llamado a elecciones adhiriendo al decreto provincial, pero con esta particularidad precisamos el aval de los concejales, algo que de manera un\u00e1nime hemos logrado, as\u00ed que estaremos convoc\u00e1ndonos para el 31 de agosto, poniendo en consideraci\u00f3n nuestra gesti\u00f3n municipal, teniendo mucha fe que todo este trabajo ser\u00e1 reconocido por los ciudadanos\u201d.<\/p>\n<p style=\"font-weight: 400;\"><img loading=\"lazy\" decoding=\"async\" class=\"wp-image-23959 alignleft\" src=\"https:\/\/radiobitacora.com.ar\/web\/wp-content\/uploads\/2025\/06\/MODERNIZACION-DE-MUNICIPIOS-3-HUGO-PERROTTA-INTENDENTE-DE-LAVALLE.jpg\" alt=\"\" width=\"417\" height=\"556\" srcset=\"https:\/\/radiobitacora.com.ar\/web\/wp-content\/uploads\/2025\/06\/MODERNIZACION-DE-MUNICIPIOS-3-HUGO-PERROTTA-INTENDENTE-DE-LAVALLE.jpg 3000w, https:\/\/radiobitacora.com.ar\/web\/wp-content\/uploads\/2025\/06\/MODERNIZACION-DE-MUNICIPIOS-3-HUGO-PERROTTA-INTENDENTE-DE-LAVALLE-696x928.jpg 696w, https:\/\/radiobitacora.com.ar\/web\/wp-content\/uploads\/2025\/06\/MODERNIZACION-DE-MUNICIPIOS-3-HUGO-PERROTTA-INTENDENTE-DE-LAVALLE-1068x1424.jpg 1068w, https:\/\/radiobitacora.com.ar\/web\/wp-content\/uploads\/2025\/06\/MODERNIZACION-DE-MUNICIPIOS-3-HUGO-PERROTTA-INTENDENTE-DE-LAVALLE-315x420.jpg 315w\" sizes=\"auto, (max-width: 417px) 100vw, 417px\" \/><\/p>\n<p style=\"font-weight: 400;\">INTENDENTE DE LAVALLE<\/p>\n<p style=\"font-weight: 400;\">\u201cNuestra localidad es la que m\u00e1s creci\u00f3 en la provincia: un 38% en relaci\u00f3n al 22% promedio en toda la provincia\u201d, se\u00f1al\u00f3 Perrotta.<\/p>\n<p style=\"font-weight: 400;\">\n<p style=\"font-weight: 400;\">El jefe comunal de Lavalle, Hugo Perrotta, en relaci\u00f3n a la mesa de trabajo, el encuentro con otros intendentes de la regi\u00f3n, se\u00f1al\u00f3: \u201cComo municipio chico tenemos otras caracter\u00edsticas distintas a los otros municipios, sin dejar de mencionar que estamos trabajando en la modernizaci\u00f3n del estado, la digitalizaci\u00f3n en muchas \u00e1reas, dejando el uso del papel, un proyecto a futuro con un programa de crecimiento ordenado. Es una herramienta fundamental para este objetivo\u201d.<\/p>\n<p style=\"font-weight: 400;\">\n<p style=\"font-weight: 400;\">UNA LOCALIDAD EN CRECIMIENTO<\/p>\n<p style=\"font-weight: 400;\">Perrotta indic\u00f3: \u201cLavalle es uno de los municipios que m\u00e1s creci\u00f3 en la provincia, un 38% sobre el 22% promedio a nivel provincial, esto nos hace pensar en un abanico grande de posibilidades en funci\u00f3n del crecimiento en lo poblacional, productivo e inmobiliario, sin desentender las cuestiones propias de la municipalidad\u201d.<\/p>\n<p style=\"font-weight: 400;\">\n<p style=\"font-weight: 400;\">ADQUIRIR CONOCIMIENTOS<\/p>\n<p style=\"font-weight: 400;\">Finalmente, el intendente de Lavalle Hugo Perrotta asegur\u00f3: \u201cNosotros venimos a aprender, m\u00e1s que aportar por el perfil de nuestra municipalidad, compartiendo las experiencias en lo que venimos desarrollando, pero la principal idea es adaptar acciones e ideas que ya est\u00e1n implementadas con certeza, seguridad y \u00e9xito\u201d.<\/p>\n<p style=\"font-weight: 400;\"><img loading=\"lazy\" decoding=\"async\" class=\"wp-image-23960 alignleft\" src=\"https:\/\/radiobitacora.com.ar\/web\/wp-content\/uploads\/2025\/06\/MODERNIZACION-DE-MUNICIPIOS-5-INTENDENTE-SAN-ISIDRO-CARLOS-MARTINEZ.jpg\" alt=\"\" width=\"356\" height=\"275\" srcset=\"https:\/\/radiobitacora.com.ar\/web\/wp-content\/uploads\/2025\/06\/MODERNIZACION-DE-MUNICIPIOS-5-INTENDENTE-SAN-ISIDRO-CARLOS-MARTINEZ.jpg 1378w, https:\/\/radiobitacora.com.ar\/web\/wp-content\/uploads\/2025\/06\/MODERNIZACION-DE-MUNICIPIOS-5-INTENDENTE-SAN-ISIDRO-CARLOS-MARTINEZ-696x538.jpg 696w, https:\/\/radiobitacora.com.ar\/web\/wp-content\/uploads\/2025\/06\/MODERNIZACION-DE-MUNICIPIOS-5-INTENDENTE-SAN-ISIDRO-CARLOS-MARTINEZ-1068x826.jpg 1068w, https:\/\/radiobitacora.com.ar\/web\/wp-content\/uploads\/2025\/06\/MODERNIZACION-DE-MUNICIPIOS-5-INTENDENTE-SAN-ISIDRO-CARLOS-MARTINEZ-543x420.jpg 543w\" sizes=\"auto, (max-width: 356px) 100vw, 356px\" \/><\/p>\n<p style=\"font-weight: 400;\">INTENDENTE DE SAN ISIDRO<\/p>\n<p style=\"font-weight: 400;\">\u201cEs un desaf\u00edo modernizar nuestra municipalidad; tenemos un gran potencial en el turismo con la Reserva Ysor\u00f3 y el r\u00edo Corriente\u201d, consider\u00f3 el jefe comunal de San Isidro Carlos Mart\u00ednez.<\/p>\n<p style=\"font-weight: 400;\">\n<p style=\"font-weight: 400;\">IMPORTANCIA DE LA PARTICIPACI\u00d3N JUNTO A OTROS MUNICIPIOS<\/p>\n<p style=\"font-weight: 400;\">El intendente de San Isidro dej\u00f3 las siguientes consideraciones sobre el encuentro de modernizaci\u00f3n: \u201cEs importante la participaci\u00f3n porque la modernizaci\u00f3n es necesaria, con la incorporaci\u00f3n de la tecnolog\u00eda. Como municipio chico nos interesa porque precisamos capacitar a nuestros j\u00f3venes, estamos seguros que la experiencia de los otros municipios aporta. En ese camino estamos, uno de los hechos para marcar es la instalaci\u00f3n de Cajero Autom\u00e1tico en nuestra jurisdicci\u00f3n\u201d.<\/p>\n<p style=\"font-weight: 400;\">\n<p style=\"font-weight: 400;\">POTENCIAL TUR\u00cdSTICO<\/p>\n<p style=\"font-weight: 400;\">\u201cTenemos mucho potencial, nuestro municipio est\u00e1 comprendido por 22 parajes, el turismo es el gran desaf\u00edo de generar recursos, oportunidades. La Reserva Ysoro, compartiendo con Goya, el r\u00edo Corriente, (son alternativas) \u00a0para trabajar, capacitarse, y ofrecer mejores servicios\u201d, coment\u00f3.<\/p>\n<p style=\"font-weight: 400;\">\n<p style=\"font-weight: 400;\">LLAMADO A ELECCIONES<\/p>\n<p style=\"font-weight: 400;\">Finalmente, el intendente de San Isidro Carlos Mart\u00ednez, se\u00f1al\u00f3: \u201cNos hemos adherido al decreto provincial para el 31 de agosto, el llamado a elecciones, primera elecci\u00f3n que coincidimos con la provincia. Estamos trabajando para seguir en esta l\u00ednea en el pr\u00f3ximo periodo, apoyados por el Gobierno de la Provincia, para poder continuar en esta manera de seguir juntos para buscar el avance y crecimiento de San Isidro\u201d.<\/p>\n<p style=\"font-weight: 400;\">\n<p style=\"font-weight: 400;\">Direcci\u00f3n de Prensa-Municipalidad de Goya<\/p>\n","protected":false},"excerpt":{"rendered":"<p>Goya, sede de la Mesa de Trabajo, cont\u00f3 con la presencia y participaci\u00f3n de los intendentes de la regi\u00f3n. Organizado por el Instituto Provincial de Estad\u00edstica y Ciencia de Datos, en colaboraci\u00f3n con TELCO del Gobierno de Corrientes, en el nuevo edificio de la Usina del Conocimiento se realiz\u00f3 la jornada junto a intendentes de [&hellip;]<\/p>\n","protected":false},"author":2,"featured_media":23961,"comment_status":"closed","ping_status":"closed","sticky":false,"template":"","format":"standard","meta":{"footnotes":""},"categories":[1],"tags":[],"class_list":{"0":"post-23957","1":"post","2":"type-post","3":"status-publish","4":"format-standard","5":"has-post-thumbnail","7":"category-sin-categoria"},"_links":{"self":[{"href":"https:\/\/radiobitacora.com.ar\/web\/wp-json\/wp\/v2\/posts\/23957","targetHints":{"allow":["GET"]}}],"collection":[{"href":"https:\/\/radiobitacora.com.ar\/web\/wp-json\/wp\/v2\/posts"}],"about":[{"href":"https:\/\/radiobitacora.com.ar\/web\/wp-json\/wp\/v2\/types\/post"}],"author":[{"embeddable":true,"href":"https:\/\/radiobitacora.com.ar\/web\/wp-json\/wp\/v2\/users\/2"}],"replies":[{"embeddable":true,"href":"https:\/\/radiobitacora.com.ar\/web\/wp-json\/wp\/v2\/comments?post=23957"}],"version-history":[{"count":0,"href":"https:\/\/radiobitacora.com.ar\/web\/wp-json\/wp\/v2\/posts\/23957\/revisions"}],"wp:featuredmedia":[{"embeddable":true,"href":"https:\/\/radiobitacora.com.ar\/web\/wp-json\/wp\/v2\/media\/23961"}],"wp:attachment":[{"href":"https:\/\/radiobitacora.com.ar\/web\/wp-json\/wp\/v2\/media?parent=23957"}],"wp:term":[{"taxonomy":"category","embeddable":true,"href":"https:\/\/radiobitacora.com.ar\/web\/wp-json\/wp\/v2\/categories?post=23957"},{"taxonomy":"post_tag","embeddable":true,"href":"https:\/\/radiobitacora.com.ar\/web\/wp-json\/wp\/v2\/tags?post=23957"}],"curies":[{"name":"wp","href":"https:\/\/api.w.org\/{rel}","templated":true}]}}